{"id":223233,"date":"2026-08-27T16:04:13","date_gmt":"2026-08-27T16:04:13","guid":{"rendered":"https:\/\/www.europesays.com\/hu\/223233\/"},"modified":"2026-08-27T16:04:13","modified_gmt":"2026-08-27T16:04:13","slug":"nehez-most-megszolalni-mondta-sirva-a-magyar-kajakos-miutan-a-noi-negyes-lemaradt-a-vb-dontorol","status":"publish","type":"post","link":"https:\/\/www.europesays.com\/hu\/223233\/","title":{"rendered":"&#8222;Neh\u00e9z most megsz\u00f3lalni&#8221; \u2013 mondta s\u00edrva a magyar kajakos, miut\u00e1n a n\u0151i n\u00e9gyes lemaradt a vb-d\u00f6nt\u0151r\u0151l"},"content":{"rendered":"<p>A kenus Fejes D\u00e1niel k\u00f6z\u00e9pfutam\u00e1t megnyerve biztos\u00edtotta a hely\u00e9t a szombati d\u00f6nt\u0151ben 1000 m\u00e9teren a poznani gyorsas\u00e1gi \u00e9s para kajak-kenu vil\u00e1gbajnoks\u00e1gon. D\u00f6nt\u0151s a f\u00e9rfi kajakn\u00e9gyes is 500 m\u00e9teren, a n\u0151i egys\u00e9g azonban csak a B fin\u00e1l\u00e9ban sz\u00e1llhat v\u00edzre.<\/p>\n<p>A cs\u00fct\u00f6rt\u00f6k d\u00e9lut\u00e1ni k\u00f6z\u00e9pfutamok mindegyik\u00e9ben az els\u0151 h\u00e1rom hely \u00e9rt d\u00f6nt\u0151t, \u00edrja az MTI. A n\u0151i kajakn\u00e9gyes szerd\u00e1n egy harmadik hellyel kezdett az el\u0151futamban, ami most is el\u00e9g lett volna a tov\u00e1bbjut\u00e1shoz \u2013 ez\u00fattal azonban nem j\u00f6tt \u00f6ssze, ami egyben azt jelentette, hogy a fiatal egys\u00e9g utols\u00f3 p\u00e1ly\u00e1ja a B d\u00f6nt\u0151 lesz a vb-n. A Kisk\u00f3 R\u00e9ka, Szegedi Angelina, Decsi Dorina \u00e9s M\u00e9sz\u00e1ros Anna alkotta, m\u00e9g U23-as versenyz\u0151kb\u0151l \u00e1ll\u00f3 egy\u00fcttes nagy csat\u00e1t v\u00edvott a k\u00f6z\u00e9pfutamban az ausztr\u00e1lokkal, a h\u00e1zigazda lengyelekkel, a d\u00e1nokkal \u00e9s a franci\u00e1kkal, de hi\u00e1ba hajr\u00e1zott j\u00f3l, v\u00e9g\u00fcl csak a negyedik helyen \u00e9rt c\u00e9lba. Az egys\u00e9g id\u00e9n mindh\u00e1rom vil\u00e1gkup\u00e1t a negyedik, az Eb-t pedig az \u00f6t\u00f6dik helyen z\u00e1rta, \u00edgy a csapattagok \u00e9rthet\u0151en rendk\u00edv\u00fcl csal\u00f3dottak voltak a futam ut\u00e1n.<\/p>\n<p>M\u00e9g nem tudtam v\u00e9giggondolni, hogy mi hi\u00e1nyzott. Neh\u00e9z most megsz\u00f3lalni. Az \u00f6sszes idei vil\u00e1gversenyen d\u00f6nt\u0151s\u00f6k voltunk, sz\u00f3val ez most egy f\u00e1j\u00f3 pont<\/p>\n<p>\u2013 fogalmazott k\u00f6nnyeivel k\u00fcszk\u00f6dve a vez\u00e9revez\u0151s Kisk\u00f3 R\u00e9ka.<\/p>\n<p>M\u00e9sz\u00e1ros Anna hozz\u00e1tette, nagyon sajn\u00e1lj\u00e1k, hogy nem siker\u00fclt bejutniuk az A d\u00f6nt\u0151be, ezzel egy\u00fctt a B d\u00f6nt\u0151nek \u201enekifesz\u00fclnek\u201d \u00e9s megpr\u00f3b\u00e1lnak min\u00e9l jobb helyez\u00e9st el\u00e9rni.<\/p>\n<p>Fejes D\u00e1niel azon gondolkodott, t\u00falzottan bekezdett<\/p>\n<p>Fejes D\u00e1nielt az 1000 m\u00e9ter m\u00e1sodik futam\u00e1ban sz\u00f3l\u00edtott\u00e1k rajthoz, amelyben rajta k\u00edv\u00fcl ott volt t\u00f6bbek k\u00f6z\u00f6tt Toki\u00f3 bajnoka, a brazil Isaquias Guimaraes Queiroz \u00e9s az oroszok men\u0151je, Zahar Petrov is. A rajt ut\u00e1n ez a h\u00e1rom versenyz\u0151 ell\u00e9pett a t\u00f6bbiekt\u0151l, a boly \u00e9l\u00e9re az MTK 26 \u00e9ves kenusa \u00e1llt. Az el\u0151futamban m\u00e1sodik Fejes remek\u00fcl lap\u00e1tolt, f\u00e9lt\u00e1vn\u00e1l \u00e9s 750 m\u00e9tern\u00e9l is tiszt\u00e1n vezetett, \u00e9s az el\u0151ny\u00e9t eg\u00e9szen a c\u00e9lig siker\u00fclt meg\u0151riznie, s\u0151t m\u00e9g n\u00f6velnie is. A m\u00e1sodik helyen be\u00e9r\u0151 d\u00e9l-amerikai mintegy m\u00e1sf\u00e9l haj\u00f3s h\u00e1tr\u00e1nnyal z\u00e1rt.<\/p>\n<p><img loading=\"lazy\" decoding=\"async\" class=\"alignnone size-full wp-image-4805283\" src=\"https:\/\/www.europesays.com\/hu\/wp-content\/uploads\/2026\/08\/fejes-daniel.jpg\" alt=\"Fejes D\u00e1niel a kajak-kenu vil\u00e1gbajnoks\u00e1g f\u00e9rfi kenu egyes 1000 m\u00e9teres sz\u00e1m\u00e1nak k\u00f6z\u00e9pfutama ut\u00e1n Poznanban 2026. augusztus 27-\u00e9n.\" width=\"1000\" height=\"667\" title=\"\u201eNeh\u00e9z most megsz\u00f3lalni\u201d \u2013 mondta s\u00edrva a magyar kajakos, miut\u00e1n a n\u0151i n\u00e9gyes lemaradt a vb-d\u00f6nt\u0151r\u0151l 1\"  \/>Szigetv\u00e1ry Zsolt \/ MTI<\/p>\n<p>K\u00f6zben megfordult a fejemben, hogy tal\u00e1n baj, hogy ennyivel a t\u00f6bbiek el\u0151tt vagyok. J\u00f3l siker\u00fclt a rajt, j\u00f3l ment a temp\u00f3 \u00e9s folyamatosan figyeltem magam, hogy mi az a sebess\u00e9g, amire majd m\u00e9g tudok ind\u00edtani a v\u00e9g\u00e9n. Szerintem megtal\u00e1ltam<\/p>\n<p>\u2013 mondta az MTI-nek Fejes D\u00e1niel.<\/p>\n<p>Harmadik helyen d\u00f6nt\u0151s a f\u00e9rfi kajakn\u00e9gyes<\/p>\n<p>A N\u00e1das Bence, Fodor Bence, Kurucz Levente, T\u00f3tka S\u00e1ndor \u00f6ssze\u00e1ll\u00edt\u00e1s\u00fa f\u00e9rfi kajakn\u00e9gyes <a target=\"_blank\" href=\"https:\/\/24.hu\/sport\/2026\/06\/13\/kajak-kenu-europa-bajnoksag-kajak-negyes-kohalmi-emese\/\" rel=\"nofollow noopener\">friss Eur\u00f3pa-bajnokk\u00e9nt<\/a> \u00e9rkezett Lengyelorsz\u00e1gba, r\u00e1ad\u00e1sul az eddigi n\u00e9gy verseny\u00e9b\u0151l h\u00e1rmat megnyert id\u00e9n, a brandenburgi vil\u00e1gkup\u00e1n pedig m\u00e1sodik lett. Az egys\u00e9g az els\u0151 p\u00e1ly\u00e1j\u00e1n m\u00e1sodikk\u00e9nt \u00e9rt c\u00e9lba a c\u00edmv\u00e9d\u0151 portug\u00e1lok m\u00f6g\u00f6tt \u00e9s a k\u00f6z\u00e9pfutamban is kapott egy nagy riv\u00e1list, az olimpiai bajnok n\u00e9meteket. Ut\u00f3bbiak haj\u00f3ja v\u00e9gig uralta a versenyt \u00e9s hatalmas el\u0151nnyel nyert, m\u00edg a magyarok a lengyelek m\u00f6g\u00f6tt hajsz\u00e1llal be\u00e9rve, harmadikk\u00e9nt biztos\u00edtott\u00e1k a hely\u00fcket a d\u00f6nt\u0151ben.<\/p>\n","protected":false},"excerpt":{"rendered":"A kenus Fejes D\u00e1niel k\u00f6z\u00e9pfutam\u00e1t megnyerve biztos\u00edtotta a hely\u00e9t a szombati d\u00f6nt\u0151ben 1000 m\u00e9teren a poznani gyorsas\u00e1gi \u00e9s&hellip;\n","protected":false},"author":2,"featured_media":223234,"comment_status":"","ping_status":"","sticky":false,"template":"","format":"standard","meta":{"footnotes":"","_share_on_mastodon":"0"},"categories":[33],"tags":[42660,59708,38,35,37,44,42,40,6656,44245,59709,43,41,34,36,42300,39],"class_list":["post-223233","post","type-post","status-publish","format-standard","has-post-thumbnail","category-hirek","tag-nadas-bence","tag-fejes-daniel","tag-focimek","tag-headlines","tag-hirek","tag-hu","tag-hungarian","tag-hungary","tag-kajak-kenu","tag-kajak-kenu-vb","tag-kisko-reka","tag-magyar","tag-magyarorszag","tag-news","tag-top-stories","tag-totka-sandor","tag-vezeto-hirek"],"share_on_mastodon":{"url":"https:\/\/pubeurope.com\/@hu\/117168325933688264","error":""},"_links":{"self":[{"href":"https:\/\/www.europesays.com\/hu\/wp-json\/wp\/v2\/posts\/223233","targetHints":{"allow":["GET"]}}],"collection":[{"href":"https:\/\/www.europesays.com\/hu\/wp-json\/wp\/v2\/posts"}],"about":[{"href":"https:\/\/www.europesays.com\/hu\/wp-json\/wp\/v2\/types\/post"}],"author":[{"embeddable":true,"href":"https:\/\/www.europesays.com\/hu\/wp-json\/wp\/v2\/users\/2"}],"replies":[{"embeddable":true,"href":"https:\/\/www.europesays.com\/hu\/wp-json\/wp\/v2\/comments?post=223233"}],"version-history":[{"count":0,"href":"https:\/\/www.europesays.com\/hu\/wp-json\/wp\/v2\/posts\/223233\/revisions"}],"wp:featuredmedia":[{"embeddable":true,"href":"https:\/\/www.europesays.com\/hu\/wp-json\/wp\/v2\/media\/223234"}],"wp:attachment":[{"href":"https:\/\/www.europesays.com\/hu\/wp-json\/wp\/v2\/media?parent=223233"}],"wp:term":[{"taxonomy":"category","embeddable":true,"href":"https:\/\/www.europesays.com\/hu\/wp-json\/wp\/v2\/categories?post=223233"},{"taxonomy":"post_tag","embeddable":true,"href":"https:\/\/www.europesays.com\/hu\/wp-json\/wp\/v2\/tags?post=223233"}],"curies":[{"name":"wp","href":"https:\/\/api.w.org\/{rel}","templated":true}]}}