{"id":223344,"date":"2026-08-27T17:57:10","date_gmt":"2026-08-27T17:57:10","guid":{"rendered":"https:\/\/www.europesays.com\/hu\/223344\/"},"modified":"2026-08-27T17:57:10","modified_gmt":"2026-08-27T17:57:10","slug":"telex-nyomoz-a-rendorseg-hogy-orban-apja-tularazva-adott-e-kovet-meszaros-lorinc-cegenek","status":"publish","type":"post","link":"https:\/\/www.europesays.com\/hu\/223344\/","title":{"rendered":"Telex: Nyomoz a rend\u0151rs\u00e9g, hogy Orb\u00e1n apja t\u00fal\u00e1razva adott-e k\u00f6vet M\u00e9sz\u00e1ros L\u0151rinc c\u00e9g\u00e9nek"},"content":{"rendered":"<p>H\u0171tlen kezel\u00e9s gyan\u00faj\u00e1val nyomoz a Budapesti Rend\u0151r-f\u0151kapit\u00e1nys\u00e1g Orb\u00e1n Gy\u0151z\u0151 \u00e9s M\u00e9sz\u00e1ros L\u0151rinc c\u00e9gei k\u00f6z\u00f6tti szerz\u0151d\u00e9sekkel kapcsolatban \u2013 \u00edrja a BRFK k\u00f6zl\u00e9se alapj\u00e1n a <a href=\"https:\/\/444.hu\/2026\/08\/27\/hutlen-kezeles-gyanujaval-nyomoz-a-rendorseg-az-orban-gyozo-es-meszaros-lorinc-cege-kozott-kotott-szerzodesek-miatt\" target=\"_blank\" rel=\"nofollow noopener\">444.hu<\/a>. A rend\u0151rs\u00e9g azt akarja kider\u00edteni, hogy t\u00e9nyleg t\u00fal\u00e1razva adott-e el Orb\u00e1n apj\u00e1nak c\u00e9ge, a Dolomit Kft. az \u00e1llami p\u00e9nzb\u0151l \u00e9p\u00fcl\u0151 M1-es aut\u00f3p\u00e1lya b\u0151v\u00edt\u00e9s\u00e9hez a M\u00e9sz\u00e1ros-f\u00e9le V-H\u00edd Zrt.-nek.<\/p>\n<p>A 444.hu m\u00e9g m\u00e1rciusban sz\u00e1molt be arr\u00f3l, hogy <a href=\"https:\/\/telex.hu\/gazdasag\/2026\/03\/24\/m1-felujitas-orban-gyozo-dolomit-kft-v-hid\" class=\"\" rel=\"nofollow noopener\" target=\"_blank\">Orb\u00e1n Gy\u0151z\u0151 b\u00e1ny\u00e1ib\u00f3l az M1-es aut\u00f3p\u00e1lya b\u0151v\u00edt\u00e9s\u00e9hez sz\u00e1ll\u00edtanak k\u00f6veket kamionok<\/a>. Az aut\u00f3p\u00e1lya \u00e9p\u00edt\u00e9s\u00e9t a M\u00e9sz\u00e1ros L\u0151rinc c\u00e9gcsoportj\u00e1ba tartoz\u00f3 V-H\u00edd v\u00e9gzi, a megb\u00edz\u00f3 pedig az aut\u00f3p\u00e1lya \u00fczemeltet\u00e9s\u00e9nek koncesszi\u00f3j\u00e1t az \u00e1llamt\u00f3l elnyer\u0151, szint\u00e9n M\u00e9sz\u00e1ros L\u0151rinc \u00e9s Szijj L\u00e1szl\u00f3 \u00e9rdekelts\u00e9g\u00e9be tartoz\u00f3 MKIF Magyar Koncesszi\u00f3s Infrastrukt\u00fara Fejleszt\u0151 Zrt. Az MKIF viszont az aut\u00f3p\u00e1ly\u00e1k fenntart\u00e1s\u00e1hoz jelent\u0151s \u00f6sszegeket kap az \u00e1llamt\u00f3l, Vit\u00e9zy D\u00e1vid k\u00f6zleked\u00e9si miniszter 1000 milli\u00e1rdos \u00f6sszegr\u0151l besz\u00e9lt, <a href=\"https:\/\/telex.hu\/gazdasag\/2026\/07\/02\/autopalya-koncesszio-szerzodes-felbontasa-leallitas-nemeth-tamas\" class=\"\" rel=\"nofollow noopener\" target=\"_blank\">a koncesszi\u00f3s c\u00e9g szerint ink\u00e1bb csak 680 milli\u00e1rdr\u00f3l van sz\u00f3<\/a>, de biztos, hogy nagy \u00f6sszeg \u00e9s biztos, hogy k\u00f6zp\u00e9nz.<\/p>\n<p>J\u00faniusban azt\u00e1n Hadh\u00e1zy \u00c1kos volt f\u00fcggetlen orsz\u00e1ggy\u0171l\u00e9si k\u00e9pvisel\u0151 arr\u00f3l \u00edrt a <a href=\"https:\/\/www.facebook.com\/hadhazyakos\/posts\/1555688752586080?ref=embed_post\" target=\"_blank\" rel=\"nofollow noopener\">Facebook-oldal\u00e1n<\/a>, hogy eljutottak hozz\u00e1 szerz\u0151d\u00e9sek, amelyek szerint a Dolomit Kft. a piaci \u00e1rn\u00e1l dr\u00e1g\u00e1bban adta el a k\u00f6vet a V-H\u00eddnak az \u00e9p\u00edtkez\u00e9shez. Hadh\u00e1zy szerint egyes term\u00e9keket k\u00e9tszer olyan dr\u00e1g\u00e1n adtak el M\u00e9sz\u00e1rosnak, mint ami a nyilv\u00e1nos \u00e1rlist\u00e1jukon szerepel.<\/p>\n<p>Hadh\u00e1zy bejegyz\u00e9se ut\u00e1n Ligeti Mikl\u00f3s, a Transparency International jogi igazgat\u00f3ja h\u0171tlen kezel\u00e9s gyan\u00faja miatt tett feljelent\u00e9st, mert ugyan sz\u00e1ml\u00e1k n\u00e9lk\u00fcl neh\u00e9z meg\u00e1llap\u00edtani, hogy t\u00e9nyleg t\u00f6rt\u00e9nt-e t\u00fal\u00e1raz\u00e1s, de ha igen, ha k\u00f6zp\u00e9nzb\u0151l a piaci \u00e1rn\u00e1l dr\u00e1g\u00e1bban vettek k\u00f6vet, akkor vagyoni h\u00e1tr\u00e1ny keletkezett a k\u00f6zvagyonban. A TI ismeretlen tettes ellen tett feljelent\u00e9st.<\/p>\n<p>Az <a href=\"https:\/\/telex.hu\/gazdasag\/2026\/07\/29\/orban-csalad-cegek-bevetel\" class=\"\" rel=\"nofollow noopener\" target=\"_blank\">Orb\u00e1n csal\u00e1d \u00e1ltal k\u00f6zvetlen\u00fcl tulajdonolt c\u00e9gek tavaly 3 milli\u00e1rd forint nyeres\u00e9get<\/a> termeltek a tulajdonosaiknak, aminek a nagy r\u00e9sz\u00e9t osztal\u00e9k form\u00e1j\u00e1ban ki is vettek.<\/p>\n","protected":false},"excerpt":{"rendered":"H\u0171tlen kezel\u00e9s gyan\u00faj\u00e1val nyomoz a Budapesti Rend\u0151r-f\u0151kapit\u00e1nys\u00e1g Orb\u00e1n Gy\u0151z\u0151 \u00e9s M\u00e9sz\u00e1ros L\u0151rinc c\u00e9gei k\u00f6z\u00f6tti szerz\u0151d\u00e9sekkel kapcsolatban \u2013 \u00edrja&hellip;\n","protected":false},"author":2,"featured_media":223345,"comment_status":"","ping_status":"","sticky":false,"template":"","format":"standard","meta":{"footnotes":"","_share_on_mastodon":"0"},"categories":[6],"tags":[34324,16996,63,44,42,40,5720,43,41,2949,27996,1511,16994,31560,2950],"class_list":["post-223344","post","type-post","status-publish","format-standard","has-post-thumbnail","category-magyarorszag","tag-autopalya-koncesszio","tag-dolomit-kft","tag-gazdasag","tag-hu","tag-hungarian","tag-hungary","tag-hutlen-kezeles","tag-magyar","tag-magyarorszag","tag-meszaros-lorinc","tag-mkif-zrt","tag-nyomozas","tag-orban-gyozo","tag-tularazas","tag-v-hid"],"share_on_mastodon":{"url":"https:\/\/pubeurope.com\/@hu\/117168769739285953","error":""},"_links":{"self":[{"href":"https:\/\/www.europesays.com\/hu\/wp-json\/wp\/v2\/posts\/223344","targetHints":{"allow":["GET"]}}],"collection":[{"href":"https:\/\/www.europesays.com\/hu\/wp-json\/wp\/v2\/posts"}],"about":[{"href":"https:\/\/www.europesays.com\/hu\/wp-json\/wp\/v2\/types\/post"}],"author":[{"embeddable":true,"href":"https:\/\/www.europesays.com\/hu\/wp-json\/wp\/v2\/users\/2"}],"replies":[{"embeddable":true,"href":"https:\/\/www.europesays.com\/hu\/wp-json\/wp\/v2\/comments?post=223344"}],"version-history":[{"count":0,"href":"https:\/\/www.europesays.com\/hu\/wp-json\/wp\/v2\/posts\/223344\/revisions"}],"wp:featuredmedia":[{"embeddable":true,"href":"https:\/\/www.europesays.com\/hu\/wp-json\/wp\/v2\/media\/223345"}],"wp:attachment":[{"href":"https:\/\/www.europesays.com\/hu\/wp-json\/wp\/v2\/media?parent=223344"}],"wp:term":[{"taxonomy":"category","embeddable":true,"href":"https:\/\/www.europesays.com\/hu\/wp-json\/wp\/v2\/categories?post=223344"},{"taxonomy":"post_tag","embeddable":true,"href":"https:\/\/www.europesays.com\/hu\/wp-json\/wp\/v2\/tags?post=223344"}],"curies":[{"name":"wp","href":"https:\/\/api.w.org\/{rel}","templated":true}]}}