{"id":223385,"date":"2026-08-27T18:40:10","date_gmt":"2026-08-27T18:40:10","guid":{"rendered":"https:\/\/www.europesays.com\/hu\/223385\/"},"modified":"2026-08-27T18:40:10","modified_gmt":"2026-08-27T18:40:10","slug":"szoboszlaiek-az-atleticoval-vargaek-a-real-madriddal-kerultek-ossze-igy-sorsoltak-a-bajnokok-ligajaban","status":"publish","type":"post","link":"https:\/\/www.europesays.com\/hu\/223385\/","title":{"rendered":"Szoboszlai\u00e9k az Atl\u00e9tic\u00f3val, Varg\u00e1\u00e9k a Real Madriddal ker\u00fcltek \u00f6ssze \u2013 \u00edgy sorsoltak a Bajnokok Lig\u00e1j\u00e1ban"},"content":{"rendered":"<p>Olyanra lehet p\u00e9lda a mostani Bajnokok Lig\u00e1j\u00e1ban, amire eddig m\u00e9g nem: <a target=\"_blank\" href=\"https:\/\/24.hu\/sport\/foci\/2026\/08\/27\/bajnokok-ligaja-alapszakasz-36-csapata\/\" rel=\"nofollow noopener\">h\u00e9t magyar labdar\u00fag\u00f3 is<\/a> p\u00e1ly\u00e1ra l\u00e9phet a sorozatban.<\/p>\n<p>Ott van a f\u0151t\u00e1bl\u00e1n ugyanis a Liverpool (Szoboszlai Dominik, Kerkez Milos), az RB Leipzig (Willi Orb\u00e1n), a Galatasaray (Sallai Roland), a Villarreal (Gul\u00e1csi P\u00e9ter) \u00e9s az AEK Ath\u00e9n is (Varga Barnab\u00e1s, Vit\u00e1lis Mil\u00e1n) is. A t\u00f6bbi k\u00f6zt ezek a csapatok kaptak ellenfelet a cs\u00fct\u00f6rt\u00f6ki, monac\u00f3i sorsol\u00e1son.<\/p>\n<p>Az els\u0151 kalap csapataival indult a sorsol\u00e1s, a Real Madrid pedig r\u00f6gt\u00f6n \u00f6sszeker\u00fclt k\u00e9t magyar \u00e9rdekelts\u00e9g\u0171 csapattal, az AEK-kel \u00e9s a Lipcs\u00e9vel. Ugyanez a k\u00e9t egy\u00fcttes a Manchester Cityvel is tal\u00e1lkozik majd a ligaszakaszban.<\/p>\n<p>A Liverpool az els\u0151 kalapos riv\u00e1lisok k\u00f6z\u00fcl az olasz Internazional\u00e9t \u00e9s az Atl\u00e9tico Madridot kapt\u00e1k.<\/p>\n<p>A Galatasaray a Barcelon\u00e1val \u00e9s a c\u00edmv\u00e9d\u0151 PSG-vel, a Villarreal szint\u00e9n a p\u00e1rizsiakkal, valamint a Liverpoollal ker\u00fclt \u00f6ssze az els\u0151 kalapb\u00f3l.<\/p>\n<p>A Liverpool ellenfelei: Atl\u00e9tico Madrid, Internazionale, Porto, Club Brugge, Villarreal, Fenerbahce, Lens, LASK<br \/>\nA Villarreal ellenfelei: PSG, Liverpool, Manchester United, Borussia Dortmund, Napoli, Fenerbahce, Szabah, Slavia Praha<br \/>\nAz RB Leipzig ellenfelei: Manchester City, Real Madrid, PSV, Manchester United, Sahtar Donyeck, Feyenoord, Lens, Como<br \/>\nA Galatasaray ellenfelei: Barcelona, PSG, Aston Villa, Sporting, Feyenoord, Lille, Stuttgart, AEK Ath\u00e9n<br \/>\nAz AEK Ath\u00e9n ellenfelei: Real Madrid, Manchester City, AS Roma, Borussia Dortmund, Galatasaray, Sahtar, LASK, Como<\/p>\n<p>Ez m\u00e9g nem a v\u00e9gleges sorrendje az ellenfeleknek, a teljes menetrendet majd szombaton ismerj\u00fck meg.<\/p>\n<p>Az els\u0151 kalapos csapatok sorsol\u00e1sa:<\/p>\n<p dir=\"ltr\" lang=\"en\">\u2705 Home and away opponents for Pot 1 teams \ud83c\udfe0\u2708\ufe0f<a target=\"_blank\" href=\"https:\/\/x.com\/hashtag\/UCLdraw?src=hash&amp;ref_src=twsrc%5Etfw\" rel=\"nofollow\">#UCLdraw<\/a> <a target=\"_blank\" href=\"https:\/\/t.co\/OKyCVzJAJR\" rel=\"nofollow\">pic.twitter.com\/OKyCVzJAJR<\/a><\/p>\n<p>\u2014 UEFA Champions League (@ChampionsLeague) <a target=\"_blank\" href=\"https:\/\/x.com\/ChampionsLeague\/status\/2093031667040416209?ref_src=twsrc%5Etfw\" rel=\"nofollow\">August 27, 2026<\/a><\/p>\n<p>A m\u00e1sodik kalapos csapatok sorsol\u00e1sa:<\/p>\n<p dir=\"ltr\" lang=\"en\">\u2705 Home and away opponents for Pot 2 teams \ud83c\udfe0\u2708\ufe0f<a target=\"_blank\" href=\"https:\/\/x.com\/hashtag\/UCLdraw?src=hash&amp;ref_src=twsrc%5Etfw\" rel=\"nofollow\">#UCLdraw<\/a> <a target=\"_blank\" href=\"https:\/\/t.co\/q5277acNfH\" rel=\"nofollow\">pic.twitter.com\/q5277acNfH<\/a><\/p>\n<p>\u2014 UEFA Champions League (@ChampionsLeague) <a target=\"_blank\" href=\"https:\/\/x.com\/ChampionsLeague\/status\/2093032228854886636?ref_src=twsrc%5Etfw\" rel=\"nofollow\">August 27, 2026<\/a><\/p>\n<p>A harmadik kalapos csapatok sorsol\u00e1sa:<\/p>\n<p dir=\"ltr\" lang=\"en\">\u2705 Home and away opponents for Pot 3 teams \ud83c\udfe0\u2708\ufe0f<a target=\"_blank\" href=\"https:\/\/x.com\/hashtag\/UCLdraw?src=hash&amp;ref_src=twsrc%5Etfw\" rel=\"nofollow\">#UCLdraw<\/a> <a target=\"_blank\" href=\"https:\/\/t.co\/1PB1V7ePCN\" rel=\"nofollow\">pic.twitter.com\/1PB1V7ePCN<\/a><\/p>\n<p>\u2014 UEFA Champions League (@ChampionsLeague) <a target=\"_blank\" href=\"https:\/\/x.com\/ChampionsLeague\/status\/2093033033389523038?ref_src=twsrc%5Etfw\" rel=\"nofollow\">August 27, 2026<\/a><\/p>\n<p>A negyedik kalapos csapatok sorsol\u00e1sa:<\/p>\n<p dir=\"ltr\" lang=\"en\">\u2705 Home and away opponents for Pot 4 teams \ud83c\udfe0\u2708\ufe0f<a target=\"_blank\" href=\"https:\/\/x.com\/hashtag\/UCLdraw?src=hash&amp;ref_src=twsrc%5Etfw\" rel=\"nofollow\">#UCLdraw<\/a> <a target=\"_blank\" href=\"https:\/\/t.co\/z3I2T9MWlK\" rel=\"nofollow\">pic.twitter.com\/z3I2T9MWlK<\/a><\/p>\n<p>\u2014 UEFA Champions League (@ChampionsLeague) <a target=\"_blank\" href=\"https:\/\/x.com\/ChampionsLeague\/status\/2093033639160234223?ref_src=twsrc%5Etfw\" rel=\"nofollow\">August 27, 2026<\/a><\/p>\n<p>Minden klub a n\u00e9gy kalapb\u00f3l k\u00e9t-k\u00e9t ellenfelet kap, az egyikkel otthon, a m\u00e1sikkal idegenben tal\u00e1lkozik a nyolcfordul\u00f3s alapszakaszban. Az els\u0151 nyolc helyezett k\u00f6zvetlen\u00fcl a nyolcadd\u00f6nt\u0151be jut, a 9-24. helyezettek pedig oda-visszav\u00e1g\u00f3s p\u00e1rharcban k\u00fczdhetnek meg a 16 k\u00f6z\u00e9 jut\u00e1s\u00e9rt, m\u00edg az utols\u00f3 12 csapat kiesik.<\/p>\n<p>A r\u00e1j\u00e1tsz\u00e1s meccseire febru\u00e1r 16-17-\u00e9n \u00e9s 23-24-\u00e9n ker\u00fcl sor. A nyolcadd\u00f6nt\u0151s p\u00e1rharcokat m\u00e1rcius 9-10-\u00e9n \u00e9s 16-17-\u00e9n, a negyedd\u00f6nt\u0151ket \u00e1prilis 6-7-\u00e9n \u00e9s 13-14-\u00e9n rendezik, az el\u0151d\u00f6nt\u0151ket pedig \u00e1prilis 27-28-\u00e1n \u00e9s m\u00e1jus 4-5-\u00e9n j\u00e1tssz\u00e1k. A Bajnokok Lig\u00e1ja d\u00f6nt\u0151j\u00e9t j\u00fanius 5-\u00e9n a madridi Metropolitano Stadionban rendezik.<\/p>\n<p>A d\u00f6nt\u0151t ebben a szezonban az Atl\u00e9tico Madrid stadionj\u00e1ban rendezik.<\/p>\n<p>\t\t<script async src=\"https:\/\/platform.twitter.com\/widgets.js\" charset=\"utf-8\"><\/script><\/p>\n","protected":false},"excerpt":{"rendered":"Olyanra lehet p\u00e9lda a mostani Bajnokok Lig\u00e1j\u00e1ban, amire eddig m\u00e9g nem: h\u00e9t magyar labdar\u00fag\u00f3 is p\u00e1ly\u00e1ra l\u00e9phet a&hellip;\n","protected":false},"author":2,"featured_media":223386,"comment_status":"","ping_status":"","sticky":false,"template":"","format":"standard","meta":{"footnotes":"","_share_on_mastodon":"0"},"categories":[33],"tags":[4247,1812,38,12175,35,37,44,42,40,502,1028,43,41,34,59732,1811,36,4248,39],"class_list":["post-223385","post","type-post","status-publish","format-standard","has-post-thumbnail","category-hirek","tag-aek-athen","tag-bajnokok-ligaja","tag-focimek","tag-gulacsi-peter","tag-headlines","tag-hirek","tag-hu","tag-hungarian","tag-hungary","tag-labdarugas","tag-liverpool","tag-magyar","tag-magyarorszag","tag-news","tag-sallari-roland","tag-szoboszlai-dominik","tag-top-stories","tag-varga-barnabas","tag-vezeto-hirek"],"share_on_mastodon":{"url":"https:\/\/pubeurope.com\/@hu\/117168939098195575","error":""},"_links":{"self":[{"href":"https:\/\/www.europesays.com\/hu\/wp-json\/wp\/v2\/posts\/223385","targetHints":{"allow":["GET"]}}],"collection":[{"href":"https:\/\/www.europesays.com\/hu\/wp-json\/wp\/v2\/posts"}],"about":[{"href":"https:\/\/www.europesays.com\/hu\/wp-json\/wp\/v2\/types\/post"}],"author":[{"embeddable":true,"href":"https:\/\/www.europesays.com\/hu\/wp-json\/wp\/v2\/users\/2"}],"replies":[{"embeddable":true,"href":"https:\/\/www.europesays.com\/hu\/wp-json\/wp\/v2\/comments?post=223385"}],"version-history":[{"count":0,"href":"https:\/\/www.europesays.com\/hu\/wp-json\/wp\/v2\/posts\/223385\/revisions"}],"wp:featuredmedia":[{"embeddable":true,"href":"https:\/\/www.europesays.com\/hu\/wp-json\/wp\/v2\/media\/223386"}],"wp:attachment":[{"href":"https:\/\/www.europesays.com\/hu\/wp-json\/wp\/v2\/media?parent=223385"}],"wp:term":[{"taxonomy":"category","embeddable":true,"href":"https:\/\/www.europesays.com\/hu\/wp-json\/wp\/v2\/categories?post=223385"},{"taxonomy":"post_tag","embeddable":true,"href":"https:\/\/www.europesays.com\/hu\/wp-json\/wp\/v2\/tags?post=223385"}],"curies":[{"name":"wp","href":"https:\/\/api.w.org\/{rel}","templated":true}]}}