{"id":223452,"date":"2026-08-27T19:50:08","date_gmt":"2026-08-27T19:50:08","guid":{"rendered":"https:\/\/www.europesays.com\/hu\/223452\/"},"modified":"2026-08-27T19:50:08","modified_gmt":"2026-08-27T19:50:08","slug":"itthon-hutlen-kezeles-gyanujaval-nyomoz-a-rendorseg-orban-gyozo-es-meszaros-lorinc-cegei-utan","status":"publish","type":"post","link":"https:\/\/www.europesays.com\/hu\/223452\/","title":{"rendered":"Itthon: H\u0171tlen kezel\u00e9s gyan\u00faj\u00e1val nyomoz a rend\u0151rs\u00e9g Orb\u00e1n Gy\u0151z\u0151 \u00e9s M\u00e9sz\u00e1ros L\u0151rinc c\u00e9gei ut\u00e1n"},"content":{"rendered":"<p>H\u0171tlen kezel\u00e9s gyan\u00faj\u00e1val nyomoz a rend\u0151rs\u00e9g, hogy val\u00f3ban t\u00fal\u00e1razva adta-e a k\u00f6vet Orb\u00e1n Gy\u0151z\u0151 c\u00e9ge, a Dolomit Kft. a M\u00e9sz\u00e1ros L\u0151rinc-f\u00e9le V-H\u00eddnak \u2013 k\u00f6z\u00f6lte <a href=\"https:\/\/444.hu\/2026\/08\/27\/hutlen-kezeles-gyanujaval-nyomoz-a-rendorseg-az-orban-gyozo-es-meszaros-lorinc-cege-kozott-kotott-szerzodesek-miatt\" target=\"_blank\" rel=\"nofollow noopener\">a 444 k\u00e9rd\u00e9s\u00e9re<\/a> a Budapesti Rend\u0151r-f\u0151kapit\u00e1nys\u00e1g.<\/p>\n<p>M\u00e9g j\u00fanius elej\u00e9n posztolt <a href=\"https:\/\/hvg.hu\/gazdasag\/20260603_orban-viktor-apja-orban-gyozo-reakcio-hadhazy-akos-gant-kobanya-m1-tularazas\" target=\"_self\" rel=\"nofollow noopener\">Hadh\u00e1zy \u00c1kos dokumentumokat arr\u00f3l<\/a>, hogy a M\u00e9sz\u00e1ros c\u00e9g 6940 forint plusz \u00e1f\u00e1s tonn\u00e1nk\u00e9nti \u00e1ron v\u00e1s\u00e1rolt z\u00fazott k\u00f6vet Orb\u00e1n Gy\u0151z\u0151 Dolomit Kft.-j\u00e9t\u0151l, mik\u00f6zben a c\u00e9g nyilv\u00e1nos \u00e1rlist\u00e1ja szerint az csak 3175 forint plusz \u00e1f\u00e1ba ker\u00fcl.<\/p>\n<p>Az \u00fcgyet m\u00e9g \u00e9rdekesebb megvil\u00e1g\u00edt\u00e1sba helyezi, hogy a Dolomit Kft. tavaly 5,96 milli\u00e1rd forintos \u00e1rbev\u00e9telt \u00e9rt el, mely \u00f6sszegb\u0151l 4,8 milli\u00e1rd forint sz\u00e1rmazott a V-H\u00edddal az M1-es aut\u00f3p\u00e1lya kib\u0151v\u00edt\u00e9s\u00e9re k\u00f6t\u00f6tt szerz\u0151d\u00e9sb\u0151l.<\/p>\n<p>Hadh\u00e1zy akkor azt is k\u00f6z\u00f6lte, hogy feljelent\u00e9st tett hivatali vissza\u00e9l\u00e9s \u00e9s k\u00f6lts\u00e9gvet\u00e9si csal\u00e1s miatt.<\/p>\n<p>A volt orsz\u00e1ggy\u0171l\u00e9si k\u00e9pvisel\u0151 \u00e1ltal megfogalmazott v\u00e1dakat Orb\u00e1n Gy\u0151z\u0151 tagadta.<\/p>\n<p>A mostani \u00fcgy azonban nem Hadh\u00e1zy feljelent\u00e9s\u00e9nek folyom\u00e1nya, ugyanis ennek az alapj\u00e1t a Transparency International feljelent\u00e9se k\u00e9pezi, a szervezet szint\u00e9n a volt k\u00e9pvisel\u0151 posztja alapj\u00e1n tett feljelent\u00e9st a Legf\u0151bb \u00dcgy\u00e9szs\u00e9gen ismeretlen tettes ellen.<\/p>\n<p>A szervezet jogi vezet\u0151je, Ligeti Mikl\u00f3s a feljelent\u00e9s\u00e9ben le\u00edrta, hogy azt ugyan nem tudj\u00e1k meg\u00e1llap\u00edtani, hogy a V-H\u00edd \u00e1ltal az egys\u00e9g\u00e1rn\u00e1l j\u00f3val dr\u00e1g\u00e1bban v\u00e1s\u00e1rolt k\u0151b\u0151l mennyi jutott az \u00e1llami beruh\u00e1z\u00e1sokra \u00e9s a sz\u00e1ml\u00e1k ismerete n\u00e9lk\u00fcl azt sem lehet kijelenteni, hogy t\u00f6rt\u00e9nt-e egy\u00e1ltal\u00e1n t\u00fal\u00e1raz\u00e1s. Ligeti szerint ugyanakkor a k\u00e9t szerz\u0151d\u00e9s megl\u00e9te gyan\u00fat kelt, \u00e9s ha val\u00f3ban dr\u00e1g\u00e1bban vett\u00e9k k\u00f6zp\u00e9nzen a k\u00f6vet, azzal a k\u00f6zvagyont k\u00e1ros\u00edtott\u00e1k meg. Ez\u00e9rt lett h\u0171tlen kezel\u00e9s a feljelent\u00e9s jogc\u00edme.<\/p>\n<p>K\u00e9p\u00fcnk\u00f6n egy teheraut\u00f3 G\u00e1nt hat\u00e1r\u00e1ban, ahol Orb\u00e1n Gy\u0151z\u0151 Dolomit Kft-je is m\u0171k\u00f6dik. Forr\u00e1s: Fazekas Istv\u00e1n \/ HVG<\/p>\n","protected":false},"excerpt":{"rendered":"H\u0171tlen kezel\u00e9s gyan\u00faj\u00e1val nyomoz a rend\u0151rs\u00e9g, hogy val\u00f3ban t\u00fal\u00e1razva adta-e a k\u00f6vet Orb\u00e1n Gy\u0151z\u0151 c\u00e9ge, a Dolomit Kft.&hellip;\n","protected":false},"author":2,"featured_media":223453,"comment_status":"","ping_status":"","sticky":false,"template":"","format":"standard","meta":{"footnotes":"","_share_on_mastodon":"0"},"categories":[6],"tags":[488,44,42,40,5720,43,41,2949,1511,16994,269,31560],"class_list":["post-223452","post","type-post","status-publish","format-standard","has-post-thumbnail","category-magyarorszag","tag-bunugyek","tag-hu","tag-hungarian","tag-hungary","tag-hutlen-kezeles","tag-magyar","tag-magyarorszag","tag-meszaros-lorinc","tag-nyomozas","tag-orban-gyozo","tag-rendorseg","tag-tularazas"],"share_on_mastodon":{"url":"https:\/\/pubeurope.com\/@hu\/117169214299479229","error":""},"_links":{"self":[{"href":"https:\/\/www.europesays.com\/hu\/wp-json\/wp\/v2\/posts\/223452","targetHints":{"allow":["GET"]}}],"collection":[{"href":"https:\/\/www.europesays.com\/hu\/wp-json\/wp\/v2\/posts"}],"about":[{"href":"https:\/\/www.europesays.com\/hu\/wp-json\/wp\/v2\/types\/post"}],"author":[{"embeddable":true,"href":"https:\/\/www.europesays.com\/hu\/wp-json\/wp\/v2\/users\/2"}],"replies":[{"embeddable":true,"href":"https:\/\/www.europesays.com\/hu\/wp-json\/wp\/v2\/comments?post=223452"}],"version-history":[{"count":0,"href":"https:\/\/www.europesays.com\/hu\/wp-json\/wp\/v2\/posts\/223452\/revisions"}],"wp:featuredmedia":[{"embeddable":true,"href":"https:\/\/www.europesays.com\/hu\/wp-json\/wp\/v2\/media\/223453"}],"wp:attachment":[{"href":"https:\/\/www.europesays.com\/hu\/wp-json\/wp\/v2\/media?parent=223452"}],"wp:term":[{"taxonomy":"category","embeddable":true,"href":"https:\/\/www.europesays.com\/hu\/wp-json\/wp\/v2\/categories?post=223452"},{"taxonomy":"post_tag","embeddable":true,"href":"https:\/\/www.europesays.com\/hu\/wp-json\/wp\/v2\/tags?post=223452"}],"curies":[{"name":"wp","href":"https:\/\/api.w.org\/{rel}","templated":true}]}}