{"id":223885,"date":"2026-08-28T06:28:07","date_gmt":"2026-08-28T06:28:07","guid":{"rendered":"https:\/\/www.europesays.com\/hu\/223885\/"},"modified":"2026-08-28T06:28:07","modified_gmt":"2026-08-28T06:28:07","slug":"hutlen-kezeles-miatt-indult-nyomozas-orban-gyozo-ceges-ugylete-ugyeben-2","status":"publish","type":"post","link":"https:\/\/www.europesays.com\/hu\/223885\/","title":{"rendered":"H\u0171tlen kezel\u00e9s miatt indult nyomoz\u00e1s Orb\u00e1n Gy\u0151z\u0151 c\u00e9ges \u00fcgylete \u00fcgy\u00e9ben"},"content":{"rendered":"<p>H\u0171tlen kezel\u00e9s gyan\u00faj\u00e1val nyomoz a Budapesti Rend\u0151r-F\u0151kapit\u00e1nys\u00e1g az Orb\u00e1n Gy\u0151z\u0151 \u00e9s M\u00e9sz\u00e1ros L\u0151rinc c\u00e9gei k\u00f6z\u00f6tti szerz\u0151d\u00e9s kapcs\u00e1n, mert el\u0151bbi t\u00fal\u00e1razva adhatott el k\u00f6vet alv\u00e1llalkoz\u00f3kon kereszt\u00fcl a V-H\u00eddnak \u2013 <a target=\"_blank\" rel=\"nofollow noopener\" href=\"https:\/\/444.hu\/2026\/08\/27\/hutlen-kezeles-gyanujaval-nyomoz-a-rendorseg-az-orban-gyozo-es-meszaros-lorinc-cege-kozott-kotott-szerzodesek-miatt\">adta h\u00edr\u00fcl<\/a> a 444.<\/p>\n<p>A feljelent\u00e9st a Transparency International tette ismeretlen tettes ellen, Hadh\u00e1zy \u00c1kos exk\u00e9pvisel\u0151 j\u00faniusi <a target=\"_blank\" href=\"https:\/\/www.facebook.com\/hadhazyakos\/posts\/1555688752586080?ref=embed_post\" rel=\"nofollow noopener\">Facebook-posztja<\/a> nyom\u00e1n.<\/p>\n<p>Orb\u00e1n Viktor apj\u00e1nak c\u00e9ge, a Dolomit Kft. v\u00e9lhet\u0151en az M1-es aut\u00f3p\u00e1lya fel\u00faj\u00edt\u00e1sa kapcs\u00e1n \u2013 a piacin\u00e1l magasabb \u00e1ron \u2013 sz\u00e1ll\u00edthatott k\u00f6vet a M\u00e9sz\u00e1ros-f\u00e9le V-H\u00edd alv\u00e1llakoz\u00f3inak, akik az aut\u00f3\u00fat fel\u00faj\u00edt\u00e1s\u00e1t \u00e9s b\u0151v\u00edt\u00e9s\u00e9t v\u00e9gzik.\u00a0<\/p>\n<p>Az \u00e9vekig tart\u00f3 projekt 800 milli\u00e1rd forintba ker\u00fcl, melyre a M\u00e9sz\u00e1ros- \u00e9s Sz\u00edjj-f\u00e9le MKIF Magyar Koncesszi\u00f3s Infrastrukt\u00fara Fejleszt\u0151 Zrt.-vel k\u00f6t\u00f6tt koncesszi\u00f3s szerz\u0151d\u00e9st az \u00e1llam, a kivitelez\u00e9st pedig M\u00e9sz\u00e1ros c\u00e9ge, a V-H\u00edd v\u00e9gzi. A koncesszi\u00f3s szerz\u0151d\u00e9s miatt \u00edgy a beruh\u00e1z\u00e1s gyakorlatilag \u00e1llami p\u00e9nzb\u0151l val\u00f3sulhat meg.<\/p>\n<p>Hadh\u00e1zy azt \u00e1ll\u00edtja, egy hozz\u00e1 eljutott keretszerz\u0151d\u00e9s szerint 2025-ben t\u00f6bb V-H\u00edd \u00e1ltal v\u00e9gzett \u00e1llami \u00e9p\u00edtkez\u00e9shez is sz\u00e1ll\u00edthattak k\u00f6vet Orb\u00e1n\u00e9k b\u00e1ny\u00e1j\u00e1b\u00f3l: az M1-es aut\u00f3p\u00e1lya mellett az iv\u00e1ncsai akkugy\u00e1r vas\u00fat\u00e9p\u00edt\u00e9s\u00e9hez is t\u0151l\u00fck \u00e9rkezett az \u00e9p\u00edt\u0151anyag.<\/p>\n<p>Ezzel a keretszerz\u0151d\u00e9ssel Hadh\u00e1zy szerint csak 2025-ben 4,8 milli\u00e1rd bev\u00e9tele volt Orb\u00e1n\u00e9knak, \u00e9s \u201eaz 1,33 milli\u00e1rdos nyeres\u00e9g nagy r\u00e9sze M\u00e9sz\u00e1rost\u00f3l, azaz az \u00e1llami \u00e9p\u00edtkez\u00e9sekb\u0151l j\u00f6tt, t\u00fal\u00e1razott szerz\u0151d\u00e9sekkel.\u201d<\/p>\n","protected":false},"excerpt":{"rendered":"H\u0171tlen kezel\u00e9s gyan\u00faj\u00e1val nyomoz a Budapesti Rend\u0151r-F\u0151kapit\u00e1nys\u00e1g az Orb\u00e1n Gy\u0151z\u0151 \u00e9s M\u00e9sz\u00e1ros L\u0151rinc c\u00e9gei k\u00f6z\u00f6tti szerz\u0151d\u00e9s kapcs\u00e1n, mert&hellip;\n","protected":false},"author":2,"featured_media":223886,"comment_status":"","ping_status":"","sticky":false,"template":"","format":"standard","meta":{"footnotes":"","_share_on_mastodon":"0"},"categories":[6],"tags":[16996,44,42,40,32233,530,43,41,2949,16994,31560,2951],"class_list":["post-223885","post","type-post","status-publish","format-standard","has-post-thumbnail","category-magyarorszag","tag-dolomit-kft","tag-hu","tag-hungarian","tag-hungary","tag-koncesszio","tag-m1-es-autopalya","tag-magyar","tag-magyarorszag","tag-meszaros-lorinc","tag-orban-gyozo","tag-tularazas","tag-v-hid-zrt"],"share_on_mastodon":{"url":"https:\/\/pubeurope.com\/@hu\/117171723119265303","error":""},"_links":{"self":[{"href":"https:\/\/www.europesays.com\/hu\/wp-json\/wp\/v2\/posts\/223885","targetHints":{"allow":["GET"]}}],"collection":[{"href":"https:\/\/www.europesays.com\/hu\/wp-json\/wp\/v2\/posts"}],"about":[{"href":"https:\/\/www.europesays.com\/hu\/wp-json\/wp\/v2\/types\/post"}],"author":[{"embeddable":true,"href":"https:\/\/www.europesays.com\/hu\/wp-json\/wp\/v2\/users\/2"}],"replies":[{"embeddable":true,"href":"https:\/\/www.europesays.com\/hu\/wp-json\/wp\/v2\/comments?post=223885"}],"version-history":[{"count":0,"href":"https:\/\/www.europesays.com\/hu\/wp-json\/wp\/v2\/posts\/223885\/revisions"}],"wp:featuredmedia":[{"embeddable":true,"href":"https:\/\/www.europesays.com\/hu\/wp-json\/wp\/v2\/media\/223886"}],"wp:attachment":[{"href":"https:\/\/www.europesays.com\/hu\/wp-json\/wp\/v2\/media?parent=223885"}],"wp:term":[{"taxonomy":"category","embeddable":true,"href":"https:\/\/www.europesays.com\/hu\/wp-json\/wp\/v2\/categories?post=223885"},{"taxonomy":"post_tag","embeddable":true,"href":"https:\/\/www.europesays.com\/hu\/wp-json\/wp\/v2\/tags?post=223885"}],"curies":[{"name":"wp","href":"https:\/\/api.w.org\/{rel}","templated":true}]}}