{"id":223891,"date":"2026-08-28T06:36:12","date_gmt":"2026-08-28T06:36:12","guid":{"rendered":"https:\/\/www.europesays.com\/hu\/223891\/"},"modified":"2026-08-28T06:36:12","modified_gmt":"2026-08-28T06:36:12","slug":"index-fomo-toth-vera-kifakadt-a-magyar-vallalkozok-helyzete-miatt-lassan-itt-a-lofsz-vege","status":"publish","type":"post","link":"https:\/\/www.europesays.com\/hu\/223891\/","title":{"rendered":"Index &#8211; FOMO &#8211; T\u00f3th Vera kifakadt a magyar v\u00e1llalkoz\u00f3k helyzete miatt: Lassan itt a l\u00f3f*sz v\u00e9ge"},"content":{"rendered":"<p>T\u00f3th Vera a Facebookon \u00edrt arr\u00f3l, hogy k\u00e9t k\u00fcl\u00f6nb\u00f6z\u0151 vil\u00e1gban, a zen\u00e9ben \u00e9s a vend\u00e9gl\u00e1t\u00e1sban is megtapasztalja a v\u00e1llalkoz\u00f3i l\u00e9t neh\u00e9zs\u00e9geit. Szerinte mik\u00f6zben k\u00edv\u00fclr\u0151l els\u0151sorban a koncertek, a telt h\u00e1z vagy egy hangulatos vend\u00e9gl\u00e1t\u00f3hely l\u00e1tszik, a h\u00e1tt\u00e9rben naponta komoly gazdas\u00e1gi, adminisztrat\u00edv \u00e9s pszichol\u00f3giai akad\u00e1lyokkal kell megk\u00fczdeni.<\/p>\n<p>Az \u00e9nekesn\u0151 k\u00fcl\u00f6n\u00f6sen a vend\u00e9gl\u00e1t\u00e1s terheire t\u00e9rt ki: az ad\u00f3k, j\u00e1rul\u00e9kok, b\u00e9rek, alapanyag- \u00e9s energiak\u00f6lts\u00e9gek ut\u00e1n szerinte egy jelent\u0151s bev\u00e9telb\u0151l is alig maradhat valami.<\/p>\n<p>Mert att\u00f3l, hogy egy v\u00e1llalkoz\u00e1snak mondjuk 20 milli\u00f3 forintos bev\u00e9tele van, m\u00e9g egy\u00e1ltal\u00e1n nem jelenti azt, hogy a tulajdonosa j\u00f3l keresett. Ha 20 milli\u00f3 k\u00f6r\u00fcl van a kiad\u00e1sa is, akkor gyakorlatilag eg\u00e9sz h\u00f3napban az\u00e9rt dolgozott, hogy mindenki m\u00e1st ki tudjon fizetni<\/p>\n<p>\u2013 \u00edrta.<\/p>\n<p>                        \u201eTudom, hogy most volt korm\u00e1nyv\u00e1lt\u00e1s\u201d<\/p>\n<p>T\u00f3th Vera szerint rendszerszint\u0171 seg\u00edts\u00e9gre lenne sz\u00fcks\u00e9g a tisztess\u00e9gesen m\u0171k\u00f6d\u0151 kis- \u00e9s k\u00f6z\u00e9pv\u00e1llalkoz\u00e1sok sz\u00e1m\u00e1ra. Egyebek mellett az ad\u00f3- \u00e9s j\u00e1rul\u00e9kterheken, az energiak\u00f6lts\u00e9geken \u00e9s az adminisztr\u00e1ci\u00f3n k\u00f6nny\u00edtene, a sz\u00f3rakoztat\u00f3iparban pedig visszahozn\u00e1 a kata rendszer\u00e9t.<\/p>\n<p>Term\u00e9szetesen tudom, hogy most volt korm\u00e1nyv\u00e1lt\u00e1s, \u00e9s id\u0151 kell mindennek. De gondoltam, sz\u00f3lok, hogy lassan itt a l\u00f3f*sz v\u00e9ge<\/p>\n<p>\u2013 fogalmazott.<\/p>\n<p>Az \u00e9nekesn\u0151 szem\u00e9lyesebb hangot is meg\u00fct\u00f6tt: arr\u00f3l \u00edrt, hogy a Covid idej\u00e9n \u00e9veket t\u00f6lt\u00f6tt v\u00e1llalkoz\u00e1saik \u00e9s munk\u00e1juk megment\u00e9s\u00e9vel.<\/p>\n<p>Haragszom arra, hogy az \u00e9letemb\u0151l olyan \u00e9veket vitt el ez az eg\u00e9sz, amelyeket senki nem fog nekem visszaadni<\/p>\n<p>\u2013 vallotta be, hozz\u00e1t\u00e9ve, hogy p\u00e9nzt \u00fajra lehet keresni, \u201ede az id\u0151t nem lehet visszatenni.\u201d<\/p>\n<p>T\u00f3th Vera nemr\u00e9g f\u00e9rj\u00e9vel, Pauli Zolt\u00e1nnal \u00faj v\u00e1llalkoz\u00e1sba is kezdett: megnyitott\u00e1k a Ver\u00e1s by Palkonyha p\u00e9ks\u00e9get. Mint arr\u00f3l kor\u00e1bban az Index is besz\u00e1molt, az \u00e9nekesn\u0151 hossz\u00fa t\u00e1vra tervez, k\u00e9s\u0151bb ak\u00e1r franchise-l\u00e1ncot is \u00e9p\u00edtene, \u00e9s terveivel kapcsolatban a C\u00e1p\u00e1k k\u00f6z\u00f6tt befektet\u0151j\u00e9t\u0151l, <a href=\"https:\/\/index.hu\/mindekozben\/poszt\/2026\/07\/12\/toth-vera-pekseg-befektetes-uzleti-tanacs-capak-kozott\/\" id=\"hyperlink_2e7f2b0f9c7d0c1d68cd31d56c80bd6b\" target=\"_blank\" title=\"T\u00f3th Vera a C\u00e1p\u00e1k k\u00f6z\u00f6tt befektet\u0151j\u00e9hez fordult \u00fczleti tan\u00e1cs\u00e9rt, komoly tervei vannak \u00faj p\u00e9ks\u00e9g\u00e9vel\" rel=\"nofollow noopener\">Varga Esztert\u0151l is \u00fczleti tan\u00e1csot k\u00e9rt<\/a>. A p\u00e9ks\u00e9get akkor \u201eigazi szerelemprojektnek\u201d nevezte \u2013 mostani bejegyz\u00e9s\u00e9ben pedig annak nehezebb, v\u00e1llalkoz\u00f3i oldal\u00e1r\u00f3l is besz\u00e9lt.<\/p>\n<p>\n                          (Bor\u00edt\u00f3k\u00e9p: T\u00f3th Vera 2025. m\u00e1rcius 20-\u00e1n. Fot\u00f3:\u00a0T\u00f6vissi Bence \/ Index)\n                        <\/p>\n<p><a href=\"https:\/\/dex.hu\/x.php?id=googlepref_desktop&amp;url=https:\/\/google.com\/preferences\/source?q=https:\/\/index.hu\" class=\"google-pref-banner \" id=\"googlePrefBanner\" rel=\"nofollow noopener\" target=\"_blank\"><\/p>\n<p>    Itt \u00e1ll\u00edtsa be, hogy az Index az els\u0151k k\u00f6z\u00f6tt legyen a Google-tal\u00e1latokban!<\/p>\n<p><\/a><\/p>\n<p>                <a href=\"https:\/\/konyvek.index.hu\/\" target=\"_blank\" rel=\"nofollow noopener\"><br \/>\n                <img decoding=\"async\" src=\"https:\/\/index.hu\/assets\/images\/konyvajanlo\/book_indapress\/book_indapress_logo.svg\" loading=\"lazy\" alt=\"Inda Press Kiad\u00f3\"\/><br \/>\n                <\/a><\/p>\n<p>                <img decoding=\"async\" src=\"https:\/\/www.europesays.com\/hu\/wp-content\/uploads\/2026\/08\/1787898970_424_whatsnext.png\" loading=\"lazy\" alt=\"What's next is now!\"\/><\/p>\n<p>Mi lenne, ha a j\u00f6v\u0151 nem csak t\u00f6rt\u00e9nne veled, hanem te alak\u00edtan\u00e1d? Ez a k\u00f6nyv seg\u00edt felk\u00e9sz\u00fclni, sosem tapasztalt m\u00f3don. Tedd meg az els\u0151 l\u00e9p\u00e9st most.  <\/p>\n<p>                <a class=\"book_index_btn\" href=\"https:\/\/indexadhu.hit.gemius.pl\/hitredir?id=nSCbubuYpDWJZLZs0TssLrbt33Lk5kbipuiZrkg89G3.g7&amp;stparam=vcfjpqgmbf&amp;fastid=lplbwtajxrtlabdtadgtgveqxwlp&amp;nc=0&amp;url=https:\/\/www.indapresskiado.hu\/products\/whats-next-is-now-tervezd-a-jelent\" target=\"_blank\" rel=\"nofollow noopener\">MEGVESZEM<\/a><\/p>\n<p>    <img decoding=\"async\" src=\"https:\/\/www.europesays.com\/hu\/wp-content\/uploads\/2026\/08\/1787898971_104_redot.gif\"\/><\/p>\n<p>    <img decoding=\"async\" src=\"https:\/\/index.hu\/assets\/images\/social-follow\/logo-big.svg\" alt=\"Index.hu logo\"\/><\/p>\n<p>K\u00f6vesse az Indexet Facebookon is!<\/p>\n<p>    <a href=\"https:\/\/facebook.com\/Indexhu\" target=\"_blank\" rel=\"nofollow noopener\"><\/p>\n<p>        K\u00f6vetem!<br \/>\n    <\/a><\/p>\n","protected":false},"excerpt":{"rendered":"T\u00f3th Vera a Facebookon \u00edrt arr\u00f3l, hogy k\u00e9t k\u00fcl\u00f6nb\u00f6z\u0151 vil\u00e1gban, a zen\u00e9ben \u00e9s a vend\u00e9gl\u00e1t\u00e1sban is megtapasztalja a&hellip;\n","protected":false},"author":2,"featured_media":223892,"comment_status":"","ping_status":"","sticky":false,"template":"","format":"standard","meta":{"footnotes":"","_share_on_mastodon":"0"},"categories":[16],"tags":[43499,137,185,44,42,40,33844,43,41,5446,5904,138,5039,111],"class_list":["post-223891","post","type-post","status-publish","format-standard","has-post-thumbnail","category-szorakozas","tag-anyagi-helyzet","tag-entertainment","tag-fomo","tag-hu","tag-hungarian","tag-hungary","tag-kata","tag-magyar","tag-magyarorszag","tag-pekseg","tag-siker","tag-szorakozas","tag-toth-vera","tag-vallalkozas"],"share_on_mastodon":{"url":"https:\/\/pubeurope.com\/@hu\/117171754944375981","error":""},"_links":{"self":[{"href":"https:\/\/www.europesays.com\/hu\/wp-json\/wp\/v2\/posts\/223891","targetHints":{"allow":["GET"]}}],"collection":[{"href":"https:\/\/www.europesays.com\/hu\/wp-json\/wp\/v2\/posts"}],"about":[{"href":"https:\/\/www.europesays.com\/hu\/wp-json\/wp\/v2\/types\/post"}],"author":[{"embeddable":true,"href":"https:\/\/www.europesays.com\/hu\/wp-json\/wp\/v2\/users\/2"}],"replies":[{"embeddable":true,"href":"https:\/\/www.europesays.com\/hu\/wp-json\/wp\/v2\/comments?post=223891"}],"version-history":[{"count":0,"href":"https:\/\/www.europesays.com\/hu\/wp-json\/wp\/v2\/posts\/223891\/revisions"}],"wp:featuredmedia":[{"embeddable":true,"href":"https:\/\/www.europesays.com\/hu\/wp-json\/wp\/v2\/media\/223892"}],"wp:attachment":[{"href":"https:\/\/www.europesays.com\/hu\/wp-json\/wp\/v2\/media?parent=223891"}],"wp:term":[{"taxonomy":"category","embeddable":true,"href":"https:\/\/www.europesays.com\/hu\/wp-json\/wp\/v2\/categories?post=223891"},{"taxonomy":"post_tag","embeddable":true,"href":"https:\/\/www.europesays.com\/hu\/wp-json\/wp\/v2\/tags?post=223891"}],"curies":[{"name":"wp","href":"https:\/\/api.w.org\/{rel}","templated":true}]}}