{"id":223939,"date":"2026-08-28T07:25:13","date_gmt":"2026-08-28T07:25:13","guid":{"rendered":"https:\/\/www.europesays.com\/hu\/223939\/"},"modified":"2026-08-28T07:25:13","modified_gmt":"2026-08-28T07:25:13","slug":"index-belfold-magyar-peter-nagy-hirt-kapott-a-kormanyules-12-orajaban","status":"publish","type":"post","link":"https:\/\/www.europesays.com\/hu\/223939\/","title":{"rendered":"Index &#8211; Belf\u00f6ld &#8211; Magyar P\u00e9ter nagy h\u00edrt kapott a korm\u00e1ny\u00fcl\u00e9s 12. \u00f3r\u00e1j\u00e1ban"},"content":{"rendered":"<p>\u201ePaks a cs\u00facson! J\u00f3 h\u00edrt kaptam a korm\u00e1ny\u00fcl\u00e9s 12. \u00f3r\u00e1j\u00e1ban. A Paksi Atomer\u0151m\u0171 mostanra el\u00e9rte a maxim\u00e1lis teljes\u00edtm\u00e9ny\u00e9t. Mind a n\u00e9gy reaktor \u00e9s mind a 8 turbina kifog\u00e1stalanul m\u0171k\u00f6dik\u201d \u2013 <a href=\"https:\/\/www.facebook.com\/photo\/?fbid=28710900071851068&amp;set=a.115525025148621\" id=\"hyperlink_05a93906cfbf5a87d981421fe57a1a17\" rel=\"nofollow noopener\" target=\"_blank\">\u00edrta<\/a> a minisztereln\u00f6k.<\/p>\n<p>Magyar P\u00e9ter megk\u00f6sz\u00f6nte \u201eaz ut\u00f3bbi hetek megfesz\u00edtett munk\u00e1j\u00e1t minden energetikai \u00e9s v\u00edz\u00fcgyi szakembernek\u201d.<\/p>\n<p>\u201eA paksi <a href=\"https:\/\/index.hu\/belfold\/2026\/08\/22\/ruszin-szendi-romulusz-paksi-atomeromu-fenekkuszob-folyoszabalyozas\/\" id=\"hyperlink_8f5a671fec38a31f2f3997c03e9bbed1\" target=\"_blank\" title=\"Gyorsabban \u00e9p\u00fcl a paksi fen\u00e9kk\u00fcsz\u00f6b, m\u00e1r 231 m\u00e9ter elk\u00e9sz\u00fclt\" rel=\"nofollow noopener\">fen\u00e9kk\u00fcsz\u00f6b<\/a> \u00e9p\u00edt\u00e9se is a tervezettn\u00e9l gyorsabban halad\u201d \u2013 jelentette be, kiemelve, hogy ek\u00f6zben \u201eaz \u00f6njel\u00f6lt szakemberek \u00e1ltal kor\u00e1bban p\u00e9ldak\u00e9nt hozott rom\u00e1niai atomer\u0151m\u0171 k\u00e9t hete \u00e1ll\u201d.<\/p>\n<p>A minisztereln\u00f6k ut\u00f3iratk\u00e9nt hozz\u00e1tette: \u201eFontos nap, fontos d\u00f6nt\u00e9sekkel, \u00e9s m\u00e9g a ban\u00e1nom is megvan\u201d.<\/p>\n<p>Besz\u00e1moltunk r\u00f3la, hogy d\u00e9lel\u0151tt <a href=\"https:\/\/index.hu\/belfold\/2026\/08\/26\/magyar-peter-kormanyules-tisza-orszaggyules-kulisszatitkok\/\" id=\"hyperlink_cae9d328a98af9b6466aca4f51bc8ae0\" target=\"_blank\" title=\"Ilyet m\u00e9g nem l\u00e1tott senki, kulisszatitkokat mutatott a korm\u00e1ny\u00fcl\u00e9sr\u0151l Magyar P\u00e9ter\" rel=\"nofollow noopener\">a volt K\u00f6zleked\u00e9si Miniszt\u00e9riumba kalauzolta k\u00f6vet\u0151it Magyar P\u00e9ter<\/a>, ahol a Tisza-korm\u00e1ny a szerdai \u00fcl\u00e9seit szokta tartani. Mint mindig, a minisztereln\u00f6k \u00e9rkezett utolj\u00e1ra, hogy elkezdj\u00e9k az eg\u00e9sz napos egyeztet\u00e9st olyan t\u00e9m\u00e1kr\u00f3l, mint az uni\u00f3s p\u00e9nzek hazahozatala vagy a Paksi Atomer\u0151m\u0171n\u00e9l t\u00f6rt\u00e9nt tanuls\u00e1gok.<\/p>\n<p><a href=\"https:\/\/dex.hu\/x.php?id=googlepref_desktop&amp;url=https:\/\/google.com\/preferences\/source?q=https:\/\/index.hu\" class=\"google-pref-banner \" id=\"googlePrefBanner\" rel=\"nofollow noopener\" target=\"_blank\"><\/p>\n<p>    Itt \u00e1ll\u00edtsa be, hogy az Index az els\u0151k k\u00f6z\u00f6tt legyen a Google-tal\u00e1latokban!<\/p>\n<p><\/a><\/p>\n<p>    <img decoding=\"async\" src=\"https:\/\/index.hu\/assets\/images\/social-follow\/logo-big.svg\" alt=\"Index.hu logo\"\/><\/p>\n<p>K\u00f6vesse az Indexet Facebookon is!<\/p>\n<p>    <a href=\"https:\/\/facebook.com\/Indexhu\" target=\"_blank\" rel=\"nofollow noopener\"><\/p>\n<p>        K\u00f6vetem!<br \/>\n    <\/a><\/p>\n","protected":false},"excerpt":{"rendered":"\u201ePaks a cs\u00facson! J\u00f3 h\u00edrt kaptam a korm\u00e1ny\u00fcl\u00e9s 12. \u00f3r\u00e1j\u00e1ban. A Paksi Atomer\u0151m\u0171 mostanra el\u00e9rte a maxim\u00e1lis teljes\u00edtm\u00e9ny\u00e9t.&hellip;\n","protected":false},"author":2,"featured_media":223940,"comment_status":"","ping_status":"","sticky":false,"template":"","format":"standard","meta":{"footnotes":"","_share_on_mastodon":"0"},"categories":[6],"tags":[80,56567,44,42,40,17313,43,944,41,7279,11617,5943,8805],"class_list":["post-223939","post","type-post","status-publish","format-standard","has-post-thumbnail","category-magyarorszag","tag-belfold","tag-fenekkuszob","tag-hu","tag-hungarian","tag-hungary","tag-jo-hir","tag-magyar","tag-magyar-peter","tag-magyarorszag","tag-paksi-atomeromu","tag-reaktor","tag-teljesitmeny","tag-turbina"],"share_on_mastodon":{"url":"https:\/\/pubeurope.com\/@hu\/117171947355681656","error":""},"_links":{"self":[{"href":"https:\/\/www.europesays.com\/hu\/wp-json\/wp\/v2\/posts\/223939","targetHints":{"allow":["GET"]}}],"collection":[{"href":"https:\/\/www.europesays.com\/hu\/wp-json\/wp\/v2\/posts"}],"about":[{"href":"https:\/\/www.europesays.com\/hu\/wp-json\/wp\/v2\/types\/post"}],"author":[{"embeddable":true,"href":"https:\/\/www.europesays.com\/hu\/wp-json\/wp\/v2\/users\/2"}],"replies":[{"embeddable":true,"href":"https:\/\/www.europesays.com\/hu\/wp-json\/wp\/v2\/comments?post=223939"}],"version-history":[{"count":0,"href":"https:\/\/www.europesays.com\/hu\/wp-json\/wp\/v2\/posts\/223939\/revisions"}],"wp:featuredmedia":[{"embeddable":true,"href":"https:\/\/www.europesays.com\/hu\/wp-json\/wp\/v2\/media\/223940"}],"wp:attachment":[{"href":"https:\/\/www.europesays.com\/hu\/wp-json\/wp\/v2\/media?parent=223939"}],"wp:term":[{"taxonomy":"category","embeddable":true,"href":"https:\/\/www.europesays.com\/hu\/wp-json\/wp\/v2\/categories?post=223939"},{"taxonomy":"post_tag","embeddable":true,"href":"https:\/\/www.europesays.com\/hu\/wp-json\/wp\/v2\/tags?post=223939"}],"curies":[{"name":"wp","href":"https:\/\/api.w.org\/{rel}","templated":true}]}}