{"id":224058,"date":"2026-08-28T09:17:12","date_gmt":"2026-08-28T09:17:12","guid":{"rendered":"https:\/\/www.europesays.com\/hu\/224058\/"},"modified":"2026-08-28T09:17:12","modified_gmt":"2026-08-28T09:17:12","slug":"nyomozas-indult-orban-gyozo-es-meszaros-lorinc-cegeinek-uzletei-miatt","status":"publish","type":"post","link":"https:\/\/www.europesays.com\/hu\/224058\/","title":{"rendered":"Nyomoz\u00e1s indult Orb\u00e1n Gy\u0151z\u0151 \u00e9s M\u00e9sz\u00e1ros L\u0151rinc c\u00e9geinek \u00fczletei miatt"},"content":{"rendered":"<p>H\u0171tlen kezel\u00e9s gyan\u00faj\u00e1val nyomoz a rend\u0151rs\u00e9g, hogy val\u00f3ban t\u00fal\u00e1razva adta-e a k\u00f6vet Orb\u00e1n Gy\u0151z\u0151 c\u00e9ge, a Dolomit Kft. a M\u00e9sz\u00e1ros L\u0151rinc-f\u00e9le V-H\u00eddnak \u2013 k\u00f6z\u00f6lte a <a href=\"https:\/\/444.hu\/2026\/08\/27\/hutlen-kezeles-gyanujaval-nyomoz-a-rendorseg-az-orban-gyozo-es-meszaros-lorinc-cege-kozott-kotott-szerzodesek-miatt?fbclid=IwdGRzaAT9S-pjbGNrBP1L5XBkb2YFZXh0bgNhZW0CMTEAc3J0YwZhcHBfaWQMMzUwNjg1NTMxNzI4AAEeclTdm0dAsOE7-9AYjiBmx99yfCJ9lXZGQOKVCT4RTY6T8gcVYEy4md38y_4_aem_AXIhSYdyo8MHBNQLn0w8kw&amp;sfnsn=mo\" target=\"_blank\" rel=\"nofollow noopener\">444.hu<\/a> k\u00e9rd\u00e9s\u00e9re a Budapesti Rend\u0151r-f\u0151kapit\u00e1nys\u00e1g.<\/p>\n<p>Ahogy arra a cikk eml\u00e9keztet, a t\u00fal\u00e1raz\u00e1s gyan\u00faja miatt Hadh\u00e1zy \u00c1kos volt f\u00fcggetlen orsz\u00e1ggy\u0171l\u00e9si k\u00e9pvisel\u0151 j\u00faniusi posztja ut\u00e1n tett feljelent\u00e9st a Transparency International ismeretlen tettes ellen. A TI a Legf\u0151bb \u00dcgy\u00e9szs\u00e9ghez fordult, onnan ker\u00fclt \u00e1t az \u00fcgy a Budapesti Rend\u0151r-f\u0151kapit\u00e1nys\u00e1gra, \u0151k rendelt\u00e9k el a nyomoz\u00e1st.<\/p>\n<p>\t\t\t\t<img decoding=\"async\" src=\"https:\/\/www.europesays.com\/hu\/wp-content\/uploads\/2026\/08\/13-milliard-forint-osztalekot-vett-ki-orban-gyozo-a-banyacegebol_th.jpg\" alt=\"1,3 milli\u00e1rd forint osztal\u00e9kot vett ki Orb\u00e1n Gy\u0151z\u0151 a b\u00e1nyac\u00e9g\u00e9b\u0151l\" class=\"cikkajanlo-kep img-fluid mb-0\"\/><\/p>\n<p>A 444.hu szerint Orb\u00e1n Gy\u0151z\u0151 g\u00e1nti b\u00e1nyac\u00e9ge \u00e9veken \u00e1t \u00fcgyesen rejt\u0151zk\u00f6d\u00f6tt, nem lehetett pontosan tudni, hogy a Dolomit Kft. milyen \u00e1llami vagy uni\u00f3s p\u00e9nzb\u0151l megval\u00f3sul\u00f3 beruh\u00e1z\u00e1sban vesz r\u00e9szt.<\/p>\n<p>Az M1-es b\u0151v\u00edt\u00e9se, az \u00e9vekig tart\u00f3 projekt 800 milli\u00e1rd forintba ker\u00fclhet, a munk\u00e1ra a p\u00e1ly\u00e1kat \u00fczemeltet\u0151 M\u00e9sz\u00e1ros- \u00e9s Sz\u00edjj-f\u00e9le MKIF Magyar Koncesszi\u00f3s Infrastrukt\u00fara Fejleszt\u0151 Zrt.-vel k\u00f6t\u00f6tt koncesszi\u00f3s szerz\u0151d\u00e9st az \u00e1llam, a kivitelez\u00e9st a V-H\u00edd v\u00e9gzi, alv\u00e1llalkoz\u00f3kkal. A V-H\u00edd M\u00e9sz\u00e1ros L\u0151rinc egyik c\u00e9ge, de a kamionokon l\u00e1that\u00f3 log\u00f3k alapj\u00e1n Sz\u00edjj L\u00e1szl\u00f3 Duna Aszfaltja is dolgozik az \u00e9p\u00edtkez\u00e9sen.<\/p>\n<p>Az M1-es b\u0151v\u00edt\u00e9s\u00e9vel kapcsolatban m\u00e9g m\u00e1rciusban minden \u00e9rintett szerepl\u0151t megkerestek, hogy mennyi k\u00f6vet vettek a Dolomit Kft.-t\u0151l \u00e9s mennyit fizettek \u00e9rte, de \u00e9rdemi v\u00e1lasz sehonnan sem j\u00f6tt \u2013 jegyzi meg a cikk.<\/p>\n<p>\t\t\t\t<img decoding=\"async\" src=\"https:\/\/www.europesays.com\/hu\/wp-content\/uploads\/2026\/08\/buntetoeljaras-zajlik-hatvanpuszta-ugyeben_th.jpg\" alt=\"B\u00fcntet\u0151elj\u00e1r\u00e1s zajlik Hatvanpuszta \u00fcgy\u00e9ben\" class=\"cikkajanlo-kep img-fluid mb-0\"\/><\/p>\n","protected":false},"excerpt":{"rendered":"H\u0171tlen kezel\u00e9s gyan\u00faj\u00e1val nyomoz a rend\u0151rs\u00e9g, hogy val\u00f3ban t\u00fal\u00e1razva adta-e a k\u00f6vet Orb\u00e1n Gy\u0151z\u0151 c\u00e9ge, a Dolomit Kft.&hellip;\n","protected":false},"author":2,"featured_media":224059,"comment_status":"","ping_status":"","sticky":false,"template":"","format":"standard","meta":{"footnotes":"","_share_on_mastodon":"0"},"categories":[6],"tags":[44,42,40,43,41,2949,16994,269,4735],"class_list":["post-224058","post","type-post","status-publish","format-standard","has-post-thumbnail","category-magyarorszag","tag-hu","tag-hungarian","tag-hungary","tag-magyar","tag-magyarorszag","tag-meszaros-lorinc","tag-orban-gyozo","tag-rendorseg","tag-vallalatok"],"share_on_mastodon":{"url":"https:\/\/pubeurope.com\/@hu\/117172387767567069","error":""},"_links":{"self":[{"href":"https:\/\/www.europesays.com\/hu\/wp-json\/wp\/v2\/posts\/224058","targetHints":{"allow":["GET"]}}],"collection":[{"href":"https:\/\/www.europesays.com\/hu\/wp-json\/wp\/v2\/posts"}],"about":[{"href":"https:\/\/www.europesays.com\/hu\/wp-json\/wp\/v2\/types\/post"}],"author":[{"embeddable":true,"href":"https:\/\/www.europesays.com\/hu\/wp-json\/wp\/v2\/users\/2"}],"replies":[{"embeddable":true,"href":"https:\/\/www.europesays.com\/hu\/wp-json\/wp\/v2\/comments?post=224058"}],"version-history":[{"count":0,"href":"https:\/\/www.europesays.com\/hu\/wp-json\/wp\/v2\/posts\/224058\/revisions"}],"wp:featuredmedia":[{"embeddable":true,"href":"https:\/\/www.europesays.com\/hu\/wp-json\/wp\/v2\/media\/224059"}],"wp:attachment":[{"href":"https:\/\/www.europesays.com\/hu\/wp-json\/wp\/v2\/media?parent=224058"}],"wp:term":[{"taxonomy":"category","embeddable":true,"href":"https:\/\/www.europesays.com\/hu\/wp-json\/wp\/v2\/categories?post=224058"},{"taxonomy":"post_tag","embeddable":true,"href":"https:\/\/www.europesays.com\/hu\/wp-json\/wp\/v2\/tags?post=224058"}],"curies":[{"name":"wp","href":"https:\/\/api.w.org\/{rel}","templated":true}]}}