{"id":224180,"date":"2026-08-28T12:07:10","date_gmt":"2026-08-28T12:07:10","guid":{"rendered":"https:\/\/www.europesays.com\/hu\/224180\/"},"modified":"2026-08-28T12:07:10","modified_gmt":"2026-08-28T12:07:10","slug":"index-kultur-nagy-ervin-palocfoldrol-uzent-itt-nem-lesznek-haverok-nem-lesznek-puszipajtasok","status":"publish","type":"post","link":"https:\/\/www.europesays.com\/hu\/224180\/","title":{"rendered":"Index &#8211; Kult\u00far &#8211; Nagy Ervin Pal\u00f3cf\u00f6ldr\u0151l \u00fczent: Itt nem lesznek haverok, nem lesznek puszipajt\u00e1sok"},"content":{"rendered":"<p>\u201eEz a val\u00f3di \u00e9l\u0151 kapcsolat az anyaorsz\u00e1g \u00e9s a hat\u00e1ron t\u00fal \u00e9l\u0151 magyars\u00e1g k\u00f6z\u00f6tt, ezeket a hidakat minden er\u0151mmel \u00e9s minden r\u00e1ford\u00edthat\u00f3 forr\u00e1ssal \u00e9p\u00edteni fogom\u201d \u2013 felelte F\u00fcleken a moder\u00e1tor k\u00e9rd\u00e9s\u00e9re Nagy Ervin J\u00e1szai Mari-d\u00edjas sz\u00ednm\u0171v\u00e9sz, a Tisza P\u00e1rt orsz\u00e1ggy\u0171l\u00e9si k\u00e9pvisel\u0151je, kult\u00far\u00e1\u00e9rt felel\u0151s \u00e1llamtitk\u00e1r azt k\u00f6vet\u0151en, hogy a Kincsem c\u00edm\u0171 film vet\u00edt\u00e9se ut\u00e1n k\u00f6z\u00f6ns\u00e9gtal\u00e1lkoz\u00f3n vett r\u00e9szt a film rendez\u0151j\u00e9vel, <a href=\"https:\/\/index.hu\/kultur\/2024\/11\/15\/herendi-gabor-interju-futni-mentem-rendezo-film-nemzeti-filmintezet\/\" id=\"hyperlink_5d3fd83722e01492d03aad3ed0a46f25\" target=\"_blank\" title=\"Herendi G\u00e1bor: Egyetlen kiutat l\u00e1tok, ha megv\u00e1ltozik a rendszer\" rel=\"nofollow noopener\">Herendi G\u00e1bor<\/a>ral.<\/p>\n<p>A moder\u00e1tor k\u00e9rd\u00e9se arra vonatkozott, hogy\u00a0a felvid\u00e9ki magyarok, a f\u00fcleki \u00e9s az ahhoz kapcsolatos fesztiv\u00e1lok az Orb\u00e1n-korm\u00e1ny gyakorlat\u00e1hoz hasonl\u00f3an a Tisza-korm\u00e1nyt\u00f3l is sz\u00e1m\u00edthatnak-e t\u00e1mogat\u00e1sra. A hat\u00e1ron t\u00fal egy ilyen k\u00e9rd\u00e9s az\u00e9rt kap k\u00fcl\u00f6n\u00f6sen nagy hangs\u00falyt, mert p\u00e9ld\u00e1ul a n\u00e9gynapos V\u00e1rlak Fesztiv\u00e1l megrendez\u00e9se \u2013 nagys\u00e1grendileg \u2013 annyiba ker\u00fcl, mint F\u00fclek kult\u00farh\u00e1z\u00e1nak \u00e9ves k\u00f6lts\u00e9gvet\u00e9se, \u00e9s a jegybev\u00e9telekb\u0151l, valamint a helyi t\u00e1mogat\u00e1sokb\u00f3l befolyt \u00f6sszeg \u00f6nmag\u00e1ban m\u00e9g nem tenn\u00e9 lehet\u0151v\u00e9, hogy Pal\u00f3cf\u00f6ld\u00f6n egy ekkora l\u00e9pt\u00e9k\u0171 k\u00f6nny\u0171zenei \u00e9s kultur\u00e1lis fesztiv\u00e1lt lehessen tet\u0151 al\u00e1 hozni.\u00a0<\/p>\n<p>                        Nem lesznek haverok, nem lesznek puszipajt\u00e1sok<\/p>\n<p>Az \u00e1llamtitk\u00e1r k\u00e9rd\u00e9sre v\u00e1laszolva besz\u00e9lt a magyar filmgy\u00e1rt\u00e1s j\u00f6v\u0151j\u00e9r\u0151l is. Nyit\u00e1sk\u00e9nt felid\u00e9zte a NER gyakorlat\u00e1t, amely \u201eaz ideol\u00f3gi\u00e1t \u00e9s a politikai r\u00e1hat\u00e1st tartotta fontosnak\u201d, de mint fogalmazott, a j\u00f6v\u0151ben<\/p>\n<p>nem lesznek haverok, nem lesznek puszipajt\u00e1sok, akik az\u00e9rt csin\u00e1lhatnak filmet, mert j\u00f3ban vannak a hatalommal.<\/p>\n<p>Majd azt is hozz\u00e1tette, hogy \u201ea neh\u00e9z id\u0151k j\u00f3 reflexeket is hoztak\u201d, mint p\u00e9ld\u00e1ul a Nemzeti Filmint\u00e9zet (NFI) 2015-ben \u00e9letre h\u00edvott tehets\u00e9ggondoz\u00f3 kezdem\u00e9nyez\u00e9se, az Inkub\u00e1tor Program, amit ki kell terjeszteni.<\/p>\n<p>Ugyanakkor kit\u00e9rt arra is, hogy a NER kirekeszt\u0151 t\u00e1mogat\u00e1spolitik\u00e1ja miatt\u00a0Magyarorsz\u00e1gon meger\u0151s\u00f6dtek a f\u00fcggetlen filmgy\u00e1rt\u00f3k, amelyek kifejezetten az\u00e9rt k\u00e9sz\u00edtettek k\u00f6z\u00f6ns\u00e9gfilmeket, mert azok ak\u00e1r be is hozhatt\u00e1k, meg is haladhatt\u00e1k a r\u00e1juk ford\u00edtott produceri forr\u00e1sokat, s\u0151t nemzetk\u00f6zi d\u00edjakat is nyertek, ami azt mutatja, hogy a filmipar j\u00f3l reag\u00e1lt a nehez\u00edtett k\u00f6r\u00fclm\u00e9nyekre.<\/p>\n<p>Nagy Ervin sz\u00fcks\u00e9gesnek tartja, hogy a magyar filmek a j\u00f6v\u0151ben is jelenjenek meg min\u00e9l t\u00f6bb k\u00fclf\u00f6ldi fesztiv\u00e1lon, ebben az alkot\u00f3kat t\u00e1mogatni kell, arra viszont k\u00fcl\u00f6n\u00f6sen figyelni kell, hogy azok a magyar filmes szervizek \u2013 Eur\u00f3p\u00e1ban London ut\u00e1n a magyar filmst\u00fadi\u00f3k \u00e9s filmes szakemberek a legvonz\u00f3bbak, operat\u0151r\u00f6k, vil\u00e1gos\u00edt\u00f3k, d\u00edszletesek, jelmezesek \u2013, akiknek magas szakmai tud\u00e1sa miatt a k\u00fclf\u00f6ldi gy\u00e1rt\u00f3k el\u0151szeretettel j\u00f6nnek Magyarorsz\u00e1gra filmeket forgatni, a magyar filmes produkci\u00f3k munk\u00e1j\u00e1ban is r\u00e9szt tudjanak venni.<\/p>\n<p>Vagyis a filmgy\u00e1rt\u00e1s\u00e1ban olyan helyzetet \u00e9s \u00e1llapotokat kell teremteni \u2013 p\u00e9ld\u00e1ul az ad\u00f3-visszat\u00e9r\u00edt\u00e9s lehet\u0151s\u00e9g\u00e9vel \u2013, hogy a k\u00fclf\u00f6ldiek ne szipk\u00e1zz\u00e1k el a magyar filmgy\u00e1rt\u00e1st\u00f3l a kiv\u00e1l\u00f3 magyar filmes szervizcsapatok szakembereit.<\/p>\n<p>                        V\u00e1rlak Fesztiv\u00e1l<\/p>\n<p>F\u00fcleken id\u00e9n augusztus 26-\u00e1n a B\u00f6l\u00f6ni \u2013 Az erd\u00e9lyi legenda c\u00edm\u0171 film vet\u00edt\u00e9s\u00e9vel indult \u00e9s augusztus 29-\u00e9n, vas\u00e1rnap a K\u00f6r \u2013 Edda musicallel z\u00e1rul a V\u00e1rlak Fesztiv\u00e1l.<\/p>\n<p>Pal\u00f3cf\u00f6ld legnagyobb k\u00f6nny\u0171zenei \u00e9s kultur\u00e1lis fesztiv\u00e1lja a f\u00fcleki v\u00e1r t\u00f6v\u00e9ben, h\u00e1rom kiemelt helysz\u00ednen \u2013 V\u00e1rudvar, Pajta, Savanya-udvar \u2013 zajlik. A fell\u00e9p\u0151k k\u00f6z\u00f6tt van Szikora R\u00f3bert \u00e9s az R-GO, a ValMar, bongor, az Intim Torna Illeg\u00e1l Akusztik, a R\u00f3me\u00f3 v\u00e9rzik, DESH, Mehringer, de \u00e9lm\u00e9nybesz\u00e1mol\u00f3t tart Rakonczay G\u00e1bor is, aki \u00e1tkenuzta az Atlanti-\u00f3ce\u00e1nt.<\/p>\n<p>                        T\u00f6bb ablak, t\u00f6bb lehet\u0151s\u00e9g<\/p>\n<p>Nagy Ervin arr\u00f3l is besz\u00e9lt, hogy <a href=\"https:\/\/index.hu\/kultur\/2026\/07\/01\/magyar-film-tervek-nfi-palyazat-nagy-ervin-muhi-andras-kovacs-patrick-filmreform\/\" id=\"hyperlink_b52c6e7610340ebfff042ed946feb2ba\" target=\"_blank\" title=\"\u00daj korszak vagy hossz\u00fa sz\u00fcnet? A Nemzeti Filmint\u00e9zet \u00e9s a magyar filmesek j\u00f6v\u0151je m\u00e9g mindig k\u00e9rd\u00e9ses\" rel=\"nofollow noopener\">t\u00f6bbablakoss\u00e1<\/a> kell tenni a magyar filmt\u00e1mogat\u00e1st, hogy ne csup\u00e1n a Nemzeti Filmint\u00e9zethez lehessen forgat\u00f3k\u00f6nyvekkel p\u00e1ly\u00e1zni, hanem a Nemzeti Kultur\u00e1lis Alaphoz is, vagy ak\u00e1r az MTVA-hoz dokumentum- vagy kisj\u00e1t\u00e9kfilmek \u00f6tlet\u00e9vel.<\/p>\n<p>Mint fogalmazott,<\/p>\n<p>\u00e9rt\u00e9ke \u2013 pontsz\u00e1ma \u2013 lesz annak, ha valaki k\u00fclf\u00f6ld\u00f6n \u00e9r el sikert, ahogyan annak is, ha egy rendez\u0151 Magyarorsz\u00e1gon mondjuk 500 ezer f\u00f6l\u00f6tti n\u00e9z\u0151sz\u00e1mot \u00e9r el a filmj\u00e9vel, akkor ez a siker a k\u00f6vetkez\u0151 filmj\u00e9nek b\u00fcdzs\u00e9j\u00e9ben m\u00e1r megjelenik bizonyos sz\u00e1zal\u00e9kban.<\/p>\n<p>Visszat\u00e9r\u00fcnk a normalit\u00e1shoz \u00e9s az \u00e9szszer\u0171s\u00e9ghez \u2013 tette hozz\u00e1 v\u00e9gezet\u00fcl.<\/p>\n<p>\n                          (Bor\u00edt\u00f3k\u00e9p: F\u00fclek. Fot\u00f3: F. T\u00f3th Benedek \/ Index)\n                        <\/p>\n<p><a href=\"https:\/\/dex.hu\/x.php?id=googlepref_desktop&amp;url=https:\/\/google.com\/preferences\/source?q=https:\/\/index.hu\" class=\"google-pref-banner \" id=\"googlePrefBanner\" rel=\"nofollow noopener\" target=\"_blank\"><\/p>\n<p>    Itt \u00e1ll\u00edtsa be, hogy az Index az els\u0151k k\u00f6z\u00f6tt legyen a Google-tal\u00e1latokban!<\/p>\n<p><\/a><\/p>\n<p>                <a href=\"https:\/\/konyvek.index.hu\/\" target=\"_blank\" rel=\"nofollow noopener\"><br \/>\n                <img decoding=\"async\" src=\"https:\/\/index.hu\/assets\/images\/konyvajanlo\/book_indapress\/book_indapress_logo.svg\" loading=\"lazy\" alt=\"Inda Press Kiad\u00f3\"\/><br \/>\n                <\/a><\/p>\n<p>                <img decoding=\"async\" src=\"https:\/\/www.europesays.com\/hu\/wp-content\/uploads\/2026\/08\/1787918828_641_hogyantudnek.png\" loading=\"lazy\" alt=\"Hogyan tudn\u00e9k \u00e9lni n\u00e9lk\u00fcled?\"\/><\/p>\n<p>Ismerd meg a film m\u00f6g\u00f6tt \u00e1ll\u00f3 m\u0171v\u00e9szek t\u00f6rt\u00e9neteit \u00e9s szerezd be a Hogyan tudn\u00e9k \u00e9lni n\u00e9lk\u00fcled? kulisszak\u00f6nyv\u00e9t!<\/p>\n<p>                <a class=\"book_index_btn\" href=\"https:\/\/indexadhu.hit.gemius.pl\/hitredir?id=nSCbubuYpDWJZLZs0TssLrbt33Lk5kbipuiZrkg89G3.g7&amp;stparam=uidhlvpiig&amp;fastid=hlkzmkpizaaluhlbedwldibviqkk&amp;nc=0&amp;url=https:\/\/www.indapresskiado.hu\/products\/hogyan-tudnek-elni-nelkuled\" target=\"_blank\" rel=\"nofollow noopener\">MEGVESZEM<\/a><\/p>\n<p>    <img loading=\"lazy\" decoding=\"async\" src=\"https:\/\/www.europesays.com\/hu\/wp-content\/uploads\/2026\/08\/1787918830_833_redot.gif\" border=\"0\" height=\"0\" width=\"0\"\/><\/p>\n<p>    <img decoding=\"async\" src=\"https:\/\/index.hu\/assets\/images\/social-follow\/logo-big.svg\" alt=\"Index.hu logo\"\/><\/p>\n<p>K\u00f6vesse az Indexet Facebookon is!<\/p>\n<p>    <a href=\"https:\/\/facebook.com\/Indexhu\" target=\"_blank\" rel=\"nofollow noopener\"><\/p>\n<p>        K\u00f6vetem!<br \/>\n    <\/a><\/p>\n","protected":false},"excerpt":{"rendered":"\u201eEz a val\u00f3di \u00e9l\u0151 kapcsolat az anyaorsz\u00e1g \u00e9s a hat\u00e1ron t\u00fal \u00e9l\u0151 magyars\u00e1g k\u00f6z\u00f6tt, ezeket a hidakat minden&hellip;\n","protected":false},"author":2,"featured_media":224181,"comment_status":"","ping_status":"","sticky":false,"template":"","format":"standard","meta":{"footnotes":"","_share_on_mastodon":"0"},"categories":[6],"tags":[59886,151,152,6985,167,56669,44,42,40,150,43,41,1809,1050,3606,59885],"class_list":["post-224180","post","type-post","status-publish","format-standard","has-post-thumbnail","category-magyarorszag","tag-allamtikar","tag-ce-femina","tag-ce-napi","tag-fesztival","tag-film","tag-fulek","tag-hu","tag-hungarian","tag-hungary","tag-kultur","tag-magyar","tag-magyarorszag","tag-nagy-ervin","tag-szlovakia","tag-tamogatas","tag-varlak"],"share_on_mastodon":{"url":"https:\/\/pubeurope.com\/@hu\/117173056495217137","error":""},"_links":{"self":[{"href":"https:\/\/www.europesays.com\/hu\/wp-json\/wp\/v2\/posts\/224180","targetHints":{"allow":["GET"]}}],"collection":[{"href":"https:\/\/www.europesays.com\/hu\/wp-json\/wp\/v2\/posts"}],"about":[{"href":"https:\/\/www.europesays.com\/hu\/wp-json\/wp\/v2\/types\/post"}],"author":[{"embeddable":true,"href":"https:\/\/www.europesays.com\/hu\/wp-json\/wp\/v2\/users\/2"}],"replies":[{"embeddable":true,"href":"https:\/\/www.europesays.com\/hu\/wp-json\/wp\/v2\/comments?post=224180"}],"version-history":[{"count":0,"href":"https:\/\/www.europesays.com\/hu\/wp-json\/wp\/v2\/posts\/224180\/revisions"}],"wp:featuredmedia":[{"embeddable":true,"href":"https:\/\/www.europesays.com\/hu\/wp-json\/wp\/v2\/media\/224181"}],"wp:attachment":[{"href":"https:\/\/www.europesays.com\/hu\/wp-json\/wp\/v2\/media?parent=224180"}],"wp:term":[{"taxonomy":"category","embeddable":true,"href":"https:\/\/www.europesays.com\/hu\/wp-json\/wp\/v2\/categories?post=224180"},{"taxonomy":"post_tag","embeddable":true,"href":"https:\/\/www.europesays.com\/hu\/wp-json\/wp\/v2\/tags?post=224180"}],"curies":[{"name":"wp","href":"https:\/\/api.w.org\/{rel}","templated":true}]}}