{"id":224256,"date":"2026-08-28T13:16:14","date_gmt":"2026-08-28T13:16:14","guid":{"rendered":"https:\/\/www.europesays.com\/hu\/224256\/"},"modified":"2026-08-28T13:16:14","modified_gmt":"2026-08-28T13:16:14","slug":"telex-elkezdett-kifolyni-a-25-millio-kobmeter-viz-ami-a-nepali-gleccser-olvadasa-miatt-osszegyult-a-hegyekben","status":"publish","type":"post","link":"https:\/\/www.europesays.com\/hu\/224256\/","title":{"rendered":"Telex: Elkezdett kifolyni a 2,5 milli\u00f3 k\u00f6bm\u00e9ter v\u00edz, ami a nep\u00e1li gleccser olvad\u00e1sa miatt \u00f6sszegy\u0171lt a hegyekben"},"content":{"rendered":"<p><img decoding=\"async\" src=\"https:\/\/www.europesays.com\/hu\/wp-content\/uploads\/2026\/08\/1787909323-temp-t7h9m7acr7t45jfkljm_hero-normal:xl.jpg\"  loading=\"eager\" alt=\"Elkezdett kifolyni a 2,5 milli\u00f3 k\u00f6bm\u00e9ter v\u00edz, ami a nep\u00e1li gleccser olvad\u00e1sa miatt \u00f6sszegy\u0171lt a hegyekben\" class=\"placeholder_\"\/><\/p>\n<p>Dr\u00f3nfelv\u00e9tel a himal\u00e1jai t\u00f3r\u00f3l a vill\u00e1m\u00e1rv\u00edz ut\u00e1n \u2013 Fot\u00f3: Reuters<\/p>\n<p><a href=\"https:\/\/telex.hu\/szerzo\/kovacs-pal\" class=\"author__avatar\" rel=\"nofollow noopener\" target=\"_blank\"><img decoding=\"async\" src=\"https:\/\/www.europesays.com\/hu\/wp-content\/uploads\/2026\/08\/1787922974_572_1717599256-temp-aEFmpC_avatar@4x.jpg\" alt=\"Kov\u00e1cs P\u00e1l\" class=\"avatar\" loading=\"lazy\"\/><\/a><\/p>\n<p>\u00c1ll\u00edtsd be a Telexet megb\u00edzhat\u00f3 forr\u00e1snak!<\/p>\n<p>Elkezdett kifolyni a medr\u00e9b\u0151l az a t\u00f3, amely a nep\u00e1li\u2013k\u00ednai hat\u00e1ron alakult ki a gleccser olvad\u00e1sa miatt \u2013 k\u00f6z\u00f6lt\u00e9k a k\u00ednai hat\u00f3s\u00e1gok a <a href=\"https:\/\/www.reuters.com\/business\/environment\/china-rushes-minimise-risk-mountain-barrier-lake-near-border-with-nepal-2026-08-28\/?taid=6a9149716aa06700017f38cd&amp;utm_campaign=trueAnthem:+Trending+Content&amp;utm_medium=trueAnthem&amp;utm_source=twitter\" target=\"_blank\" rel=\"nofollow noopener\">Reuters<\/a> szerint. A hatalmas term\u00e9szeti katasztr\u00f3f\u00e1t okoz\u00f3 <a href=\"https:\/\/telex.hu\/kulfold\/2026\/08\/27\/mar-harom-magyar-erintettje-van-a-nepalt-es-tibetet-sujto-villamarviznek\" class=\"\" rel=\"nofollow noopener\" target=\"_blank\">szerdai vill\u00e1m\u00e1rv\u00edz<\/a> p\u00e9ntek d\u00e9lel\u0151ttre m\u00e1r 489 meger\u0151s\u00edtett hal\u00e1los \u00e1ldozattal j\u00e1rt a <a href=\"https:\/\/www.bbc.com\/news\/live\/cr0qxd1y219kt?post=asset%3Ae06af7fd-03c6-49ff-9afc-fc84364d9d76#post\" target=\"_blank\" rel=\"nofollow noopener\">BBC<\/a> szerint.<\/p>\n<p>A ment\u00e9si munk\u00e1latok zajlanak, de a tibeti m\u0171veleteket r\u00f6vid id\u0151re sz\u00fcneteltett\u00e9k a k\u00ednai hat\u00f3s\u00e1gok bejelent\u00e9se miatt a t\u00f3 t\u00falcsordul\u00e1s\u00e1val kapcsolatban. Becsl\u00e9sek szerint mintegy 2,5 milli\u00f3 k\u00f6bm\u00e9ter v\u00edz gy\u0171lt \u00f6ssze a gleccser olvad\u00e1sa ut\u00e1n. A szak\u00e9rt\u0151k att\u00f3l tartanak, hogy \u00fajabb katasztr\u00f3fa j\u00f6het a t\u00e9rs\u00e9gben. Felk\u00e9sz\u00fcl\u00e9sre pedig nem lenne id\u0151, ahogyan a trag\u00e9dia alatt sem volt: a jeges-vizes s\u00e1rlavina \u00f3r\u00e1nk\u00e9nt <a href=\"https:\/\/telex.hu\/kulfold\/2026\/08\/28\/nepal-villamarviz-aldozatok\" class=\"\" rel=\"nofollow noopener\" target=\"_blank\">200 kilom\u00e9teres sebess\u00e9ggel<\/a> \u00e9rte el a telep\u00fcl\u00e9seket.<\/p>\n<p>Eddig t\u00f6bb mint 1500 embert jelentettek elt\u0171ntk\u00e9nt az \u00e9rintett orsz\u00e1gokban. Az elt\u0171ntek k\u00f6z\u00f6tt <a href=\"https:\/\/telex.hu\/kulfold\/2026\/08\/27\/mar-harom-magyar-erintettje-van-a-nepalt-es-tibetet-sujto-villamarviznek\" class=\"\" rel=\"nofollow noopener\" target=\"_blank\">h\u00e1rom magyar<\/a> \u00e1llampolg\u00e1r is van. A t\u00e9rs\u00e9gben t\u00f6bb ezer embert kellett kimenek\u00edteni, de ha s\u00falyosbodik a helyzet, tov\u00e1bbi kimenek\u00edt\u00e9sekre lehet sz\u00fcks\u00e9g.<\/p>\n<p>Hszi Csin-ping k\u00ednai eln\u00f6k p\u00e9nteken rendk\u00edv\u00fcli \u00fcl\u00e9st tartott, hogy \u00f6sszehangolj\u00e1k a \u00e1rad\u00e1sok miatti ment\u00e9si munk\u00e1latokat. A hat\u00f3s\u00e1gok c\u00e9lja, hogy tudom\u00e1nyos alaposs\u00e1ggal tervezz\u00e9k meg a tov\u00e1bbi m\u0171veleteket a v\u00e9szhelyzet kezel\u00e9s\u00e9re. Sajt\u00f3besz\u00e1mol\u00f3k szerint az \u00fcl\u00e9sen elhangzott, hogy K\u00edna s\u00fcrg\u0151ss\u00e9gi seg\u00e9lyt ny\u00fajtana a katasztr\u00f3fa s\u00fajtotta nep\u00e1li ter\u00fcleteknek, \u00e9s nemzetk\u00f6zi ment\u00e9si egy\u00fcttm\u0171k\u00f6d\u00e9st tervez folytatni.<\/p>\n<p>Partnereinkt\u0151l<\/p>\n<p>\u00c1ll\u00edtsd be a Telexet megb\u00edzhat\u00f3 forr\u00e1snak!<\/p>\n<p>K\u00f6vess minket Facebookon is!<\/p>\n","protected":false},"excerpt":{"rendered":"Dr\u00f3nfelv\u00e9tel a himal\u00e1jai t\u00f3r\u00f3l a vill\u00e1m\u00e1rv\u00edz ut\u00e1n \u2013 Fot\u00f3: Reuters \u00c1ll\u00edtsd be a Telexet megb\u00edzhat\u00f3 forr\u00e1snak! Elkezdett kifolyni&hellip;\n","protected":false},"author":2,"featured_media":224257,"comment_status":"","ping_status":"","sticky":false,"template":"","format":"standard","meta":{"footnotes":"","_share_on_mastodon":"0"},"categories":[8],"tags":[3060,42,104,64,43,3777,34,94,44666,93,92],"class_list":["post-224256","post","type-post","status-publish","format-standard","has-post-thumbnail","category-vilag","tag-arviz","tag-hungarian","tag-kina","tag-kulfold","tag-magyar","tag-nepal","tag-news","tag-vilag","tag-villamarviz","tag-world","tag-world-news"],"share_on_mastodon":{"url":"https:\/\/pubeurope.com\/@hu\/117173327292501422","error":""},"_links":{"self":[{"href":"https:\/\/www.europesays.com\/hu\/wp-json\/wp\/v2\/posts\/224256","targetHints":{"allow":["GET"]}}],"collection":[{"href":"https:\/\/www.europesays.com\/hu\/wp-json\/wp\/v2\/posts"}],"about":[{"href":"https:\/\/www.europesays.com\/hu\/wp-json\/wp\/v2\/types\/post"}],"author":[{"embeddable":true,"href":"https:\/\/www.europesays.com\/hu\/wp-json\/wp\/v2\/users\/2"}],"replies":[{"embeddable":true,"href":"https:\/\/www.europesays.com\/hu\/wp-json\/wp\/v2\/comments?post=224256"}],"version-history":[{"count":0,"href":"https:\/\/www.europesays.com\/hu\/wp-json\/wp\/v2\/posts\/224256\/revisions"}],"wp:featuredmedia":[{"embeddable":true,"href":"https:\/\/www.europesays.com\/hu\/wp-json\/wp\/v2\/media\/224257"}],"wp:attachment":[{"href":"https:\/\/www.europesays.com\/hu\/wp-json\/wp\/v2\/media?parent=224256"}],"wp:term":[{"taxonomy":"category","embeddable":true,"href":"https:\/\/www.europesays.com\/hu\/wp-json\/wp\/v2\/categories?post=224256"},{"taxonomy":"post_tag","embeddable":true,"href":"https:\/\/www.europesays.com\/hu\/wp-json\/wp\/v2\/tags?post=224256"}],"curies":[{"name":"wp","href":"https:\/\/api.w.org\/{rel}","templated":true}]}}