{"id":224271,"date":"2026-08-28T13:30:07","date_gmt":"2026-08-28T13:30:07","guid":{"rendered":"https:\/\/www.europesays.com\/hu\/224271\/"},"modified":"2026-08-28T13:30:07","modified_gmt":"2026-08-28T13:30:07","slug":"telex-trump-rangsorolta-az-amerikai-elnokoket-nem-nagy-meglepetes-hogy-kit-tett-az-elso-helyre","status":"publish","type":"post","link":"https:\/\/www.europesays.com\/hu\/224271\/","title":{"rendered":"Telex: Trump rangsorolta az amerikai eln\u00f6k\u00f6ket, nem nagy meglepet\u00e9s, hogy kit tett az els\u0151 helyre"},"content":{"rendered":"<p>Cs\u00fct\u00f6rt\u00f6k este, egy Truth Socialre felt\u00f6lt\u00f6tt k\u00e9pes posztban rangsorolta az eddigi amerikai eln\u00f6k\u00f6ket a mostani, vagyis Donald Trump. A nem a szer\u00e9nys\u00e9g\u00e9r\u0151l ismert Trump szerint \u0151 a <a href=\"https:\/\/truthsocial.com\/@realDonaldTrump\/posts\/117169524235378493\" target=\"_blank\" rel=\"nofollow noopener\">valaha volt legjobb<\/a> amerikai eln\u00f6k. Nem k\u00e9rd\u00e9s, hogy a rangsor \u00e9l\u00e9n ki van, de a t\u00f6bbieket n\u00e9gy k\u00fcl\u00f6nb\u00f6z\u0151 kateg\u00f3ri\u00e1ba osztotta: Trump alatt vannak a nagyszer\u0171 eln\u00f6k\u00f6k, alattuk a majdnem nagyszer\u0171ek, azt\u00e1n j\u00f6nnek az \u00e1tlagosak, az \u00e1tlag alattiak \u00e9s a kudarcos eln\u00f6k\u00f6k.<\/p>\n<p>A nagyszer\u0171 eln\u00f6k\u00f6k k\u00f6z\u00f6tt van p\u00e9ld\u00e1ul az els\u0151 amerikai eln\u00f6k, George Washington, a rabszolgas\u00e1g elt\u00f6rl\u00e9s\u00e9ben nagyon fontos szerepet j\u00e1tsz\u00f3 Abraham Lincoln, vagy Franklin D. Roosevelt, aki a m\u00e1sodik vil\u00e1gh\u00e1bor\u00fa alatt vezette az Egyes\u00fclt \u00c1llamokat. A majdnem nagyszer\u0171ek k\u00f6z\u00e9 tette az ut\u00f3bbi eln\u00f6k, Franklin D. t\u00e1voli unokatestv\u00e9r\u00e9t, Theodore Rooseveltet. 2016-os kih\u00edv\u00f3ja, Hillary Clinton f\u00e9rje, Bill Clinton Trump szerint az \u00e1tlagos eln\u00f6k\u00f6k k\u00f6z\u00f6tt van. Joe Biden viszont, aki Trumpot legy\u0151zte a 2020-as eln\u00f6kv\u00e1laszt\u00e1son, a rangsor szerint kudarcos eln\u00f6k volt, ahogy Barack Obama vagy Ulysses S. Grant is, aki egy\u00e9bk\u00e9nt megnyerte az amerikai polg\u00e1rh\u00e1bor\u00fat a rabszolgas\u00e1g-p\u00e1rti Konf\u00f6der\u00e1ci\u00f3 ellen.<\/p>\n<p>\u00c9rdekes m\u00f3don olyan h\u00edres eln\u00f6k\u00f6k, mint a k\u00e9t Bush vagy az 1963-ban meggyilkolt John Fitzgerald Kennedy nem is ker\u00fcltek fel a list\u00e1ra. Erre n\u00e9mi magyar\u00e1zatot adhat az, hogy a Newsweek azt \u00edrta, Trump t\u00e1bl\u00e1zata <a href=\"https:\/\/www.newsweek.com\/donald-trump-greatest-president-ever-12378891\" target=\"_blank\" rel=\"nofollow noopener\">nagyon hasonl\u00edt<\/a> a LIFE magazin 1948 november\u00e9ben k\u00f6zz\u00e9tett eln\u00f6ki rangsor\u00e1ra. A rangsort Arthur M. Schlesinger Sr. t\u00f6rt\u00e9n\u00e9sz 55 m\u00e1sik t\u00f6rt\u00e9n\u00e9sz megk\u00e9rdez\u00e9s\u00e9vel \u00e1ll\u00edtotta \u00f6ssze, majd az eln\u00f6k\u00f6ket ugyanazokba a kateg\u00f3ri\u00e1kba sorolta, mint Trump (nagyszer\u0171, majdnem nagyszer\u0171, \u00e1tlagos, \u00e1tlag alatti, kudarcos). Trump v\u00e1ltozata Schlesinger eredeti rangsor\u00e1t nagy r\u00e9szben megtartotta, csak saj\u00e1t mag\u00e1t tette az \u00faj, mindenki f\u00f6l\u00f6tti kateg\u00f3ri\u00e1ba. A LIFE 1948-ban k\u00e9sz\u00edtett rangsora ut\u00e1n megv\u00e1lasztott eln\u00f6k\u00f6k k\u00f6z\u00fcl hozz\u00e1adta m\u00e9g a saj\u00e1t rangsor\u00e1hoz Joe Bident, Barack Obam\u00e1t, Jimmy Cartert \u00e9s Bill Clintont. Ezekt\u0151l eltekintve <a href=\"https:\/\/www.reddit.com\/r\/Presidents\/comments\/1azbvcb\/us_president_rankings_in_1948_life_magazine\/\" target=\"_blank\" rel=\"nofollow noopener\">konkr\u00e9tan ugyanaz<\/a> a k\u00e9t rangsor.<\/p>\n","protected":false},"excerpt":{"rendered":"Cs\u00fct\u00f6rt\u00f6k este, egy Truth Socialre felt\u00f6lt\u00f6tt k\u00e9pes posztban rangsorolta az eddigi amerikai eln\u00f6k\u00f6ket a mostani, vagyis Donald Trump.&hellip;\n","protected":false},"author":2,"featured_media":224272,"comment_status":"","ping_status":"","sticky":false,"template":"","format":"standard","meta":{"footnotes":"","_share_on_mastodon":"0"},"categories":[8],"tags":[14103,8072,65,34708,59896,42,43,34,1428,94,93,92,916],"class_list":["post-224271","post","type-post","status-publish","format-standard","has-post-thumbnail","category-vilag","tag-abraham-lincoln","tag-amerikai-elnok","tag-donald-trump","tag-franklin-delano-roosevelt","tag-george-washington","tag-hungarian","tag-magyar","tag-news","tag-rangsor","tag-vilag","tag-world","tag-world-news","tag-zacc"],"share_on_mastodon":{"url":"https:\/\/pubeurope.com\/@hu\/117173382631726780","error":""},"_links":{"self":[{"href":"https:\/\/www.europesays.com\/hu\/wp-json\/wp\/v2\/posts\/224271","targetHints":{"allow":["GET"]}}],"collection":[{"href":"https:\/\/www.europesays.com\/hu\/wp-json\/wp\/v2\/posts"}],"about":[{"href":"https:\/\/www.europesays.com\/hu\/wp-json\/wp\/v2\/types\/post"}],"author":[{"embeddable":true,"href":"https:\/\/www.europesays.com\/hu\/wp-json\/wp\/v2\/users\/2"}],"replies":[{"embeddable":true,"href":"https:\/\/www.europesays.com\/hu\/wp-json\/wp\/v2\/comments?post=224271"}],"version-history":[{"count":0,"href":"https:\/\/www.europesays.com\/hu\/wp-json\/wp\/v2\/posts\/224271\/revisions"}],"wp:featuredmedia":[{"embeddable":true,"href":"https:\/\/www.europesays.com\/hu\/wp-json\/wp\/v2\/media\/224272"}],"wp:attachment":[{"href":"https:\/\/www.europesays.com\/hu\/wp-json\/wp\/v2\/media?parent=224271"}],"wp:term":[{"taxonomy":"category","embeddable":true,"href":"https:\/\/www.europesays.com\/hu\/wp-json\/wp\/v2\/categories?post=224271"},{"taxonomy":"post_tag","embeddable":true,"href":"https:\/\/www.europesays.com\/hu\/wp-json\/wp\/v2\/tags?post=224271"}],"curies":[{"name":"wp","href":"https:\/\/api.w.org\/{rel}","templated":true}]}}