{"id":224273,"date":"2026-08-28T13:31:08","date_gmt":"2026-08-28T13:31:08","guid":{"rendered":"https:\/\/www.europesays.com\/hu\/224273\/"},"modified":"2026-08-28T13:31:08","modified_gmt":"2026-08-28T13:31:08","slug":"jo-lenne-ha-magyar-peter-nem-a-nagytoket-noszogatna-az-allami-unnepseg-megtamogatasara","status":"publish","type":"post","link":"https:\/\/www.europesays.com\/hu\/224273\/","title":{"rendered":"J\u00f3 lenne, ha Magyar P\u00e9ter nem a nagyt\u0151k\u00e9t noszogatn\u00e1 az \u00e1llami \u00fcnneps\u00e9g megt\u00e1mogat\u00e1s\u00e1ra"},"content":{"rendered":"<p class=\"\">\n    \u201eTeremts\u00fcnk ebb\u0151l hagyom\u00e1nyt, hogy ne kelljen a minisztereln\u00f6knek mindig sz\u00f3lnia, hogy van t\u00e1rsadalmi felel\u0151ss\u00e9gv\u00e1llal\u00e1s\u201d \u2013 <a href=\"https:\/\/444.hu\/2026\/08\/23\/magyar-peter-szerint-meltanyos-lenne-ha-a-cegek-is-beszallnanak-az-oktober-23-i-unnepsegek-finanszirozasaba\" target=\"_blank\" class=\"docs-creator\" rel=\"nofollow noopener\">mondta Magyar P\u00e9ter a minap<\/a> Pakson, amikor arr\u00f3l \u00e9rtekezett, hogy a korm\u00e1ny szerint \u201em\u00e9lt\u00e1nyos \u00e9s helyes\u201d lenne, ha az idei, jubileumi okt\u00f3ber 23-i \u00fcnneps\u00e9g k\u00f6lts\u00e9geit nem kiz\u00e1r\u00f3lag az ad\u00f3fizet\u0151k \u00e1lln\u00e1k, hanem magyar kis- \u00e9s nagyv\u00e1llalatok, illetve Magyarorsz\u00e1gon m\u0171k\u00f6d\u0151 nemzetk\u00f6zi c\u00e9gek is besz\u00e1lln\u00e1nak a b\u00fcdzs\u00e9be. Magyar szerint az \u00f6tletet a paksi atomer\u0151m\u0171 v\u00e9delm\u00e9re \u00e9rkezett v\u00e1llalati felaj\u00e1nl\u00e1sok adt\u00e1k.\n  <\/p>\n<p class=\"\">\n    Val\u00f3ban el\u00e9gg\u00e9 \u00fcdv\u00f6s lenne, ha a minisztereln\u00f6k \u00fagy \u00e1ltal\u00e1ban v\u00e9ve nem sz\u00f3lna ilyen dolgok miatt (sem).\n  <\/p>\n<p class=\"\">\n    Az egy dolog, hogy a hav\u00e1ria idej\u00e9n a minisztereln\u00f6k <a href=\"https:\/\/444.hu\/2026\/08\/13\/tobb-ceg-is-felajanlotta-a-segitseget-de-ner-es-vallalatok-nincsenek-koztuk-a-paksi-helyzetrol-tajekoztat-magyar-peter\" target=\"_blank\" class=\"docs-creator\" rel=\"nofollow noopener\">felsz\u00f3l\u00edtgatta<\/a> egyes v\u00e1llalatok fejeit, hogy adjanak ezt-azt, hogy meg lehessen emelni a Duna v\u00edzszintj\u00e9t. Ez egy olyan helyzet, amiben t\u00e9nyleg fontos a t\u00e1rsadalmi felel\u0151ss\u00e9gv\u00e1llal\u00e1s, \u00e9s joggal elv\u00e1rhat\u00f3 att\u00f3l, akinek van megfelel\u0151 er\u0151forr\u00e1sa, hogy beseg\u00edtsen a katasztr\u00f3fa elh\u00e1r\u00edt\u00e1s\u00e1ba. Ett\u0151l f\u00fcggetlen\u00fcl is ink\u00e1bb egyfajta populista kieg\u00e9sz\u00edt\u0151 megjegyz\u00e9s volt ez a minisztereln\u00f6k r\u00e9sz\u00e9r\u0151l, hiszen legal\u00e1bb lehetett <a href=\"https:\/\/444.hu\/2026\/08\/14\/magyar-peter-orban-gyozo-tiborcz-istvan-es-schmidt-maria-eddig-semmit-sem-ajanlott-fel-a-paksi-epitkezeshez\" target=\"_blank\" class=\"docs-creator\" rel=\"nofollow noopener\">kicsit emlegetni<\/a> Tiborcz Istv\u00e1nt meg Orb\u00e1n Gy\u0151z\u0151t, meg <a href=\"https:\/\/444.hu\/2026\/08\/13\/tobb-ceg-is-felajanlotta-a-segitseget-de-ner-es-vallalatok-nincsenek-koztuk-a-paksi-helyzetrol-tajekoztat-magyar-peter\" target=\"_blank\" class=\"docs-creator\" rel=\"nofollow noopener\">lehetett ironiz\u00e1lni<\/a> M\u00e9sz\u00e1ros L\u0151rinc jachtj\u00e1n (amit az emlegetett term\u00e9szetesen nem aj\u00e1nlott fel els\u00fcllyeszt\u00e9sre), ellenben legal\u00e1bb Garancsi Istv\u00e1n \u00e9s Sz\u00edj L\u00e1szl\u00f3 c\u00e9geik r\u00e9v\u00e9n <a href=\"https:\/\/444.hu\/2026\/08\/13\/magyar-peter-beszolasa-utan-garancsi-cege-felajanlott-10-ezer-tonna-kovet\" target=\"_blank\" class=\"docs-creator\" rel=\"nofollow noopener\">megtal\u00e1lhatt\u00e1k a m\u00e9lyen magukba rejtett filantr\u00f3pot<\/a>.\n  <\/p>\n<p class=\"\">\n    Egy \u00e1llami \u00fcnneps\u00e9g viszont teljesen m\u00e1s kateg\u00f3ria.\n  <\/p>\n<p class=\"\">\n    Nem v\u00e9letlen\u00fcl nevezik \u0151ket \u00e1llami \u00fcnneps\u00e9geknek, \u00e9s nem magyar kis- \u00e9s nagyv\u00e1llalatok \u00e9s\/vagy Magyarorsz\u00e1gon m\u0171k\u00f6d\u0151 nemzetk\u00f6zi c\u00e9gek \u00fcnneps\u00e9g\u00e9nek.\n  <\/p>\n<p>            Csatlakozz a K\u00f6rh\u00f6z, \u00e9s olvass tov\u00e1bb!<\/p>\n<p class=\"_1dy6oyq4l _1dy6oyq3q\">\n<p>            Ezt a cikket teljes terjedelm\u00e9ben csak el\u0151fizet\u0151ink olvashatj\u00e1k el. L\u00e9gy r\u00e9sze a k\u00f6z\u00f6ss\u00e9g\u00fcnknek, seg\u00edtsd a 444 m\u0171k\u00f6d\u00e9s\u00e9t!<\/p>\n<p>        Megn\u00e9zem a csomagokat<\/p>\n<p>          M\u00e1r el\u0151fizet\u0151nk vagy?<br \/>\n            Jelentkezz be!<\/p>\n","protected":false},"excerpt":{"rendered":"\u201eTeremts\u00fcnk ebb\u0151l hagyom\u00e1nyt, hogy ne kelljen a minisztereln\u00f6knek mindig sz\u00f3lnia, hogy van t\u00e1rsadalmi felel\u0151ss\u00e9gv\u00e1llal\u00e1s\u201d \u2013 mondta Magyar P\u00e9ter&hellip;\n","protected":false},"author":2,"featured_media":224274,"comment_status":"","ping_status":"","sticky":false,"template":"","format":"standard","meta":{"footnotes":"","_share_on_mastodon":"0"},"categories":[6],"tags":[28874,14630,11234,44,42,40,43,944,41,2949,66,7279,59897,953],"class_list":["post-224273","post","type-post","status-publish","format-standard","has-post-thumbnail","category-magyarorszag","tag-1956-os-forradalom","tag-allami-unnepseg","tag-garancsi-istvan","tag-hu","tag-hungarian","tag-hungary","tag-magyar","tag-magyar-peter","tag-magyarorszag","tag-meszaros-lorinc","tag-orban-viktor","tag-paksi-atomeromu","tag-szij-laszlo","tag-velemeny"],"share_on_mastodon":{"url":"https:\/\/pubeurope.com\/@hu\/117173386682549050","error":""},"_links":{"self":[{"href":"https:\/\/www.europesays.com\/hu\/wp-json\/wp\/v2\/posts\/224273","targetHints":{"allow":["GET"]}}],"collection":[{"href":"https:\/\/www.europesays.com\/hu\/wp-json\/wp\/v2\/posts"}],"about":[{"href":"https:\/\/www.europesays.com\/hu\/wp-json\/wp\/v2\/types\/post"}],"author":[{"embeddable":true,"href":"https:\/\/www.europesays.com\/hu\/wp-json\/wp\/v2\/users\/2"}],"replies":[{"embeddable":true,"href":"https:\/\/www.europesays.com\/hu\/wp-json\/wp\/v2\/comments?post=224273"}],"version-history":[{"count":0,"href":"https:\/\/www.europesays.com\/hu\/wp-json\/wp\/v2\/posts\/224273\/revisions"}],"wp:featuredmedia":[{"embeddable":true,"href":"https:\/\/www.europesays.com\/hu\/wp-json\/wp\/v2\/media\/224274"}],"wp:attachment":[{"href":"https:\/\/www.europesays.com\/hu\/wp-json\/wp\/v2\/media?parent=224273"}],"wp:term":[{"taxonomy":"category","embeddable":true,"href":"https:\/\/www.europesays.com\/hu\/wp-json\/wp\/v2\/categories?post=224273"},{"taxonomy":"post_tag","embeddable":true,"href":"https:\/\/www.europesays.com\/hu\/wp-json\/wp\/v2\/tags?post=224273"}],"curies":[{"name":"wp","href":"https:\/\/api.w.org\/{rel}","templated":true}]}}