{"id":224285,"date":"2026-08-28T13:43:13","date_gmt":"2026-08-28T13:43:13","guid":{"rendered":"https:\/\/www.europesays.com\/hu\/224285\/"},"modified":"2026-08-28T13:43:13","modified_gmt":"2026-08-28T13:43:13","slug":"tortenelmi-insegkovek-kerultek-felszinre-europa-kiszarado-folyoiban-mult-kor","status":"publish","type":"post","link":"https:\/\/www.europesays.com\/hu\/224285\/","title":{"rendered":"T\u00f6rt\u00e9nelmi \u00edns\u00e9gk\u00f6vek ker\u00fcltek felsz\u00ednre Eur\u00f3pa kisz\u00e1rad\u00f3 foly\u00f3iban \u00bb M\u00falt-kor"},"content":{"rendered":"<p>\n2026. augusztus 28.-M\u00falt-kor\t\t\t<\/p>\n<p class=\"fw-bold\">A K\u00f6z\u00e9p-Eur\u00f3p\u00e1t s\u00fajt\u00f3 asz\u00e1lyos id\u0151j\u00e1r\u00e1s \u00e9s a foly\u00f3k rekordalacsony v\u00edz\u00e1ll\u00e1sa miatt ism\u00e9t felsz\u00ednre ker\u00fcltek a medrekben tal\u00e1lhat\u00f3 t\u00f6rt\u00e9nelmi \u00edns\u00e9gk\u00f6vek. Az Elb\u00e1n, a Rajn\u00e1n, valamint a Duna budapesti szakasz\u00e1n tal\u00e1lhat\u00f3 szikl\u00e1k \u00e9s v\u00e9s\u00e9sek \u00e9vsz\u00e1zadok \u00f3ta \u0151rzik a rendk\u00edv\u00fcli sz\u00e1razs\u00e1gok eml\u00e9k\u00e9t. A jelens\u00e9g r\u00e1vil\u00e1g\u00edt arra, hogy az \u00f3ri\u00e1si sz\u00e1razs\u00e1gok \u00e9s a v\u00edzszintcs\u00f6kken\u00e9sek nem csup\u00e1n a modern kor kih\u00edv\u00e1sai, hanem a t\u00f6rt\u00e9nelem sor\u00e1n is s\u00falyos gazdas\u00e1gi \u00e9s t\u00e1rsadalmi v\u00e1ls\u00e1gokat id\u00e9ztek el\u0151 a r\u00e9gi\u00f3ban.<\/p>\n<p>\u00d6sszefoglal\u00f3<\/p>\n<p>A k\u00f6z\u00e9p-eur\u00f3pai foly\u00f3k rendk\u00edv\u00fcl alacsony v\u00edz\u00e1ll\u00e1sa miatt ism\u00e9t l\u00e1that\u00f3v\u00e1 v\u00e1ltak az \u00e9vsz\u00e1zadokkal ezel\u0151tt mederbe v\u00e9sett t\u00f6rt\u00e9nelmi \u00edns\u00e9gk\u00f6vek.A jel\u00f6l\u00e9sek a 15. \u00e9s 20. sz\u00e1zad k\u00f6z\u00f6tti asz\u00e1lyos id\u0151szakok pontos d\u00e1tumait, valamint a meg\u00e9lhet\u00e9st fenyeget\u0151 alacsony v\u00edzszinteket \u00f6r\u00f6k\u00edtik meg.A Duna budapesti szakasz\u00e1n tal\u00e1lhat\u00f3 \u00cdns\u00e9g-szikla a Rajna \u00e9s az Elba menti k\u00f6vekhez hasonl\u00f3an a korabeli kl\u00edmat\u00f6rt\u00e9net fizikai mement\u00f3jak\u00e9nt szolg\u00e1l.<\/p>\n<p><img loading=\"lazy\" decoding=\"async\" src=\"https:\/\/www.europesays.com\/hu\/wp-content\/uploads\/2026\/08\/72368.webp\" width=\"1000\" height=\"600\" border=\"0\" alt=\"\" class=\"w-100\"\/><br \/>\nK\u00e9sz\u00edtette: Derzsi Elekes Andor &#8211; A felt\u00f6lt\u0151 saj\u00e1t munk\u00e1ja, CC BY-SA 3.0<\/p>\n<p>Az \u00fagynevezett \u00edns\u00e9gk\u00f6vek olyan term\u00e9szetes meder\u00e1gyi szikl\u00e1k vagy mesters\u00e9gesen elhelyezett t\u00f6mb\u00f6k, amelyekbe az el\u0151deink a sz\u00e9ls\u0151s\u00e9gesen alacsony v\u00edz\u00e1ll\u00e1sok \u00e9vsz\u00e1mait \u00e9s az akkori v\u00edzszintjelet v\u00e9st\u00e9k be.<\/p>\n<p><a aria-label=\"Megn\u00e9zem: Hunger stones: The history behind &#039;if you see me, weep&#039;\" href=\"https:\/\/www.dw.com\/en\/hunger-stones-the-history-behind-if-you-see-me-weep\/a-78345729\" target=\"_blank\" rel=\"nofollow noopener\"><img decoding=\"async\" alt=\"Hunger stones: The history behind 'if you see me, weep'\" class=\"tw:w-25 rounded-2 object-fit-cover tw:aspect-square tw:sm:aspect-[4\/3]\" src=\"https:\/\/static.dw.com\/im1K3\/78369577_6.jpg\"\/><\/a><\/p>\n<p>A legr\u00e9gebbi feliratok a 15. sz\u00e1zadb\u00f3l sz\u00e1rmaznak, de a t\u00f6bbs\u00e9g\u00fck a 18., 19. \u00e9s 20. sz\u00e1zad asz\u00e1lyos esztendeit \u00f6r\u00f6k\u00edti meg. Az Elba ment\u00e9n, a csehorsz\u00e1gi D\u011b\u010d\u00edn k\u00f6zel\u00e9ben tal\u00e1lhat\u00f3 az egyik legh\u00edresebb \u00edns\u00e9gk\u0151, amelyen egy 1904-b\u0151l sz\u00e1rmaz\u00f3 felirat l\u00e1that\u00f3: \u201eHa engem l\u00e1tsz, s\u00edrj!\u201d A megfogalmaz\u00e1s arra a gazdas\u00e1gi csap\u00e1sra utalt, amelyet a foly\u00f3 kisz\u00e1rad\u00e1sa jelentett, hiszen a haj\u00f3z\u00e1s le\u00e1ll\u00e1sa miatt a haj\u00f3vontat\u00f3k, a kik\u00f6t\u0151i munk\u00e1sok \u00e9s a f\u00f6ldm\u0171vesek azonnal elvesz\u00edtett\u00e9k a meg\u00e9lhet\u00e9s\u00fcket.<\/p>\n<p>A Climate of the Past c\u00edm\u0171 foly\u00f3iratban k\u00f6zz\u00e9tett kor\u00e1bbi vizsg\u00e1latok kimutatt\u00e1k, hogy a d\u011b\u010d\u00edni k\u00f6v\u00f6n l\u00e9v\u0151 1868 \u00e9s 1957 k\u00f6z\u00f6tti m\u00e9r\u00e9sek centim\u00e9teres pontoss\u00e1ggal egyeznek a hivatalos v\u00edz\u00e1ll\u00e1si feljegyz\u00e9sekkel.<\/p>\n<p><a aria-label=\"Megn\u00e9zem: Low water stage marks on hunger stones: verification for the Elbe from 1616 to 2015\" href=\"https:\/\/cp.copernicus.org\/articles\/16\/1821\/2020\/\" target=\"_blank\" rel=\"nofollow noopener\"><img decoding=\"async\" alt=\"Low water stage marks on hunger stones: verification for the Elbe from 1616 to 2015\" class=\"tw:w-25 rounded-2 object-fit-cover tw:aspect-square tw:sm:aspect-[4\/3]\" src=\"https:\/\/www.europesays.com\/hu\/wp-content\/uploads\/2026\/08\/cp-16-1821-2020-avatar-web.png\"\/><\/a><\/p>\n<p>Hasonl\u00f3 t\u00f6rt\u00e9nelmi mement\u00f3 tal\u00e1lhat\u00f3 Magyarorsz\u00e1gon is: a Duna budapesti szakasz\u00e1n, a Gell\u00e9rt-hegy l\u00e1b\u00e1n\u00e1l, a Szabads\u00e1g h\u00edd k\u00f6zel\u00e9ben fekv\u0151 \u00cdns\u00e9g-szikla. A term\u00e9szetes z\u00e1tony kiz\u00e1r\u00f3lag tart\u00f3san alacsony, 95 centim\u00e9ter alatti v\u00edz\u00e1ll\u00e1s eset\u00e9n emelkedik a v\u00edzfelsz\u00edn f\u00f6l\u00e9. A n\u00e9pi eml\u00e9kezet \u00fagy tartja, hogy a szikla felt\u0171n\u00e9se az asz\u00e1ly, az alacsony term\u00e9shozam \u00e9s az azt k\u00f6vet\u0151 \u00e9h\u00edns\u00e9g k\u00f6zeledt\u00e9t jelezte a helyi lakoss\u00e1gnak. Az \u00cdns\u00e9g-szikla a k\u00f6z\u00e9p-eur\u00f3pai \u00edns\u00e9gk\u00f6vekkel azonos t\u00f6rt\u00e9nelmi \u00e9s k\u00f6rnyezeti kateg\u00f3ri\u00e1t k\u00e9pvisel, bizony\u00edtva, hogy a K\u00e1rp\u00e1t-medenc\u00e9ben \u00e9l\u0151 k\u00f6z\u00f6ss\u00e9gek szint\u00e9n szorosan f\u00fcggtek a nagy folyamok v\u00edzj\u00e1r\u00e1s\u00e1t\u00f3l.<\/p>\n<p>A foly\u00f3medrek kisz\u00e1rad\u00e1sa nemcsak a k\u00f6vekre \u00e9s szikl\u00e1kra v\u00e9sett figyelmeztet\u00e9seket hozza a felsz\u00ednre, hanem sz\u00e1mos egy\u00e9b r\u00e9g\u00e9szeti leletet is. Az ut\u00f3bbi \u00e9vek \u00e9s a jelenlegi ny\u00e1r alacsony v\u00edz\u00e1ll\u00e1sai sor\u00e1n a dunai \u00e9s rajnai szakaszokon m\u00e1sodik vil\u00e1gh\u00e1bor\u00fas hadihaj\u00f3k roncsai, \u00f3kori r\u00f3mai h\u00eddalapok, valamint j\u00e9gkorszaki mamutcsontok is el\u0151ker\u00fcltek az \u00fcled\u00e9k al\u00f3l.<\/p>\n<p>A csehorsz\u00e1gi Doln\u00ed \u017dleb, a n\u00e9metorsz\u00e1gi Leverkusen \u00e9s Pirna mellett felt\u00e1rul\u00f3 \u00edns\u00e9gk\u00f6vek a helyi m\u00fazeumok \u00e9s kl\u00edmakutat\u00f3k sz\u00e1m\u00e1ra is kiemelten fontosak. A v\u00edzb\u0151l kiemelked\u0151 feliratok ugyanis pontos fizikai bizony\u00edt\u00e9kk\u00e9nt szolg\u00e1lnak a t\u00f6rt\u00e9neti kl\u00edmakutat\u00e1s sz\u00e1m\u00e1ra, bemutatva a rendk\u00edv\u00fcli sz\u00e1razs\u00e1gok ciklikus visszat\u00e9r\u00e9s\u00e9t a kontinesen.<\/p>\n","protected":false},"excerpt":{"rendered":"2026. augusztus 28.-M\u00falt-kor A K\u00f6z\u00e9p-Eur\u00f3p\u00e1t s\u00fajt\u00f3 asz\u00e1lyos id\u0151j\u00e1r\u00e1s \u00e9s a foly\u00f3k rekordalacsony v\u00edz\u00e1ll\u00e1sa miatt ism\u00e9t felsz\u00ednre ker\u00fcltek a&hellip;\n","protected":false},"author":2,"featured_media":224286,"comment_status":"","ping_status":"","sticky":false,"template":"","format":"standard","meta":{"footnotes":"","_share_on_mastodon":"0"},"categories":[3],"tags":[107,106,105,42,43,8530,55428,5991,9339,55429],"class_list":["post-224285","post","type-post","status-publish","format-standard","has-post-thumbnail","category-europa","tag-eu","tag-europa","tag-europe","tag-hungarian","tag-magyar","tag-magyar-tortenelem","tag-mult-kor","tag-regeszet","tag-tortenelmi-hirek","tag-tortenelmi-magazin"],"share_on_mastodon":{"url":"https:\/\/pubeurope.com\/@hu\/117173434056544784","error":""},"_links":{"self":[{"href":"https:\/\/www.europesays.com\/hu\/wp-json\/wp\/v2\/posts\/224285","targetHints":{"allow":["GET"]}}],"collection":[{"href":"https:\/\/www.europesays.com\/hu\/wp-json\/wp\/v2\/posts"}],"about":[{"href":"https:\/\/www.europesays.com\/hu\/wp-json\/wp\/v2\/types\/post"}],"author":[{"embeddable":true,"href":"https:\/\/www.europesays.com\/hu\/wp-json\/wp\/v2\/users\/2"}],"replies":[{"embeddable":true,"href":"https:\/\/www.europesays.com\/hu\/wp-json\/wp\/v2\/comments?post=224285"}],"version-history":[{"count":0,"href":"https:\/\/www.europesays.com\/hu\/wp-json\/wp\/v2\/posts\/224285\/revisions"}],"wp:featuredmedia":[{"embeddable":true,"href":"https:\/\/www.europesays.com\/hu\/wp-json\/wp\/v2\/media\/224286"}],"wp:attachment":[{"href":"https:\/\/www.europesays.com\/hu\/wp-json\/wp\/v2\/media?parent=224285"}],"wp:term":[{"taxonomy":"category","embeddable":true,"href":"https:\/\/www.europesays.com\/hu\/wp-json\/wp\/v2\/categories?post=224285"},{"taxonomy":"post_tag","embeddable":true,"href":"https:\/\/www.europesays.com\/hu\/wp-json\/wp\/v2\/tags?post=224285"}],"curies":[{"name":"wp","href":"https:\/\/api.w.org\/{rel}","templated":true}]}}