{"id":224316,"date":"2026-08-28T14:07:15","date_gmt":"2026-08-28T14:07:15","guid":{"rendered":"https:\/\/www.europesays.com\/hu\/224316\/"},"modified":"2026-08-28T14:07:15","modified_gmt":"2026-08-28T14:07:15","slug":"ben-affleck-es-jennifer-garner-17-eves-lanya-friss-foton-finnek-rovid-fius-frizuraja-van-vilagsztar","status":"publish","type":"post","link":"https:\/\/www.europesays.com\/hu\/224316\/","title":{"rendered":"Ben Affleck \u00e9s Jennifer Garner 17 \u00e9ves l\u00e1nya friss fot\u00f3n: Finnek r\u00f6vid, fi\u00fas frizur\u00e1ja van &#8211; Vil\u00e1gszt\u00e1r"},"content":{"rendered":"<p>Leesett a rajong\u00f3k \u00e1lla, amikor megl\u00e1tt\u00e1k a legfrissebb lesifot\u00f3kat Ben Affleck \u00e9s Jennifer Garner gyerekeir\u0151l. A hollywoodi sz\u00edn\u00e9szt a k\u00e9t nagyobbik l\u00e1ny\u00e1val kapt\u00e1k lencsev\u00e9gre egy k\u00f6z\u00f6s vacsora alkalm\u00e1val, a r\u00f3luk k\u00e9sz\u00fclt k\u00e9pek pedig mindenkit megleptek.<\/p>\n<p>                        Ben Affleck \u00e9s Jennifer Garner l\u00e1nyai<\/p>\n<p>A hollywoodi sz\u00edn\u00e9sz ez\u00fattal csak a k\u00e9t id\u0151sebb gyermek\u00e9t vitte el egy n\u00e9pszer\u0171 Santa Monica-i \u00e9tterembe. A testv\u00e9rek megjelen\u00e9se azonnal szemet sz\u00fart mindenkinek, hiszen a st\u00edlusuk sz\u00f6ges ellent\u00e9te egym\u00e1snak.<\/p>\n<p>                            <img decoding=\"async\" id=\"kep_szerkfoto_image_71248411\" src=\"https:\/\/www.europesays.com\/hu\/wp-content\/uploads\/2026\/08\/71248411_98add080d203b98f8771fb2420cdb3ce_wm.jpg\" loading=\"lazy\" alt=\"Fin kant\u00e1ros nadr\u00e1gban \u00e9s pulcsiban ment a vacsor\u00e1ra.\" data-image_width=\"1500\" data-image_height=\"1228\" width=\"1500\" height=\"1228\"\/>Fin kant\u00e1ros nadr\u00e1gban \u00e9s pulcsiban ment a vacsor\u00e1ra.<\/p>\n<p>Fot\u00f3: Profimedia<\/p>\n<p>A 17 \u00e9ves Fin nagyon laza, r\u00f6vid, fi\u00fas frizur\u00e1t viselt. A tin\u00e9dzser ugyanis 2024 \u00e1prilis\u00e1ban nyilv\u00e1nosan is bejelentette, hogy transznem\u0171k\u00e9nt \u00e9s nembin\u00e1risk\u00e9nt azonos\u00edtja mag\u00e1t.<\/p>\n<p>A nyilv\u00e1noss\u00e1g el\u0151tt el\u0151sz\u00f6r 2024 tavasz\u00e1n, nagyapja b\u00facs\u00faztat\u00f3j\u00e1n sz\u00f3lalt fel az \u00faj nev\u00e9n. A templomi szertart\u00e1son, a mikrofonhoz l\u00e9pve \u00edgy mutatkozott be a gy\u00e1szol\u00f3knak:<\/p>\n<p>&#8211; \u00dcdv\u00f6zl\u00f6k mindenkit, a nevem Fin Affleck.<\/p>\n<p>Ezzel a l\u00e9p\u00e9ssel hivatalosan is maga m\u00f6g\u00f6tt hagyta a sz\u00fclet\u00e9sekor kapott Seraphina nevet. A csal\u00e1di vacsor\u00e1ra is egy rendk\u00edv\u00fcl lezser, f\u00e9rfiasabb szettet v\u00e1lasztott: egy s\u00f6t\u00e9t sz\u00edn\u0171, b\u0151 kant\u00e1ros nadr\u00e1got h\u00fazott, ami al\u00e1 egy egyszer\u0171 hossz\u00fa ujj\u00fa pulcsit vett fel. A megjelen\u00e9st szem\u00fcveggel, egy keresztp\u00e1ntos t\u00e1sk\u00e1val \u00e9s sportcip\u0151vel tette teljess\u00e9.<\/p>\n<p>                            <img decoding=\"async\" id=\"kep_szerkfoto_image_71248415\" src=\"https:\/\/www.europesays.com\/hu\/wp-content\/uploads\/2026\/08\/71248415_b6d5b1aab6598bccf2ab1eafda6410b2_wm.jpg\" loading=\"lazy\" alt=\"Violet maszkot \u00e9s szokny\u00e1t viselt.\" data-image_width=\"1500\" data-image_height=\"1437\" width=\"1500\" height=\"1437\"\/>Violet maszkot \u00e9s szokny\u00e1t viselt.<\/p>\n<p>Fot\u00f3: Profimedia<\/p>\n<p>M\u00edg Fin a vag\u00e1ny, laza vonalat k\u00e9pviselte, addig a legid\u0151sebb testv\u00e9r, <a href=\"http:\/\/femina.hu\/vilagsztar\/violet-affleck-jennifer-garner-ben-affleck-lanya\/\" id=\"hyperlink_3e3d9105629eeeafa37474ba36d0f141\" target=\"_blank\" title=\"Jennifer Garner \u00e9s Ben Affleck 20 \u00e9ves l\u00e1nya: Violet term\u00e9szetes sz\u00e9ps\u00e9g\" rel=\"nofollow noopener\">a\u00a0 20 \u00e9ves egyetemista Violet<\/a> egy t\u00e9rd al\u00e1 \u00e9r\u0151 piros szokny\u00e1t vett fel, amit egy mint\u00e1s fels\u0151vel, lila kardig\u00e1nnal, mint\u00e1s zoknival \u00e9s tornacip\u0151vel p\u00e1ros\u00edtott. Ami viszont sokaknak azonnal felt\u0171nt, hogy a fiatal l\u00e1ny ez\u00fattal is maszkot viselt az arc\u00e1n.<\/p>\n<p>A maszk hord\u00e1sa n\u00e1la nem egy beragadt szok\u00e1s, hiszen az ut\u00f3bbi \u00e9vekben Violet a tiszta leveg\u0151 \u00e9s a maszkvisel\u00e9s elk\u00f6telezett aktivist\u00e1ja lett. 2019-ben ugyanis elkapott egy s\u00falyos, posztv\u00edrusos betegs\u00e9get, amikor is a saj\u00e1t b\u0151r\u00e9n tapasztalta meg, hogy a az orvostudom\u00e1ny sem tudja a v\u00e1laszt mindenre, ez\u00e9rt sz\u00e1m\u00e1ra a maszk a Covid \u00e9s sok m\u00e1s fert\u0151z\u0151 betegs\u00e9g elleni v\u00e9dekez\u00e9s legfontosabb eszk\u00f6ze.<\/p>\n<p>A testv\u00e9rek \u00e9desanyja a gy\u00f6ny\u00f6r\u0171 sz\u00edn\u00e9szn\u0151, Jennifer Garner.<\/p>\n<p>                            <img decoding=\"async\" id=\"kep_szerkfoto_image_71248515\" src=\"https:\/\/www.europesays.com\/hu\/wp-content\/uploads\/2026\/08\/71248515_ea6ee19b400cb684ee2f322c63a9e769_wm.jpg\" loading=\"lazy\" alt=\"ben affleck jennifer garner\" data-image_width=\"1500\" data-image_height=\"2387\" width=\"1500\" height=\"2387\"\/><\/p>\n<p>Fot\u00f3: Steve Zak Photography \/ Getty Images Hungary<\/p>\n<p>A szt\u00e1rp\u00e1r m\u00e9g 2005-ben h\u00e1zasodott \u00f6ssze, \u00e9s hossz\u00fa \u00e9veken \u00e1t Hollywood egyik legszebb \u00e1lomp\u00e1rj\u00e1nak sz\u00e1m\u00edtottak. A kapcsolatuk azonban k\u00e9s\u0151bb megromlott, 2015-ben bejelentett\u00e9k a szak\u00edt\u00e1sukat, a v\u00e1l\u00e1sukat pedig h\u00e1rom \u00e9vvel k\u00e9s\u0151bb, 2018-ban v\u00e9gleges\u00edtett\u00e9k. A k\u00e9t nagyobbik gyerek mellett van m\u00e9g egy kisfiuk is, <a href=\"http:\/\/femina.hu\/vilagsztar\/jennifer-garner-ben-affleck-fia-samuel\/\" id=\"hyperlink_b117801ff45c14d973496c440ff679e2\" target=\"_blank\" title=\"Jennifer Garner \u00e9s Ben Affleck 14 \u00e9ves fia elk\u00e9peszt\u0151, mennyit n\u0151tt: Samuel j\u00f3k\u00e9p\u0171 tini\" rel=\"nofollow noopener\">a 14 \u00e9ves Samuel<\/a>, aki azonban ezen a mostani vacsor\u00e1n nem tartott az apuk\u00e1j\u00e1val \u00e9s a n\u0151v\u00e9reivel.<\/p>\n<p>B\u00e1r a szt\u00e1rp\u00e1r h\u00e1zass\u00e1ga v\u00e9get \u00e9rt, a k\u00f6z\u00f6s sz\u00fcl\u0151s\u00e9g a mai napig j\u00f3l m\u0171k\u00f6dik k\u00f6z\u00f6tt\u00fck. A sz\u00edn\u00e9szn\u0151 <a href=\"https:\/\/www.hellomagazine.com\/us\/919787\/ben-affleck-kids-violet-and-fin-look-so-grown-up-during-rare-night-out-with-dad\/?utm_medium=social&amp;utm_campaign=hellouk&amp;utm_source=Facebook#Echobox=1787625384\" id=\"hyperlink_f39e77766e6db93023014504c5713b66\" rel=\"nofollow noopener\" target=\"_blank\">egy interj\u00faban kor\u00e1bban is elismer\u0151en besz\u00e9lt volt f\u00e9rj\u00e9r\u0151l<\/a>:<\/p>\n<p>&#8211; A gyerekeim m\u00e1r egy kicsit nagyobbak. Az apjuk hihetetlen\u00fcl j\u00f3 sz\u00fcl\u0151v\u00e9 v\u00e1lt. Csod\u00e1latos. Gondoskodik r\u00f3luk. Ebben nagyszer\u0171 partner. \u00c9s ez nagyon felszabad\u00edt\u00f3.<\/p>\n<p>Ben Affleck is rendszeresen b\u00fcszk\u00e9lkedik a gyerekeivel \u00e9s minden alkalmat megragad, hogy kifejezze, mennyire szereti \u0151ket:\u00a0<\/p>\n<p>&#8211; Nem is lehetn\u00e9k b\u00fcszk\u00e9bb a gyerekeimre. El sem tudom mondani.<\/p>\n<p>                                    <a href=\"https:\/\/femina.hu\/vilagsztar\/matt-damon-lanyai-kozos-kep\/\" title=\"\" rel=\"nofollow noopener\" target=\"_blank\"><br \/>\n                                    <img decoding=\"async\" src=\"https:\/\/www.europesays.com\/hu\/wp-content\/uploads\/2026\/08\/69893143_5156835_92d2b27e1751cbb077711c2da4e8969b_wm.jpg\" alt=\"\" title=\"\"\/><br \/>\n                                <\/a><\/p>\n<p>                                Matt Damon mindh\u00e1rom l\u00e1nya csodasz\u00e9p: Isabella, Stella \u00e9s Gia gy\u00f6ny\u00f6r\u0171ek, mint \u00e9desanyjuk<\/p>\n<p class=\"lead\">Matt Damon k\u00f6z\u00f6s fot\u00f3n szerepelt l\u00e1nyaival, mindh\u00e1rmuk elk\u00e9peszt\u0151 sz\u00e9ps\u00e9g.<\/p>\n<p>                                <a href=\"https:\/\/femina.hu\/vilagsztar\/matt-damon-lanyai-kozos-kep\/\" class=\"btn btn-normal\" rel=\"nofollow noopener\" target=\"_blank\">Elolvasom<\/a><\/p>\n<p>Cover-fot\u00f3: Getty Images Hungary<\/p>\n<p>                                    <img loading=\"lazy\" decoding=\"async\" src=\"https:\/\/www.europesays.com\/hu\/wp-content\/uploads\/2026\/08\/1787926035_897_71205163_730833726a9fc8c72f94426b457d00da_wm.jpg\" width=\"200\" height=\"290\" alt=\"\"\/><br \/>\n                            \t    \t\u00dajrakezdeni \u00e9s meg\u00e9rkezni &#8211; Amikor a v\u00e1ltoz\u00e1s nem lez\u00e1r\u00e1s, hanem egy \u00faj kezdet.<\/p>\n<p>Van, amikor mi d\u00f6nt\u00fcnk a v\u00e1ltoz\u00e1s mellett, m\u00e1skor az \u00e9let k\u00e9nyszer\u00edt r\u00e1. Az \u00fajrakezd\u00e9s sosem k\u00f6nny\u0171, m\u00e9gis ezek a fordul\u00f3pontok visznek k\u00f6zelebb ahhoz, akik val\u00f3j\u00e1ban vagyunk.\u00a0 A Femina Klub \u00e9vadnyit\u00f3 estj\u00e9n\u00a0D. T\u00f3th Kriszta\u00a0\u00e9s\u00a0 \u00a0 Pataki \u00c1gi\u00a0szem\u00e9lyes t\u00f6rt\u00e9neteiken kereszt\u00fcl mes\u00e9lnek\u00a0november 16-\u00e1n a MOMkultban\u00a0az \u00fajrakezd\u00e9sekr\u0151l, az \u00f6nismeretr\u0151l, a d\u00f6nt\u00e9sekr\u0151l \u00e9s azokr\u00f3l a fordul\u00f3pontokr\u00f3l, amelyek v\u00e9g\u00fcl k\u00f6zelebb vitt\u00e9k \u0151ket \u00f6nmagukhoz.<\/p>\n<p><a href=\"https:\/\/feminaklub.hu\/\" rel=\"nofollow noopener\" target=\"_blank\">Biztos\u00edtsd be a helyed most!\u00a0<\/a><\/p>\n<p class=\"promocio\">Prom\u00f3ci\u00f3<\/p>\n<p><a href=\"https:\/\/dex.hu\/x.php?id=googlepref_desktop_femina&amp;url=https:\/\/google.com\/preferences\/source?q=https:\/\/femina.hu\/\" class=\"google-pref-banner \" id=\"googlePrefBanner\" rel=\"nofollow noopener\" target=\"_blank\"><\/p>\n<p>        \u00c1ll\u00edtsd be a Google keres\u0151j\u00e9t, hogy a tal\u00e1latok k\u00f6z\u00f6tt biztos ott legyen a Femina!    <\/p>\n<p><\/a><\/p>\n","protected":false},"excerpt":{"rendered":"Leesett a rajong\u00f3k \u00e1lla, amikor megl\u00e1tt\u00e1k a legfrissebb lesifot\u00f3kat Ben Affleck \u00e9s Jennifer Garner gyerekeir\u0151l. A hollywoodi sz\u00edn\u00e9szt&hellip;\n","protected":false},"author":2,"featured_media":224317,"comment_status":"","ping_status":"","sticky":false,"template":"","format":"standard","meta":{"footnotes":"","_share_on_mastodon":"0"},"categories":[16],"tags":[209,9559,208,137,409,44,42,40,4758,43,41,138,205,907],"class_list":["post-224316","post","type-post","status-publish","format-standard","has-post-thumbnail","category-szorakozas","tag-apa-es-lanya","tag-ben-affleck","tag-csalad","tag-entertainment","tag-hollywood","tag-hu","tag-hungarian","tag-hungary","tag-jennifer-garner","tag-magyar","tag-magyarorszag","tag-szorakozas","tag-sztar","tag-vilagsztar"],"share_on_mastodon":{"url":"https:\/\/pubeurope.com\/@hu\/117173528473054480","error":""},"_links":{"self":[{"href":"https:\/\/www.europesays.com\/hu\/wp-json\/wp\/v2\/posts\/224316","targetHints":{"allow":["GET"]}}],"collection":[{"href":"https:\/\/www.europesays.com\/hu\/wp-json\/wp\/v2\/posts"}],"about":[{"href":"https:\/\/www.europesays.com\/hu\/wp-json\/wp\/v2\/types\/post"}],"author":[{"embeddable":true,"href":"https:\/\/www.europesays.com\/hu\/wp-json\/wp\/v2\/users\/2"}],"replies":[{"embeddable":true,"href":"https:\/\/www.europesays.com\/hu\/wp-json\/wp\/v2\/comments?post=224316"}],"version-history":[{"count":0,"href":"https:\/\/www.europesays.com\/hu\/wp-json\/wp\/v2\/posts\/224316\/revisions"}],"wp:featuredmedia":[{"embeddable":true,"href":"https:\/\/www.europesays.com\/hu\/wp-json\/wp\/v2\/media\/224317"}],"wp:attachment":[{"href":"https:\/\/www.europesays.com\/hu\/wp-json\/wp\/v2\/media?parent=224316"}],"wp:term":[{"taxonomy":"category","embeddable":true,"href":"https:\/\/www.europesays.com\/hu\/wp-json\/wp\/v2\/categories?post=224316"},{"taxonomy":"post_tag","embeddable":true,"href":"https:\/\/www.europesays.com\/hu\/wp-json\/wp\/v2\/tags?post=224316"}],"curies":[{"name":"wp","href":"https:\/\/api.w.org\/{rel}","templated":true}]}}