{"id":224536,"date":"2026-08-28T16:55:18","date_gmt":"2026-08-28T16:55:18","guid":{"rendered":"https:\/\/www.europesays.com\/hu\/224536\/"},"modified":"2026-08-28T16:55:18","modified_gmt":"2026-08-28T16:55:18","slug":"index-fomo-a-judas-priest-alapitoja-az-indexnek-addig-fogunk-zenelni-amig-a-teljesitmenyunk-nem-romlik-le","status":"publish","type":"post","link":"https:\/\/www.europesays.com\/hu\/224536\/","title":{"rendered":"Index &#8211; FOMO &#8211; A Judas Priest alap\u00edt\u00f3ja az Indexnek: Addig fogunk zen\u00e9lni, am\u00edg a teljes\u00edtm\u00e9ny\u00fcnk nem romlik le"},"content":{"rendered":"<p>Nem t\u00falz\u00e1s azt \u00e1ll\u00edtani, hogy a brit Judas Priest a heavy metal t\u00f6rt\u00e9net\u00e9nek egyik legmeghat\u00e1roz\u00f3bb zenekara, amely az 1960-as \u00e9vek v\u00e9g\u00e9n alakult Birminghamben, \u00e9s t\u00f6bb mint \u00f6t \u00e9vtizede a m\u0171faj meghat\u00e1roz\u00f3 szerepl\u0151je. A csapat f\u0151leg a British Steel, a Screaming for Vengeance, a Defenders of the Faith \u00e9s a Painkiller album\u00e1val\u00a0v\u00e1lt megker\u00fclhetetlenn\u00e9, de nemcsak zeneileg form\u00e1lt\u00e1k a heavy metalt, hanem a m\u0171faj arculat\u00e1ra is komoly hat\u00e1ssal voltak: a b\u0151rruh\u00e1k, a szegecsek \u00e9s a motoros eszt\u00e9tika m\u00e1ra szinte elv\u00e1laszthatatlanul \u00f6sszefon\u00f3dott a zenekarral \u00e9s a klasszikus met\u00e1l megjelen\u00e9s\u00e9vel. Ahogy az sem elhanyagolhat\u00f3 t\u00e9nyez\u0151, hogy az eltelt \u00e9vtizedek sor\u00e1n bebizony\u00edtott\u00e1k: egy heavy\u00a0metal banda is k\u00e9pes a folyamatos meg\u00fajul\u00e1sra \u2013 an\u00e9lk\u00fcl, hogy elvesz\u00edten\u00e9 a saj\u00e1t identit\u00e1s\u00e1t.\u00a0<\/p>\n<p>Az egy\u00fcttes egyik alap\u00edt\u00f3 tagja Ian Hill basszusgit\u00e1ros, aki a nulladik perct\u0151l v\u00e9gigk\u00eds\u00e9rhette, hogyan v\u00e1lnak gar\u00e1zszenekarb\u00f3l ar\u00e9n\u00e1kat megt\u00f6lt\u0151 band\u00e1v\u00e1.\u00a0Hill 1969-ben\u00a0egyik j\u00f3 bar\u00e1tj\u00e1val, K. K. Downinggal alap\u00edtotta meg a csapatot,\u00a0amelynek k\u00e9s\u0151bbi klasszikus fel\u00e1ll\u00e1s\u00e1ban Rob Halford, Glenn Tipton \u00e9s K.K. Downing mellett a Judas Priest karakteres hangz\u00e1s\u00e1nak kialak\u00edt\u00e1s\u00e1ban is szerepet j\u00e1tszott \u2013 nem l\u00e1tv\u00e1nyos sz\u00f3l\u00f3kra \u00e9p\u00edt\u0151, hanem ink\u00e1bb szolid git\u00e1rj\u00e1t\u00e9k\u00e1val. B\u00e1r az \u00e9vtizedek sor\u00e1n t\u00f6bb tag is t\u00e1vozott, illetve csatlakozott a zenekarhoz, Hill szem\u00e9lye \u00e1lland\u00f3 kapocs maradt a Judas Priest k\u00fcl\u00f6nb\u00f6z\u0151 korszakai k\u00f6z\u00f6tt.<\/p>\n<p>Ugyan a\u00a0zenekar az elm\u00falt t\u00f6bb mint \u00f6tven \u00e9vben meg\u00e9lt tagcser\u00e9ket, zenei korszakv\u00e1lt\u00e1sokat, sikereket \u00e9s neh\u00e9z id\u0151szakokat, mik\u00f6zben az egyik legjelent\u0151sebb heavy metal egy\u00fcttess\u00e9 n\u0151tte ki mag\u00e1t, a jelenleg 75 \u00e9ves Hill sz\u00e1m\u00e1ra viszont mindez nem csup\u00e1n a karrierr\u0151l sz\u00f3l. Gyakorlatilag az eg\u00e9sz \u00e9let\u00e9t a\u00a0Judas Priest k\u00f6tel\u00e9k\u00e9ben t\u00f6lt\u00f6tte, \u00e9s igen kev\u00e9s zen\u00e9sz mondhatja el mag\u00e1r\u00f3l, hogy egy olyan egy\u00fcttes t\u00f6rt\u00e9net\u00e9nek minden fontos fejezet\u00e9n\u00e9l jelen volt, amelynek zen\u00e9je alapjaiban form\u00e1lta \u00e1t a heavy metal kult\u00far\u00e1j\u00e1t. De hogy \u0151 hogyan gondolkodik err\u0151l, azt egy vide\u00f3interj\u00fa keret\u00e9ben fejtette ki az Indexnek annak aprop\u00f3j\u00e1b\u00f3l, hogy szeptember 1-j\u00e9n a Judas Priest \u2013 azaz\u00a0Rob Halford, Ian Hill, Scott Travis, Richie Faulkner \u00e9s Andy Sneap \u2013 \u00fajra Budapesten l\u00e9p fel, a Papp L\u00e1szl\u00f3 Budapest Sportar\u00e9n\u00e1ban, ami m\u00e1r a hetedik koncertj\u00fck lesz idehaza.\u00a0<\/p>\n<p>Ahogy Hill a besz\u00e9lget\u00e9s elej\u00e9n lesz\u00f6gezte, nagyszer\u0171 eml\u00e9keik vannak Magyarorsz\u00e1gr\u00f3l, \u00e9s legut\u00f3bb, amikor itt j\u00e1rtak, egy kisebb t\u00far\u00e1t is tettek, gyorshaj\u00f3val szelt\u00e9k \u00e1t a Dun\u00e1t. Azt is hozz\u00e1tette, gy\u00f6ny\u00f6r\u0171nek tartja Budapestet, de nemcsak az \u00e9p\u00fcletei, hanem azon emberek miatt is, akikkel itt tal\u00e1lkoztak. Elmond\u00e1sa szerint mindig nagyon meleg fogadtat\u00e1sban r\u00e9szes\u00fclnek, \u00edgy \u00f6r\u00f6m lesz visszat\u00e9rni. Mivel m\u00e1r k\u00f6zel 60 \u00e9v telt el a zenekar megalakul\u00e1sa \u00f3ta, k\u00edv\u00e1ncsiak voltunk arra, hogyan tud m\u00e9g \u00fajszer\u0171 \u00e9lm\u00e9nyk\u00e9nt hatni sz\u00e1mukra egy-egy koncert. Mint kiemelte:\u00a0\u201eMi egyszer\u0171en im\u00e1djuk ezt csin\u00e1lni. Csin\u00e1lhatn\u00e1nk ugyanazt \u00fajra \u00e9s \u00fajra, \u00e9s akkor is im\u00e1dn\u00e1nk, de pr\u00f3b\u00e1lunk v\u00e1ltoztatni, minden alkalommal kicsit m\u00e1sk\u00e9nt csin\u00e1lni: berakunk \u00faj dalokat, r\u00e9gi \u00e9s \u00faj sz\u00e1mok kever\u00e9k\u00e9t j\u00e1tsszuk, hogy a legt\u00f6bb rajong\u00f3t boldogg\u00e1 tegy\u00fck. Vannak persze kihagyhatatlan k\u00f6z\u00f6ns\u00e9gkedvencek, amiket el kell j\u00e1tszani, a fennmarad\u00f3 id\u0151ben pedig keverj\u00fck a r\u00e9gi katal\u00f3gus elemeit az \u00faj album dalaival.\u201d<\/p>\n<p>                        Ez m\u00e9g mindig a Judas Priest<\/p>\n<p>A basszusgit\u00e1rost k\u00e9rdezt\u00fck arr\u00f3l is, ha manaps\u00e1g bes\u00e9t\u00e1l a pr\u00f3baterembe, \u00e9s megpillantja zen\u00e9szt\u00e1rsait, m\u00e9g ugyanannak a band\u00e1nak l\u00e1tja-e magukat, mint ami a kezdetekkor megalakult Birminghamben, amire a k\u00f6vetkez\u0151k\u00e9pp v\u00e1laszolt:\u00a0<\/p>\n<p>Ez egy lass\u00fa folyamat volt, a v\u00e1ltoz\u00e1sok fokozatosan t\u00f6rt\u00e9ntek. Az emberek Andyre \u00fagy tekintenek, mint az \u00faj sr\u00e1cra, pedig m\u00e1r t\u00f6bb mint 8 \u00e9ve vel\u00fcnk van. \u00c9s 8 \u00e9v hossz\u00fa id\u0151 arra, hogy megismerj valakit, \u00e9s ismer\u0151s arcc\u00e1 v\u00e1ljon. Term\u00e9szetesen hi\u00e1nyzik Glenn \u00e9s hi\u00e1nyzik Ken is, de ez a Judas Priest ma. Richie is m\u00e1r 15-16 \u00e9ve van vel\u00fcnk, Scott pedig 1979-ben csatlakozott, sz\u00f3val 37 \u00e9ve van a band\u00e1ban. Zenekarok j\u00f6ttek-mentek ez id\u0151 alatt, de ez m\u00e9g mindig a Judas Priest, mindannyian ismer\u0151s arcok vagyunk.<\/p>\n<p>Hill arr\u00f3l is besz\u00e1molt, nem \u00e9rzi \u00fagy, hogy az eltelt \u00e9vtizedek sor\u00e1n megv\u00e1ltozott volna, ahogy a Judas Priest-rajong\u00f3k viszonyulnak hozz\u00e1juk, megjegyezve: \u201eSzerintem a met\u00e1lrajong\u00f3k nagyszer\u0171ek, mindannyian kicsit \u0151r\u00fcltek, ez\u00e9rt is j\u00f6v\u00fcnk ki olyan j\u00f3l egym\u00e1ssal, de a reakci\u00f3k mindig nagyon hasonl\u00f3ak voltak. A legkor\u00e1bbi id\u0151kben az emberek m\u00e9g nem \u00e9rtett\u00e9k, mit csin\u00e1lunk, csak \u00e9rtetlen\u00fcl b\u00e1multak r\u00e1nk. De a &#8217;70-es \u00e9vek v\u00e9g\u00e9t\u0151l kezdve mindig nagyon hasonl\u00f3 volt a fogadtat\u00e1sunk, \u00e9s ez a mai napig tart, ami j\u00f3 h\u00edr.\u201d\u00a0A zenekar eddig eltelt \u00e9vtizedein nosztalgi\u00e1zva azt is megeml\u00edtette, van olyan albumuk, ami szerinte nem kapta meg a neki j\u00e1r\u00f3 elismer\u00e9st, k\u00f6zt\u00fck az 1981-es\u00a0Point of Entry.\u00a0\u00dagy fogalmazott, ez a lemez sokkal kommerszebb lett, mint a t\u00f6bbi, \u00e9s az emberek hajlamosak elvetni azt, ami kommersz, pedig ett\u0151l f\u00fcggetlen\u00fcl lehet fontos \u00fczenete. \u00a0\u00a0<\/p>\n<p>Ha a zen\u00e9d eljut a r\u00e1di\u00f3kba vagy a mainstream m\u00e9di\u00e1ba, \u00e9s az emberek hallgatj\u00e1k munk\u00e1ba menet vagy otthon, az n\u00e9pszer\u0171s\u00edti a heavy metalt, \u00e9s rengeteg \u00faj emberhez jut el. Ha csak p\u00e1ruknak megtetszik, m\u00e1r meg\u00e9rte, \u00fagyhogy szerintem a\u00a0Point of Entry m\u00e9ltatlanul lett mell\u0151zve. A Turbo volt a m\u00e1sik k\u00eds\u00e9rletez\u0151bb albumunk a git\u00e1rszintetiz\u00e1torokkal, ami nagyon megoszt\u00f3 volt. Egyesek im\u00e1dt\u00e1k, m\u00e1sok ut\u00e1lt\u00e1k, vesz\u00edtett\u00fcnk is n\u00e9h\u00e1ny rajong\u00f3t, de sokat nyert\u00fcnk is vele. Ezekre szeretettel gondol vissza az ember, hiszen az \u00faj dolgokat mi mindig im\u00e1djuk, mert h\u00f3napokig dolgozunk rajtuk<\/p>\n<p>\u2013 tette hozz\u00e1.\u00a0<\/p>\n<p>                        Addig zen\u00e9lnek, am\u00edg nem romlik le a teljes\u00edtm\u00e9ny\u00fck<\/p>\n<p>A zen\u00e9sz sz\u00f3t ejtett az \u00e9ppen k\u00e9sz\u00fcl\u0151 \u00faj lemez\u00fckr\u0151l is, amir\u0151l kor\u00e1bban \u00fagy nyilatkozott, visszat\u00e9rnek a tradicion\u00e1lisabb Judas Priest-hangz\u00e1shoz. Mint mondta, jelenleg Richie, Rob \u00e9s Glenn \u00edrj\u00e1k a dalok t\u00f6bbs\u00e9g\u00e9t, de nem azzal a c\u00e9lzattal \u00fcltek le dolgozni a k\u00f6vetkez\u0151 albumon, hogy mindenk\u00e9pp a zenekar h\u0151skorszak\u00e1t id\u00e9z\u0151 dalokat alkossanak, hanem minden j\u00f6tt mag\u00e1t\u00f3l.\u00a0\u201eEgyszer\u0171en csak \u00e1rad bel\u0151l\u00fck. Az egyetlen c\u00e9lunk mindig az, hogy jobb legyen, mint az el\u0151z\u0151 lemez, vagy legal\u00e1bb olyan j\u00f3. Ez az az ir\u00e1ny, amerre most haladunk. Term\u00e9szetesen lesznek m\u00e9g v\u00e1ltoztat\u00e1sok, m\u00e9g nem fejezt\u00fck be teljesen, alak\u00edtjuk a sz\u00e1msorrendet, de az t\u00e9ny, hogy tradicion\u00e1lisabban sz\u00f3l, mint az el\u0151z\u0151ek\u201d \u2013 mondta, al\u00e1h\u00fazva, az \u00faj szerzem\u00e9nyek tal\u00e1n eml\u00e9keztetni fogj\u00e1k a rajong\u00f3kat a r\u00e9gebbiekre, de ha pontosan ugyanolyan dalokat szerezn\u00e9nek, mint 50 \u00e9ve, akkor nem is lenne \u00e9rtelme csin\u00e1lni, hiszen csak a r\u00e9gm\u00falt eml\u00e9keit meleg\u00edten\u00e9k fel.\u00a0<\/p>\n<p>A basszusgit\u00e1rossal besz\u00e9lgett\u00fcnk arr\u00f3l is, hogy ugyan\u00a02010\u20132011-ben Epitaph n\u00e9ven meghirdettek egy b\u00facs\u00faturn\u00e9t, de az\u00f3ta is akt\u00edvan alkotnak, illetve a Faithkeepers-koncertsorozat keret\u00e9ben j\u00e1rj\u00e1k Eur\u00f3p\u00e1t, amellyel kapcsolatban \u00fagy fogalmazott:\u00a0<\/p>\n<p>Az val\u00f3j\u00e1ban sosem b\u00facs\u00faturn\u00e9nak k\u00e9sz\u00fclt, hanem egy lassabb temp\u00f3j\u00fa turn\u00e9nak. Ez volt a terv, hiszen m\u00e1r nem vagyunk mai csirk\u00e9k. Azt\u00e1n j\u00f6tt Richie a hat\u00e1rtalan lelkesed\u00e9s\u00e9vel \u00e9s az \u00f6tleteivel, ami r\u00e1nk is \u00e1tragadt, \u00edgy visszat\u00e9rt\u00fcnk a r\u00e9gi ker\u00e9kv\u00e1g\u00e1sba, a lemezk\u00e9sz\u00edt\u00e9shez \u00e9s a turn\u00e9z\u00e1shoz. Megl\u00e1tjuk, meddig b\u00edrjuk m\u00e9g<\/p>\n<p>\u2013 mondta, hozz\u00e1t\u00e9ve, ha egyszer \u00fagy d\u00f6ntenek, hogy nem folytatj\u00e1k tov\u00e1bb, azon val\u00f3sz\u00edn\u0171leg nehezebben fogj\u00e1k t\u00faltenni magukat, mint a rajong\u00f3k, hiszen \u0151k maguk m\u00e1r nagyon hossz\u00fa ideje egy\u00fctt zen\u00e9lnek, a fanok pedig v\u00e1ltoznak.\u00a0<\/p>\n<p>A k\u00f6z\u00f6ns\u00e9g folyamatosan cser\u00e9l\u0151dik, sok a fiatal a koncerteken, m\u00edg a vel\u00fcnk egykor\u00faak m\u00e1r nem igaz\u00e1n j\u00e1rnak el. Addig folytatjuk, am\u00edg a teljes\u00edtm\u00e9ny\u00fcnk nem kezd el romlani. Ha ez bek\u00f6vetkezik, el kell gondolkodni a folytat\u00e1sr\u00f3l.<\/p>\n<p>Sz\u00f3t ejtett arr\u00f3l is, hogy amikor a r\u00e9gi \u00f6regek v\u00e9gleg abbahagyj\u00e1k majd a turn\u00e9z\u00e1st \u2013 p\u00e9ldak\u00e9nt eml\u00edtve az Iron Maident, a Deep Purple-t \u00e9s a t\u00f6bbi nagy m\u00falt\u00fa band\u00e1t \u2013, m\u00e1s zenekarok fogj\u00e1k \u00e1tvenni a hely\u00fcket. Hozz\u00e1t\u00e9ve, a heavy metal m\u0171fajt a rajong\u00f3k \u00e9ltetik, \u00e9s \u0151k valami m\u00e1st k\u00f6vetelnek, mint amit a popzene ny\u00fajt. \u201eA pop ott van mindenhol, de vannak emberek, akik k\u00edv\u00e1ncsibbak, rejt\u00e9lyekre v\u00e1gynak: egy nagyszer\u0171 git\u00e1rsz\u00f3l\u00f3ra, egy j\u00f3 dobritmusra, basszusmenetre vagy egy kiemelked\u0151 \u00e9nekesre. Ezek az emberek mindig ott lesznek, \u00e9s ig\u00e9nyelni fogj\u00e1k ezt a zenei vil\u00e1got.\u201d<\/p>\n<p>A besz\u00e9lget\u00e9s v\u00e9g\u00e9n Hill nevetve azt is megjegyezte, ha \u00f6t percre \u00fajra tal\u00e1lkozhatna r\u00e9gi \u00f6nmag\u00e1val, aki 1970-ben m\u00e9g csak nem is sejtette, mekkora karrier \u00e1ll majd el\u0151tte, azt javasoln\u00e1 neki, hogy tartsa meg a polg\u00e1ri \u00e1ll\u00e1s\u00e1t \u2013 hogy ne kelljen \u00e9jszak\u00e1zni. Ahogy azzal a tan\u00e1ccsal is felv\u00e9rtezn\u00e9, hogy higgyen mag\u00e1ban.<\/p>\n<p>Voltak persze rossz d\u00f6nt\u00e9sek \u00e9s kanyarok az \u00faton, de mindenb\u0151l tanul az ember. A b\u00f6lcsess\u00e9g a tapasztalatb\u00f3l fakad, a tapasztalat pedig abb\u00f3l, hogy fiatalon h\u00fclyes\u00e9geket k\u00f6vet\u00fcnk el. Nem mondhatod ut\u00f3lag, hogy ott rossz ir\u00e1nyba fordult\u00e1l, mert nem tudhatod, a m\u00e1sik \u00fat nem lett volna-e m\u00e9g rosszabb. Csak menni kell az ember feje ut\u00e1n.<\/p>\n<p>\n                          (Bor\u00edt\u00f3k\u00e9p:\u00a0Richie Faulkner, Rob Halford \u00e9s Ian Hill a Judas Priestb\u0151l fell\u00e9pnek a 2026-os Wacken fesztiv\u00e1lon N\u00e9metorsz\u00e1gban. Fot\u00f3:\u00a0Didier Messens \/ Getty Images)\n                        <\/p>\n<p><a href=\"https:\/\/dex.hu\/x.php?id=googlepref_desktop&amp;url=https:\/\/google.com\/preferences\/source?q=https:\/\/index.hu\" class=\"google-pref-banner \" id=\"googlePrefBanner\" rel=\"nofollow noopener\" target=\"_blank\"><\/p>\n<p>    Itt \u00e1ll\u00edtsa be, hogy az Index az els\u0151k k\u00f6z\u00f6tt legyen a Google-tal\u00e1latokban!<\/p>\n<p><\/a><\/p>\n<p>                <a href=\"https:\/\/konyvek.index.hu\/\" target=\"_blank\" rel=\"nofollow noopener\"><br \/>\n                <img decoding=\"async\" src=\"https:\/\/index.hu\/assets\/images\/konyvajanlo\/book_indapress\/book_indapress_logo.svg\" loading=\"lazy\" alt=\"Inda Press Kiad\u00f3\"\/><br \/>\n                <\/a><\/p>\n<p>                <img decoding=\"async\" src=\"https:\/\/www.europesays.com\/hu\/wp-content\/uploads\/2026\/08\/1787936116_456_budapest.png\" loading=\"lazy\" alt=\"23 \u2013 Nagy budapesti ker\u00fclethat\u00e1roz\u00f3\"\/><\/p>\n<p>Izgalmas t\u00f6rt\u00e9netek, rejtett kincsek, \u00e9rdekes \u00e9p\u00fcletek &#8211; nem csak budapestieknek.<\/p>\n<p>                <a class=\"book_index_btn\" href=\"https:\/\/indexadhu.hit.gemius.pl\/hitredir?id=nSCbubuYpDWJZLZs0TssLrbt33Lk5kbipuiZrkg89G3.g7&amp;stparam=yoojcxjrby&amp;fastid=maqqjzmjjiorpyjhphrcutrnpkmz&amp;nc=0&amp;url=https:\/\/www.indapresskiado.hu\/products\/23-nagy-budapesti-ker-hat\" target=\"_blank\" rel=\"nofollow noopener\">MEGVESZEM<\/a><\/p>\n<p>    <img decoding=\"async\" src=\"https:\/\/www.europesays.com\/hu\/wp-content\/uploads\/2026\/08\/1787936118_305_redot.gif\"\/><\/p>\n<p>    <img decoding=\"async\" src=\"https:\/\/index.hu\/assets\/images\/social-follow\/logo-big.svg\" alt=\"Index.hu logo\"\/><\/p>\n<p>K\u00f6vesse az Indexet Facebookon is!<\/p>\n<p>    <a href=\"https:\/\/facebook.com\/Indexhu\" target=\"_blank\" rel=\"nofollow noopener\"><\/p>\n<p>        K\u00f6vetem!<br \/>\n    <\/a><\/p>\n","protected":false},"excerpt":{"rendered":"Nem t\u00falz\u00e1s azt \u00e1ll\u00edtani, hogy a brit Judas Priest a heavy metal t\u00f6rt\u00e9net\u00e9nek egyik legmeghat\u00e1roz\u00f3bb zenekara, amely az&hellip;\n","protected":false},"author":2,"featured_media":224537,"comment_status":"","ping_status":"","sticky":false,"template":"","format":"standard","meta":{"footnotes":"","_share_on_mastodon":"0"},"categories":[16],"tags":[58398,73,137,185,44,42,40,59937,101,14321,213,43,41,138],"class_list":["post-224536","post","type-post","status-publish","format-standard","has-post-thumbnail","category-szorakozas","tag-basszusgitaros","tag-budapest","tag-entertainment","tag-fomo","tag-hu","tag-hungarian","tag-hungary","tag-ian-hill","tag-interju","tag-judas-priest","tag-koncert","tag-magyar","tag-magyarorszag","tag-szorakozas"],"share_on_mastodon":{"url":"https:\/\/pubeurope.com\/@hu\/117174188727290750","error":""},"_links":{"self":[{"href":"https:\/\/www.europesays.com\/hu\/wp-json\/wp\/v2\/posts\/224536","targetHints":{"allow":["GET"]}}],"collection":[{"href":"https:\/\/www.europesays.com\/hu\/wp-json\/wp\/v2\/posts"}],"about":[{"href":"https:\/\/www.europesays.com\/hu\/wp-json\/wp\/v2\/types\/post"}],"author":[{"embeddable":true,"href":"https:\/\/www.europesays.com\/hu\/wp-json\/wp\/v2\/users\/2"}],"replies":[{"embeddable":true,"href":"https:\/\/www.europesays.com\/hu\/wp-json\/wp\/v2\/comments?post=224536"}],"version-history":[{"count":0,"href":"https:\/\/www.europesays.com\/hu\/wp-json\/wp\/v2\/posts\/224536\/revisions"}],"wp:featuredmedia":[{"embeddable":true,"href":"https:\/\/www.europesays.com\/hu\/wp-json\/wp\/v2\/media\/224537"}],"wp:attachment":[{"href":"https:\/\/www.europesays.com\/hu\/wp-json\/wp\/v2\/media?parent=224536"}],"wp:term":[{"taxonomy":"category","embeddable":true,"href":"https:\/\/www.europesays.com\/hu\/wp-json\/wp\/v2\/categories?post=224536"},{"taxonomy":"post_tag","embeddable":true,"href":"https:\/\/www.europesays.com\/hu\/wp-json\/wp\/v2\/tags?post=224536"}],"curies":[{"name":"wp","href":"https:\/\/api.w.org\/{rel}","templated":true}]}}