{"id":224615,"date":"2026-08-28T17:58:09","date_gmt":"2026-08-28T17:58:09","guid":{"rendered":"https:\/\/www.europesays.com\/hu\/224615\/"},"modified":"2026-08-28T17:58:09","modified_gmt":"2026-08-28T17:58:09","slug":"index-kulfold-baleset-benitotta-meg-teljesen-a-magyarok-egyik-kozkedvelt-tengerpartjara-vezeto-autopalyat","status":"publish","type":"post","link":"https:\/\/www.europesays.com\/hu\/224615\/","title":{"rendered":"Index &#8211; K\u00fclf\u00f6ld &#8211; Baleset b\u00e9n\u00edtotta meg teljesen a magyarok egyik k\u00f6zkedvelt tengerpartj\u00e1ra vezet\u0151 aut\u00f3p\u00e1ly\u00e1t"},"content":{"rendered":"<p>Horv\u00e1torsz\u00e1gban, az A1-es aut\u00f3p\u00e1ly\u00e1n p\u00e9ntek d\u00e9lut\u00e1n hatalmas torl\u00f3d\u00e1s alakult ki mindk\u00e9t ir\u00e1nyban Karlovac \u00e9s Dobrai Novigrad t\u00e9rs\u00e9g\u00e9ben. A Horv\u00e1t Aut\u00f3klub k\u00f6z\u00fati balesetr\u0151l sz\u00e1molt be Novigrad \u00e9s Bosiljevo csom\u00f3pont k\u00f6z\u00f6tt\u00a0\u2212 \u00edrja a <a href=\"https:\/\/www.index.hr\/vijesti\/clanak\/video-velike-kolone-na-a1-u-oba-smjera-nesreca-prema-moru\/2828745.aspx?index_ref=naslovnica_vijesti_prva_d\" id=\"hyperlink_ab4f08a114a8e9feb631f410d4359a9b\" rel=\"nofollow noopener\" target=\"_blank\">horv\u00e1t Index<\/a>.<\/p>\n<p>A Horv\u00e1t Aut\u00f3klub k\u00f6zl\u00e9se szerint az A1-es aut\u00f3p\u00e1lya 51. kilom\u00e9ter\u00e9n\u00e9l Dubrovnik ir\u00e1ny\u00e1ban t\u00f6rt\u00e9nt a baleset, a torl\u00f3d\u00e1s m\u00e1r \u00f6t kilom\u00e9teres, b\u00e1r mindk\u00e9t s\u00e1vban haladhat a forgalom. A horv\u00e1t lap egyik olvas\u00f3ja vide\u00f3felv\u00e9telt is bek\u00fcld\u00f6tt a forgalmi dug\u00f3r\u00f3l, amelyen l\u00e1that\u00f3, hogy a baleset miatt mekkora sor alakult ki.<\/p>\n<p>Az olvas\u00f3 besz\u00e1mol\u00f3ja szerint a tengerpart fel\u00e9 tart\u00f3 torl\u00f3d\u00e1s mintegy k\u00e9t kilom\u00e9terrel a novigradi csom\u00f3pont el\u0151tt kezd\u0151dik, a j\u00e1rm\u0171vek l\u00e9p\u00e9sben tudnak csak haladni. Ugyanakkor Z\u00e1gr\u00e1b fel\u00e9 m\u00e9g annyira sem halad a kocsisor. Abban az ir\u00e1nyban Dobrai Novigrad t\u00e9rs\u00e9g\u00e9t\u0151l eg\u00e9szen Karlovacig \u00e1llnak a j\u00e1rm\u0171vek.<\/p>\n<p>A Horv\u00e1t Aut\u00f3klub szerint abban az ir\u00e1nyban Bosiljevo \u00e9s a Draganics pihen\u0151hely k\u00f6z\u00f6tt araszol a forgalom, valamint torl\u00f3d\u00e1s van a lucsk\u00f3i fizet\u0151kapukn\u00e1l is mindk\u00e9t ir\u00e1nyban, ahol m\u00e1r egy kilom\u00e9teresre h\u00edzott a kocsisor.<\/p>\n<p><a href=\"https:\/\/dex.hu\/x.php?id=googlepref_desktop&amp;url=https:\/\/google.com\/preferences\/source?q=https:\/\/index.hu\" class=\"google-pref-banner \" id=\"googlePrefBanner\" rel=\"nofollow noopener\" target=\"_blank\"><\/p>\n<p>    Itt \u00e1ll\u00edtsa be, hogy az Index az els\u0151k k\u00f6z\u00f6tt legyen a Google-tal\u00e1latokban!<\/p>\n<p><\/a><\/p>\n<p>    <img decoding=\"async\" src=\"https:\/\/index.hu\/assets\/images\/social-follow\/logo-big.svg\" alt=\"Index.hu logo\"\/><\/p>\n<p>K\u00f6vesse az Indexet Facebookon is!<\/p>\n<p>    <a href=\"https:\/\/facebook.com\/Indexhu\" target=\"_blank\" rel=\"nofollow noopener\"><\/p>\n<p>        K\u00f6vetem!<br \/>\n    <\/a><\/p>\n","protected":false},"excerpt":{"rendered":"Horv\u00e1torsz\u00e1gban, az A1-es aut\u00f3p\u00e1ly\u00e1n p\u00e9ntek d\u00e9lut\u00e1n hatalmas torl\u00f3d\u00e1s alakult ki mindk\u00e9t ir\u00e1nyban Karlovac \u00e9s Dobrai Novigrad t\u00e9rs\u00e9g\u00e9ben. A&hellip;\n","protected":false},"author":2,"featured_media":224616,"comment_status":"","ping_status":"","sticky":false,"template":"","format":"standard","meta":{"footnotes":"","_share_on_mastodon":"0"},"categories":[8],"tags":[7010,469,54,42,54341,64,43,34,3738,94,93,92],"class_list":["post-224615","post","type-post","status-publish","format-standard","has-post-thumbnail","category-vilag","tag-autopalya","tag-baleset","tag-horvatorszag","tag-hungarian","tag-kocsisor","tag-kulfold","tag-magyar","tag-news","tag-torlodas","tag-vilag","tag-world","tag-world-news"],"share_on_mastodon":{"url":"https:\/\/pubeurope.com\/@hu\/117174436205680439","error":""},"_links":{"self":[{"href":"https:\/\/www.europesays.com\/hu\/wp-json\/wp\/v2\/posts\/224615","targetHints":{"allow":["GET"]}}],"collection":[{"href":"https:\/\/www.europesays.com\/hu\/wp-json\/wp\/v2\/posts"}],"about":[{"href":"https:\/\/www.europesays.com\/hu\/wp-json\/wp\/v2\/types\/post"}],"author":[{"embeddable":true,"href":"https:\/\/www.europesays.com\/hu\/wp-json\/wp\/v2\/users\/2"}],"replies":[{"embeddable":true,"href":"https:\/\/www.europesays.com\/hu\/wp-json\/wp\/v2\/comments?post=224615"}],"version-history":[{"count":0,"href":"https:\/\/www.europesays.com\/hu\/wp-json\/wp\/v2\/posts\/224615\/revisions"}],"wp:featuredmedia":[{"embeddable":true,"href":"https:\/\/www.europesays.com\/hu\/wp-json\/wp\/v2\/media\/224616"}],"wp:attachment":[{"href":"https:\/\/www.europesays.com\/hu\/wp-json\/wp\/v2\/media?parent=224615"}],"wp:term":[{"taxonomy":"category","embeddable":true,"href":"https:\/\/www.europesays.com\/hu\/wp-json\/wp\/v2\/categories?post=224615"},{"taxonomy":"post_tag","embeddable":true,"href":"https:\/\/www.europesays.com\/hu\/wp-json\/wp\/v2\/tags?post=224615"}],"curies":[{"name":"wp","href":"https:\/\/api.w.org\/{rel}","templated":true}]}}