{"id":224627,"date":"2026-08-28T18:08:06","date_gmt":"2026-08-28T18:08:06","guid":{"rendered":"https:\/\/www.europesays.com\/hu\/224627\/"},"modified":"2026-08-28T18:08:06","modified_gmt":"2026-08-28T18:08:06","slug":"nb-i-aggaszto-bejelentest-tettek-az-esti-bajnoki-elott","status":"publish","type":"post","link":"https:\/\/www.europesays.com\/hu\/224627\/","title":{"rendered":"NB I: Aggaszt\u00f3 bejelent\u00e9st tettek az esti bajnoki el\u0151tt"},"content":{"rendered":"<p>                    <a href=\"https:\/\/news.google.com\/publications\/CAAqJQgKIh9DQklTRVFnTWFnMEtDMk56WVd0bWIyTnBMbWgxS0FBUAE\" target=\"_blank\" class=\"google-news\" rel=\"nofollow noopener\">A legfrissebb h\u00edrek\u00e9rt k\u00f6vess minket a Csakfoci Google News oldal\u00e1n is!<\/a><\/p>\n<p>Aggaszt\u00f3 inform\u00e1ci\u00f3kr\u00f3l sz\u00e1molt be a Debrecenbe l\u00e1togat\u00f3 MTK Budapest: a klub t\u00f6bb j\u00e1t\u00e9kos\u00e1n\u00e1l is akut, gastrointestinalis fert\u0151z\u00e9sre jellemz\u0151 t\u00fcnetekkel j\u00e1r\u00f3 megbeteged\u00e9s jelentkezett.<\/p>\n<p>A klub <a href=\"https:\/\/www.mtkbudapest.hu\/hu\/hirek\/betegseghullam-sopor-vegig-a-csapaton-kozlemeny\" target=\"_blank\" rel=\"noopener nofollow\">t\u00e1j\u00e9koztat\u00e1sa<\/a> szerint az elm\u00falt 24 \u00f3r\u00e1ban t\u00f6bb labdar\u00fag\u00f3n\u00e1l is jelentkezett a betegs\u00e9g, voltak, akiket az \u00fat sor\u00e1n \u00e9rt utol.<\/p>\n<p>Adrian Zeljkovic, Kov\u00e1cs Patrik \u00e9s Nyers \u00c1d\u00e1m az \u00e1llapota miatt m\u00e1r nem is tarthatott a csapattal, m\u00edg Stipe Radic \u00e9s Klausz Mil\u00e1n a Debrecenbe tart\u00f3 buszutaz\u00e1s sor\u00e1n lett rosszul, \u00edgy \u00f6t olyan j\u00e1t\u00e9kosra biztosan nem sz\u00e1m\u00edthat a szakmai st\u00e1b, akik tagjai voltak a Ny\u00edregyh\u00e1za elleni gy\u0151ztes bajnoki meccskeret\u00e9nek.<\/p>\n<p>A fert\u0151z\u00e9s ellen\u00e9re t\u00f6bb, panasszal b\u00edr\u00f3 j\u00e1t\u00e9kos is v\u00e1llalja a p\u00e9ntek este rendezend\u0151 DVSC elleni bajnokit. A klub kiemelte, hogy a kooper\u00e1ci\u00f3s meg\u00e1llapod\u00e1sban \u00e9rintett labdar\u00fag\u00f3kat a hirtelen kialakult helyzet ok\u00e1n m\u00e1r nem tudt\u00e1k sz\u00e1m\u00edt\u00e1sba venni, emiatt n\u00e9gy koroszt\u00e1lyos ut\u00e1np\u00f3tl\u00e1s v\u00e1logatott j\u00e1t\u00e9kos csatlakozott az MTK keret\u00e9hez ut\u00f3lag.<\/p>\n<p>Az \u00e9rintetteket a f\u0151v\u00e1rosi alakulat eg\u00e9szs\u00e9g\u00fcgyi st\u00e1bja azonnal elk\u00fcl\u00f6n\u00edtette, ugyanakkor a megbeteged\u00e9sek r\u00f6vid id\u0151intervallumon bel\u00fcli, halmozott megjelen\u00e9se miatt jelenleg nem z\u00e1rhat\u00f3 ki, hogy tov\u00e1bbi, pillanatnyilag m\u00e9g t\u00fcnetmentes j\u00e1t\u00e9kosok is a fert\u0151z\u00e9s lappang\u00e1si szakasz\u00e1ban vannak, a megbeteged\u00e9s tov\u00e1bbad\u00e1s\u00e1nak kock\u00e1zata \u00edgy nem kiz\u00e1rhat\u00f3.<\/p>\n<p>\u00c9ppen ez\u00e9rt kifejezetten eg\u00e9szs\u00e9g\u00fcgyi megfontol\u00e1sb\u00f3l t\u00e1j\u00e9koztatt\u00e1k a DVSC-t \u00e9s az \u00e9rintett szervezeteket is, de meger\u0151s\u00edtett\u00e9k, hogy a 20:00-kor kezd\u0151d\u0151 m\u00e9rk\u0151z\u00e9s megrendez\u00e9sre ker\u00fcl.<\/p>\n<p><a href=\"https:\/\/www.csakfoci.hu\/magyar-foci\/ne-legyen-degradalo-hogy-a-dvsc-szerzodtetne-vedelmebe-vette-a-klubot-a-loki-nyari-szerzemenye\" class=\"embed-article\" rel=\"nofollow noopener\" target=\"_blank\"><\/p>\n<p>Olvastad m\u00e1r?<\/p>\n<p>            <img loading=\"lazy\" decoding=\"async\" class=\"lazy-img\" src=\"https:\/\/www.europesays.com\/hu\/wp-content\/uploads\/2026\/08\/778160011_1374298838232793_5272394221390687621_n-e1787845538949-768x433.jpg\" width=\"768\" height=\"433\" alt=\"\"\/><\/p>\n<p>&#8222;Ne legyen degrad\u00e1l\u00f3, hogy a DVSC szerz\u0151dtetne&#8221; &#8211; v\u00e9delm\u00e9be vette a klubot a Loki ny\u00e1ri szerzem\u00e9nye<\/p>\n<p>D\u00e9nes Vilmos id\u00e9n ny\u00e1ron t\u00e9rt haza \u00e9s lett a DVSC labdar\u00fag\u00f3ja, aki el\u00e1rulta, hogy k\u00f6teless\u00e9g\u00e9nek \u00e9rezte, hogy megv\u00e9dje \u00faj csapat\u00e1t.<\/p>\n<p>Elolvasom<\/p>\n<p><\/a><\/p>\n","protected":false},"excerpt":{"rendered":"A legfrissebb h\u00edrek\u00e9rt k\u00f6vess minket a Csakfoci Google News oldal\u00e1n is! Aggaszt\u00f3 inform\u00e1ci\u00f3kr\u00f3l sz\u00e1molt be a Debrecenbe l\u00e1togat\u00f3&hellip;\n","protected":false},"author":2,"featured_media":224628,"comment_status":"","ping_status":"","sticky":false,"template":"","format":"standard","meta":{"footnotes":"","_share_on_mastodon":"0"},"categories":[14],"tags":[2008,44,42,40,43,1067,41,1070,1071,1068,45,131],"class_list":["post-224627","post","type-post","status-publish","format-standard","has-post-thumbnail","category-sport","tag-dvsc","tag-hu","tag-hungarian","tag-hungary","tag-magyar","tag-magyar-foci","tag-magyarorszag","tag-mtk","tag-mtk-budapest","tag-nb-i","tag-sport","tag-sports"],"share_on_mastodon":{"url":"https:\/\/pubeurope.com\/@hu\/117174475818122210","error":""},"_links":{"self":[{"href":"https:\/\/www.europesays.com\/hu\/wp-json\/wp\/v2\/posts\/224627","targetHints":{"allow":["GET"]}}],"collection":[{"href":"https:\/\/www.europesays.com\/hu\/wp-json\/wp\/v2\/posts"}],"about":[{"href":"https:\/\/www.europesays.com\/hu\/wp-json\/wp\/v2\/types\/post"}],"author":[{"embeddable":true,"href":"https:\/\/www.europesays.com\/hu\/wp-json\/wp\/v2\/users\/2"}],"replies":[{"embeddable":true,"href":"https:\/\/www.europesays.com\/hu\/wp-json\/wp\/v2\/comments?post=224627"}],"version-history":[{"count":0,"href":"https:\/\/www.europesays.com\/hu\/wp-json\/wp\/v2\/posts\/224627\/revisions"}],"wp:featuredmedia":[{"embeddable":true,"href":"https:\/\/www.europesays.com\/hu\/wp-json\/wp\/v2\/media\/224628"}],"wp:attachment":[{"href":"https:\/\/www.europesays.com\/hu\/wp-json\/wp\/v2\/media?parent=224627"}],"wp:term":[{"taxonomy":"category","embeddable":true,"href":"https:\/\/www.europesays.com\/hu\/wp-json\/wp\/v2\/categories?post=224627"},{"taxonomy":"post_tag","embeddable":true,"href":"https:\/\/www.europesays.com\/hu\/wp-json\/wp\/v2\/tags?post=224627"}],"curies":[{"name":"wp","href":"https:\/\/api.w.org\/{rel}","templated":true}]}}