{"id":224669,"date":"2026-08-28T18:55:27","date_gmt":"2026-08-28T18:55:27","guid":{"rendered":"https:\/\/www.europesays.com\/hu\/224669\/"},"modified":"2026-08-28T18:55:27","modified_gmt":"2026-08-28T18:55:27","slug":"a-juventust-is-fogadja-es-a-milanhoz-is-utazik-a-fradi-az-europa-ligaban","status":"publish","type":"post","link":"https:\/\/www.europesays.com\/hu\/224669\/","title":{"rendered":"A Juventust is fogadja, \u00e9s a Milanhoz is utazik a Fradi az Eur\u00f3pa-lig\u00e1ban"},"content":{"rendered":"<p>A Ferencv\u00e1ros a m\u00e1sodik kalapb\u00f3l v\u00e1rta az Eur\u00f3pa Liga ligaszakasz\u00e1nak sorsol\u00e1s\u00e1t. A szab\u00e1lyok szerint a mez\u0151ny mind a 36 csapata mind a n\u00e9gy kalapb\u00f3l k\u00e9t-k\u00e9t ellenfelet kap, az egyikkel hazai p\u00e1ly\u00e1n, a m\u00e1sikkal idegenben j\u00e1tszik.<\/p>\n<p>A tegnapi r\u00e1j\u00e1tsz\u00e1s-visszav\u00e1g\u00f3n a t\u00f6r\u00f6k Tranbzonsport 4-0-ra ver\u0151 (\u00e9s \u00f6sszes\u00edt\u00e9sben 5-0-lal tov\u00e1bbjut\u00f3) Ferencv\u00e1ros hazai p\u00e1ly\u00e1n a k\u00f6vetkez\u0151 csapatokat fogadja: JUVENTUS, PLZEN, CELJE, TORREENSE, m\u00edg idegenbeli ellenfele lesz az AC MILAN, a CELTIC, a LECH POZNAN \u00e9s a HOFFENHEIM.<\/p>\n<p>A pontos Eur\u00f3pa-liga-menetrendet \u2013 teh\u00e1t hogy a Fradi melyik ellenf\u00e9llel mikor, melyik j\u00e1t\u00e9knapon \u00e9s h\u00e1ny \u00f3rakor j\u00e1tszik \u2013 az UEFA legk\u00e9s\u0151bb augusztus 30-\u00e1n, vas\u00e1rnap teszi k\u00f6zz\u00e9. A fordul\u00f3k d\u00e1tumai m\u00e1r megvannak: az els\u0151 j\u00e1t\u00e9knap szeptember 16\u201317., a m\u00e1sodik okt\u00f3ber 15., majd okt\u00f3ber 22., november 5., november 26., december 10., janu\u00e1r 21. \u00e9s janu\u00e1r 28. k\u00f6vetkezik.<\/p>\n<p>A z\u00f6ld-feh\u00e9rek az el\u0151z\u0151 ki\u00edr\u00e1sban k\u00f6zvetlen\u00fcl, a legjobb nyolc k\u00f6z\u00e9 jutva ker\u00fcltek tov\u00e1bb a ligaszakaszb\u00f3l, majd a nyolcadd\u00f6nt\u0151ben a portug\u00e1l Braga \u00e1ll\u00edtotta meg \u0151ket. Borb\u00e9ly Bal\u00e1zs vezet\u0151edz\u0151 a Trabzon elleni tov\u00e1bbjut\u00e1s ut\u00e1n nem nevezett meg konkr\u00e9t minimumc\u00e9lt az Eur\u00f3pa-lig\u00e1ban, de egy\u00e9rtelm\u0171v\u00e9 tette, hogy a Fradi min\u00e9l tov\u00e1bb akar jutni a sorozatban:<\/p>\n<p>\u201eMinden versenysorozatban arra fogunk t\u00f6rekedni, hogy a lehet\u0151 legjobb eredm\u00e9nyt \u00e9rj\u00fck el, \u00e9s a lehet\u0151 legtov\u00e1bb jussunk.\u201d<\/p>\n<p>\u2013 nyilatkozta Borb\u00e9ly Bal\u00e1zs az M4 Sportnak a m\u00e9rk\u0151z\u00e9s ut\u00e1n.<\/p>\n<p>A csapatnak m\u00e1r a selejtez\u0151 els\u0151 fordul\u00f3j\u00e1ban j\u00e1tszania kellett, \u00edgy nyolc m\u00e9rk\u0151z\u00e9sen van t\u00fal, ezeket veretlen\u00fcl v\u00edvta meg, hat gy\u0151zelem mellett k\u00e9tszer d\u00f6ntetlenre v\u00e9gzett. A Ferencv\u00e1ros sorozatban nyolcadik id\u00e9ny\u00e9ben jutott valamelyik eur\u00f3pai sorozat f\u0151t\u00e1bl\u00e1j\u00e1ra.<\/p>\n<p>Nyit\u00f3k\u00e9p: Hakan Burak Altunoz\/Anadolu via Getty Images<\/p>\n","protected":false},"excerpt":{"rendered":"A Ferencv\u00e1ros a m\u00e1sodik kalapb\u00f3l v\u00e1rta az Eur\u00f3pa Liga ligaszakasz\u00e1nak sorsol\u00e1s\u00e1t. A szab\u00e1lyok szerint a mez\u0151ny mind a&hellip;\n","protected":false},"author":2,"featured_media":224670,"comment_status":"","ping_status":"","sticky":false,"template":"","format":"standard","meta":{"footnotes":"","_share_on_mastodon":"0"},"categories":[3],"tags":[17581,107,106,47,105,46,59959,378,553,42,4400,502,43,10806,59960,5929,45,552],"class_list":["post-224669","post","type-post","status-publish","format-standard","has-post-thumbnail","category-europa","tag-borbely-balazs","tag-eu","tag-europa","tag-europa-liga","tag-europe","tag-ferencvaros","tag-ferencvaros-juventus","tag-foci","tag-futball","tag-hungarian","tag-juventus","tag-labdarugas","tag-magyar","tag-milan","tag-milan-ferencvaros","tag-sorsolas","tag-sport","tag-uefa"],"share_on_mastodon":{"url":"https:\/\/pubeurope.com\/@hu\/117174660322829173","error":""},"_links":{"self":[{"href":"https:\/\/www.europesays.com\/hu\/wp-json\/wp\/v2\/posts\/224669","targetHints":{"allow":["GET"]}}],"collection":[{"href":"https:\/\/www.europesays.com\/hu\/wp-json\/wp\/v2\/posts"}],"about":[{"href":"https:\/\/www.europesays.com\/hu\/wp-json\/wp\/v2\/types\/post"}],"author":[{"embeddable":true,"href":"https:\/\/www.europesays.com\/hu\/wp-json\/wp\/v2\/users\/2"}],"replies":[{"embeddable":true,"href":"https:\/\/www.europesays.com\/hu\/wp-json\/wp\/v2\/comments?post=224669"}],"version-history":[{"count":0,"href":"https:\/\/www.europesays.com\/hu\/wp-json\/wp\/v2\/posts\/224669\/revisions"}],"wp:featuredmedia":[{"embeddable":true,"href":"https:\/\/www.europesays.com\/hu\/wp-json\/wp\/v2\/media\/224670"}],"wp:attachment":[{"href":"https:\/\/www.europesays.com\/hu\/wp-json\/wp\/v2\/media?parent=224669"}],"wp:term":[{"taxonomy":"category","embeddable":true,"href":"https:\/\/www.europesays.com\/hu\/wp-json\/wp\/v2\/categories?post=224669"},{"taxonomy":"post_tag","embeddable":true,"href":"https:\/\/www.europesays.com\/hu\/wp-json\/wp\/v2\/tags?post=224669"}],"curies":[{"name":"wp","href":"https:\/\/api.w.org\/{rel}","templated":true}]}}