{"id":224691,"date":"2026-08-28T19:12:10","date_gmt":"2026-08-28T19:12:10","guid":{"rendered":"https:\/\/www.europesays.com\/hu\/224691\/"},"modified":"2026-08-28T19:12:10","modified_gmt":"2026-08-28T19:12:10","slug":"a-magyarok-ket-arannyal-rugtak-be-a-kajak-kenu-vebet","status":"publish","type":"post","link":"https:\/\/www.europesays.com\/hu\/224691\/","title":{"rendered":"A magyarok k\u00e9t arannyal r\u00fagt\u00e1k be a kajak-kenu v\u00e9b\u00e9t"},"content":{"rendered":"<p>Az MTK 26 \u00e9ves kenusa, Fejes D\u00e1niel h\u00e1rom sz\u00e1mot is v\u00e1llalt a vb-n, \u00e9s mindh\u00e1romban bejutott a d\u00f6nt\u0151be. Az els\u0151 \u00e9remcsat\u00e1ja az olimpiai egyes sz\u00e1m, az 1000 m\u00e9ter volt, amely nagyszer\u0171 csat\u00e1t \u00e9s r\u00e9g nem l\u00e1tott magyar sikert hozott. Fejes j\u00f3l kezdett, 250 \u00e9s 500 m\u00e9tern\u00e9l is a negyedik helyen haladt \u00e1t, mik\u00f6zben az \u00e9len az orosz Zahar Petrov haladt a moldovai Szergej Tarnovszki \u00e9s spanyol Pablo Crespo el\u0151tt.<\/p>\n<p>A hajr\u00e1hoz k\u00f6zeledve Fejes felj\u00f6tt a harmadik helyre, \u00e9s az egyes p\u00e1ly\u00e1n lap\u00e1tol\u00f3, c\u00edmv\u00e9d\u0151, olimpiai bajnok cseh Martin Fuksa is felt\u0171nt az \u00e9lbolyban. Az utols\u00f3 m\u00e9tereken \u00f6ld\u00f6kl\u0151 csata alakult ki Fuksa, Fejes \u00e9s Petrov k\u00f6z\u00f6tt, akik szinte egyszerre haladtak \u00e1t a c\u00e9lvonalon, szabad szemmel nem lehetett meg\u00e1llap\u00edtani milyen sorrendben.<\/p>\n<p>Az eredm\u00e9nyjelz\u0151 sok\u00e1ig csak Fuksa gy\u0151zelm\u00e9t \u00edrta ki, de azt\u00e1n hossz\u00fa v\u00e1rakoz\u00e1s ut\u00e1n \u2013 a magyar t\u00e1bor legnagyobb \u00f6r\u00f6m\u00e9re \u2013 az is megjelent, hogy Fejes D\u00e1niel ugyancsak vil\u00e1gbajnok a c\u00edmv\u00e9d\u0151vel holtversenyben. Petrov k\u00e9t sz\u00e1zadm\u00e1sodperccel szorult m\u00f6g\u00e9j\u00fck, \u00edgy lett harmadik.<\/p>\n<p>Vajda Attila 2013-as sikere \u00f3ta Fejes D\u00e1niel a sz\u00e1m els\u0151 magyar vil\u00e1gbajnoka \u00e9s mind\u00f6ssze a hatodik magyar \u2013 Parti J\u00e1nos, Tatai Tibor, Wichmann Tam\u00e1s, Pulai Imre \u00e9s Vajda ut\u00e1n \u2013, aki arany\u00e9rmes lett kenu egyes 1000 m\u00e9teren.<\/p>\n<p>A kajakos Csik\u00f3s Zs\u00f3ka c\u00edmv\u00e9d\u0151k\u00e9nt sz\u00e1llt v\u00edzre 1000 m\u00e9ter egyesben, \u0151 Fejesn\u00e9l sokkal sim\u00e1bb gy\u0151zelmet aratott. A rajt ut\u00e1n nem sokkal az \u00e9lre \u00e1llt, onnant\u00f3l m\u00e1r csak a h\u00e1t\u00e1t n\u00e9zhette a mez\u0151ny. A 25 \u00e9ves szolnoki versenyz\u0151 magabiztosan ism\u00e9telte meg a tavaly, Mil\u00e1n\u00f3ban kiharcolt c\u00edm\u00e9t, ezzel a magyarok m\u00e1sodik arany\u00e9rm\u00e9t szerezte Poznanban.<\/p>\n<p>A B d\u00f6nt\u0151s magyar egys\u00e9gek k\u00f6z\u00fcl Hodov\u00e1n D\u00e1vid (C-1 200 m) \u00e9s a Kisk\u00f3 R\u00e9ka, Szegedi Angelina, Decsi Dorina, M\u00e9sz\u00e1ros Anna \u00f6ssze\u00e1ll\u00edt\u00e1s\u00fa n\u0151i kajak n\u00e9gyes (500 m) is m\u00e1sodik lett, \u00edgy \u00f6sszes\u00edt\u00e9sben egyar\u00e1nt a 11. helyen v\u00e9gzett.<\/p>\n<p>A t\u00f6bbi d\u00f6nt\u0151t szombaton \u00e9s a vas\u00e1rnapi z\u00e1r\u00f3napon rendezik.<\/p>\n","protected":false},"excerpt":{"rendered":"Az MTK 26 \u00e9ves kenusa, Fejes D\u00e1niel h\u00e1rom sz\u00e1mot is v\u00e1llalt a vb-n, \u00e9s mindh\u00e1romban bejutott a d\u00f6nt\u0151be.&hellip;\n","protected":false},"author":2,"featured_media":224692,"comment_status":"","ping_status":"","sticky":false,"template":"","format":"standard","meta":{"footnotes":"","_share_on_mastodon":"0"},"categories":[33],"tags":[32428,59708,38,35,37,44,42,40,6656,44245,59962,43,41,34,45,36,39],"class_list":["post-224691","post","type-post","status-publish","format-standard","has-post-thumbnail","category-hirek","tag-csikos-zsoka","tag-fejes-daniel","tag-focimek","tag-headlines","tag-hirek","tag-hu","tag-hungarian","tag-hungary","tag-kajak-kenu","tag-kajak-kenu-vb","tag-kajak-kenu-vb-2026","tag-magyar","tag-magyarorszag","tag-news","tag-sport","tag-top-stories","tag-vezeto-hirek"],"share_on_mastodon":{"url":"https:\/\/pubeurope.com\/@hu\/117174726976820267","error":""},"_links":{"self":[{"href":"https:\/\/www.europesays.com\/hu\/wp-json\/wp\/v2\/posts\/224691","targetHints":{"allow":["GET"]}}],"collection":[{"href":"https:\/\/www.europesays.com\/hu\/wp-json\/wp\/v2\/posts"}],"about":[{"href":"https:\/\/www.europesays.com\/hu\/wp-json\/wp\/v2\/types\/post"}],"author":[{"embeddable":true,"href":"https:\/\/www.europesays.com\/hu\/wp-json\/wp\/v2\/users\/2"}],"replies":[{"embeddable":true,"href":"https:\/\/www.europesays.com\/hu\/wp-json\/wp\/v2\/comments?post=224691"}],"version-history":[{"count":0,"href":"https:\/\/www.europesays.com\/hu\/wp-json\/wp\/v2\/posts\/224691\/revisions"}],"wp:featuredmedia":[{"embeddable":true,"href":"https:\/\/www.europesays.com\/hu\/wp-json\/wp\/v2\/media\/224692"}],"wp:attachment":[{"href":"https:\/\/www.europesays.com\/hu\/wp-json\/wp\/v2\/media?parent=224691"}],"wp:term":[{"taxonomy":"category","embeddable":true,"href":"https:\/\/www.europesays.com\/hu\/wp-json\/wp\/v2\/categories?post=224691"},{"taxonomy":"post_tag","embeddable":true,"href":"https:\/\/www.europesays.com\/hu\/wp-json\/wp\/v2\/tags?post=224691"}],"curies":[{"name":"wp","href":"https:\/\/api.w.org\/{rel}","templated":true}]}}