{"id":224758,"date":"2026-08-28T20:20:25","date_gmt":"2026-08-28T20:20:25","guid":{"rendered":"https:\/\/www.europesays.com\/hu\/224758\/"},"modified":"2026-08-28T20:20:25","modified_gmt":"2026-08-28T20:20:25","slug":"olasz-sztarcsapatokat-kapott-a-fradi-az-europa-ligaban","status":"publish","type":"post","link":"https:\/\/www.europesays.com\/hu\/224758\/","title":{"rendered":"Olasz szt\u00e1rcsapatokat kapott a Fradi az Eur\u00f3pa Lig\u00e1ban"},"content":{"rendered":"<p>A Ferencv\u00e1ros az Eur\u00f3pa Lig\u00e1ban egyed\u00fclik\u00e9nt hajtotta v\u00e9gre azt a brav\u00fart, hogy m\u00e1r az els\u0151 k\u00f6rben bekapcsol\u00f3dott a selejtez\u0151be, majd <a target=\"_blank\" href=\"https:\/\/24.hu\/sport\/foci\/2026\/08\/27\/europa-liga-selejtezo-ferencvaros-trabzonspor\/\" rel=\"nofollow noopener\">n\u00e9gy p\u00e1rharcot is megnyerve a ligaszakaszba jutott<\/a> \u2013 r\u00e1ad\u00e1sul egyszer sem kapott ki, a Mohamed Szalahot bevet\u0151 Trabzonsport p\u00e9ld\u00e1ul oda-vissza legy\u0151zte, \u00f6sszes\u00edt\u00e9sben 5-0-ra.<\/p>\n<p>Az FTC egym\u00e1st k\u00f6vet\u0151 nyolcadik \u00e9vben szerepel eur\u00f3pai kupa f\u0151t\u00e1bl\u00e1j\u00e1n, \u00e9s sorozatban harmadszor az EL-ben jutott el ebbe a szakaszba. A p\u00e9nteki sorsol\u00e1son<\/p>\n<p>az els\u0151 kalapb\u00f3l a k\u00e9t olasz szt\u00e1rcsapatot, a Juventust \u00e9s az AC Milant kapta az FTC.\u00a0<\/p>\n<p>A cseh Viktoria Plzen, a sk\u00f3t Celtic, a szlov\u00e9n Celje, a lengyel Lech Poznan, a portug\u00e1l Torreense (a kor\u00e1bbi Vidi-j\u00e1t\u00e9kos, Stopira csapata) \u00e9s a n\u00e9met Hoffenheim\u00a0 lesz a t\u00f6bbi ellenf\u00e9l. A Juve, a Plzen, a Celje \u00e9s a Torreense \u00e9rkezik majd a Groupama Ar\u00e9n\u00e1ba, a t\u00f6bbi meccset idegenben j\u00e1tssza az FTC.<\/p>\n<p>Ez m\u00e9g egyel\u0151re a kalapok szerint kapott ellenfelek sorrendje, a teljes menetrend k\u00e9s\u0151bb lesz ismert.<\/p>\n<p>A magyar kupagy\u0151ztes mellett tov\u00e1bbi \u00f6t csapat foglalkoztat magyar labdar\u00fag\u00f3t a mez\u0151nyb\u0151l:<\/p>\n<p>az osztr\u00e1k Red Bull Salzburgban j\u00e1tszik Damir Redzic,<br \/>\na cseh Sparta Prah\u00e1ban futballozik Hegyi Kriszti\u00e1n \u00e9s Vit\u00e1lyos Viktor,<br \/>\naz angol Bournemouth futballist\u00e1ja T\u00f3th Alex<br \/>\na holland AZ Alkmaar j\u00e1t\u00e9kosa Kov\u00e1cs Bendeg\u00faz \u00e9s<br \/>\na ciprusi Omoni\u00e1ban van Nego Loic.<\/p>\n<p>Az AZ a Juventussal, a Benfic\u00e1val, a Dinamo Zagrebbel, a Sparta Prah\u00e1val, a Sturm Grazcal, a Sunderlanddel, a Hapoel Be\u2019er Shev\u00e1val \u00e9s az Ararattal tal\u00e1lkozik. A Salzburgra a Milan, a Bayer Leverkusen, a Sparta, az Anderlecht, a Crystal Palace, a Celje, az Ararat \u00e9s a Levszki Sz\u00f3fia v\u00e1r.<\/p>\n<p>A Sparta az AZ-et, az Olympiakoszt, a Rennes-t, a Salzburgot, a Bournemoutht, a Palace-t, a Lillestr\u00f6m\u00f6t \u00e9s az Araratot kapta. A Bournemouth ellenfelei: Milan, Real Sociedad, Plzen, Sparta, Sturm Graz, Celta Vigo, Hapoel Be\u2019er Sheva, Lillestr\u00f6m.<\/p>\n<p>Az Omonia pedig a Benfic\u00e1val, a Juventusszal, a Celtickel, a Rennes-nel, a Celta Vig\u00f3val, a Celj\u00e9vel, a Besiktassal \u00e9s az NEC-vel ker\u00fclt \u00f6ssze.<\/p>\n<p>Az alapszakasz j\u00e1t\u00e9knapjai szeptember 16-17-e, okt\u00f3ber 15. \u00e9s 22., november 5. \u00e9s 26., december 10., janu\u00e1r 21. \u00e9s 28. A r\u00e1j\u00e1tsz\u00e1s p\u00e1rharcait febru\u00e1r 18-\u00e1n \u00e9s 25-\u00e9n rendezik, a nyolcadd\u00f6nt\u0151ket m\u00e1rcius 11-\u00e9n \u00e9s 18-\u00e1n, a negyedd\u00f6nt\u0151ket \u00e1prilis 8-\u00e1n \u00e9s 15-\u00e9n j\u00e1tssz\u00e1k, m\u00edg az el\u0151d\u00f6nt\u0151s m\u00e9rk\u0151z\u00e9sekre \u00e1prilis 29-\u00e9n \u00e9s m\u00e1jus 6-\u00e1n ker\u00fcl sor. A fin\u00e1l\u00e9t m\u00e1jus 26-\u00e1n Frakfurtban rendezik.<\/p>\n","protected":false},"excerpt":{"rendered":"A Ferencv\u00e1ros az Eur\u00f3pa Lig\u00e1ban egyed\u00fclik\u00e9nt hajtotta v\u00e9gre azt a brav\u00fart, hogy m\u00e1r az els\u0151 k\u00f6rben bekapcsol\u00f3dott a&hellip;\n","protected":false},"author":2,"featured_media":224759,"comment_status":"","ping_status":"","sticky":false,"template":"","format":"standard","meta":{"footnotes":"","_share_on_mastodon":"0"},"categories":[3],"tags":[107,106,47,105,46,42,502,43],"class_list":["post-224758","post","type-post","status-publish","format-standard","has-post-thumbnail","category-europa","tag-eu","tag-europa","tag-europa-liga","tag-europe","tag-ferencvaros","tag-hungarian","tag-labdarugas","tag-magyar"],"share_on_mastodon":{"url":"https:\/\/pubeurope.com\/@hu\/117174994651573202","error":""},"_links":{"self":[{"href":"https:\/\/www.europesays.com\/hu\/wp-json\/wp\/v2\/posts\/224758","targetHints":{"allow":["GET"]}}],"collection":[{"href":"https:\/\/www.europesays.com\/hu\/wp-json\/wp\/v2\/posts"}],"about":[{"href":"https:\/\/www.europesays.com\/hu\/wp-json\/wp\/v2\/types\/post"}],"author":[{"embeddable":true,"href":"https:\/\/www.europesays.com\/hu\/wp-json\/wp\/v2\/users\/2"}],"replies":[{"embeddable":true,"href":"https:\/\/www.europesays.com\/hu\/wp-json\/wp\/v2\/comments?post=224758"}],"version-history":[{"count":0,"href":"https:\/\/www.europesays.com\/hu\/wp-json\/wp\/v2\/posts\/224758\/revisions"}],"wp:featuredmedia":[{"embeddable":true,"href":"https:\/\/www.europesays.com\/hu\/wp-json\/wp\/v2\/media\/224759"}],"wp:attachment":[{"href":"https:\/\/www.europesays.com\/hu\/wp-json\/wp\/v2\/media?parent=224758"}],"wp:term":[{"taxonomy":"category","embeddable":true,"href":"https:\/\/www.europesays.com\/hu\/wp-json\/wp\/v2\/categories?post=224758"},{"taxonomy":"post_tag","embeddable":true,"href":"https:\/\/www.europesays.com\/hu\/wp-json\/wp\/v2\/tags?post=224758"}],"curies":[{"name":"wp","href":"https:\/\/api.w.org\/{rel}","templated":true}]}}