{"id":224766,"date":"2026-08-28T20:24:09","date_gmt":"2026-08-28T20:24:09","guid":{"rendered":"https:\/\/www.europesays.com\/hu\/224766\/"},"modified":"2026-08-28T20:24:09","modified_gmt":"2026-08-28T20:24:09","slug":"jurek-ujabb-duplaja-ezuttal-egy-pontot-ert","status":"publish","type":"post","link":"https:\/\/www.europesays.com\/hu\/224766\/","title":{"rendered":"Jurek \u00fajabb dupl\u00e1ja ez\u00fattal egy pontot \u00e9rt"},"content":{"rendered":"<p>Ugyan betegs\u00e9g miatt sok j\u00e1t\u00e9kosunk kiesett, de g\u00f3lgazdag meccsen 2-2-es d\u00f6ntetlent j\u00e1tszottunk a DVSC otthon\u00e1ban.<\/p>\n<p>OTP Bank Liga, 6. fordul\u00f3<\/p>\n<p>DVSC\u2013MTK Budapest 2-2 (0-1)<\/p>\n<p>Debreceni Nagyerdei Stadion, 4350 n\u00e9z\u0151<\/p>\n<p>Vezette: Bogn\u00e1r Tam\u00e1s (Katona, Szalai, R\u00f3zsa, Karak\u00f3, Belicza, Tak\u00e1cs)<\/p>\n<p>G\u00f3lszerz\u0151: D\u00e9nes (30.), Dzsudzs\u00e1k (47.), illetve Jurek (19., tizenegyesb\u0151l, 34.)<\/p>\n<p>S\u00e1rga lap: Mejias (20.), D\u00e9nes (38.), Dzsudzs\u00e1k (80.) illetve Hinora (20.), Kata (32.), Zubor (85.)<\/p>\n<p>DVSC: Andreev \u2013 Tercza (Keller, 80.), Mejias, Szak\u00e1l, Guerrero \u2013 Patai (Myrtaj, 76.), Boskovic \u2013 D\u00e9nes, Dzsudzs\u00e1k, Cibla \u2013 Szendrei (Kaye, 72.)<\/p>\n<p>Vezet\u0151edz\u0151: Gert Remmel<\/p>\n<p>MTK Budapest: Demj\u00e9n \u2013 Varju, Armalas, Beriashvili, Mikolay (Szuhodovszky, 76.) \u2013 Kata, Hinora \u2013 Jurek, Bogn\u00e1r (Zs\u00f3ri, 69.), Kom\u00e1romi \u2013 Kerezsi (Zubor, 80.)<\/p>\n<p>Vezet\u0151edz\u0151: Pinezits M\u00e1t\u00e9<\/p>\n<p>Az OTP Bank Liga 6. fordul\u00f3j\u00e1ban csapatunk a DVSC otthon\u00e1ba l\u00e1togatott. Pinezits M\u00e1t\u00e9\u00e9k dolg\u00e1t nehez\u00edtette, hogy betegs\u00e9ghull\u00e1m s\u00f6p\u00f6rt v\u00e9gig a csapaton a m\u00e9rk\u0151z\u00e9st megel\u0151z\u0151 24 \u00f3r\u00e1ban, \u00edgy Adrian Zejlkovic, Kov\u00e1cs Patrik \u00e9s Nyers \u00c1d\u00e1m nem tarthatott az egy\u00fcttessel, m\u00edg Stipe Radic \u00e9s Klausz Mil\u00e1n a busz\u00fat sor\u00e1n lett rosszul.<\/p>\n<p>T\u00f6bb panasszal b\u00edr\u00f3 labdar\u00fag\u00f3nk is v\u00e1llalta a j\u00e1t\u00e9kot, illetve n\u00e9gy koroszt\u00e1lyos ut\u00e1np\u00f3tl\u00e1s-v\u00e1logatott j\u00e1t\u00e9kos ut\u00f3lag, a helysz\u00ednen csatlakozott a csapathoz. El\u0151sz\u00f6r kapott lehet\u0151s\u00e9get a kezd\u0151ben a tavaly az NB III-as csapatunkban \u00e9s a Koz\u00e1rmislenyben szerepl\u0151 Mikolay Tim\u00f3teus, illetve a ny\u00e1ron hozz\u00e1nk igazol\u00f3 Kom\u00e1romi Gy\u00f6rgy is.<\/p>\n<p>Az els\u0151 l\u00f6v\u00e9s Dzsudzs\u00e1k nev\u00e9hez f\u0171z\u0151d\u00f6tt, aki h\u00fasz m\u00e9terr\u0151l, jobbal tekert a bal fels\u0151 f\u00f6l\u00e9. Egy perccel k\u00e9s\u0151bb a m\u00e1sik oldalon Jurek tesztelte Andreevet, de \u00e9szn\u00e9l volt a hazai kapus.<\/p>\n<p>A 17. percben Kom\u00e1romi bal oldali bead\u00e1s\u00e1t k\u00f6vet\u0151en Szak\u00e1l pr\u00f3b\u00e1lta kiterelni a labd\u00e1t az alapvonalon, de Kerezsi lecsapott a j\u00e1t\u00e9kszerre, a debreceni v\u00e9d\u0151 pedig szab\u00e1lytalanul \u00e1ll\u00edtotta meg, \u00edgy b\u00fcntet\u0151vel j\u00f6hett\u00fcnk. A labda m\u00f6g\u00e9 Jurek \u00e1llt oda, \u00e9s a bal als\u00f3ba l\u0151tt a hangos debreceni ultr\u00e1k el\u0151tt (0-1).<\/p>\n<p>A 30. percben a t\u00e9rfel\u00fcnk\u00f6n szerzett labd\u00e1t a Debrecen, majd a jobb oldalon D\u00e9nes ker\u00fclt ziccerbe, aki a jobb als\u00f3ba bels\u0151z\u00f6tt (1-1).<\/p>\n<p>Sok\u00e1ig nem mutatott d\u00f6ntetlent az eredm\u00e9nyjelz\u0151: a 34. percben Jurek passzolt balr\u00f3l k\u00f6z\u00e9pre Bogn\u00e1rhoz, aki fantasztikusan tette vissza a j\u00e1t\u00e9kszert Jurekhez, \u0151 pedig k\u00f6zelr\u0151l a r\u00f6vid als\u00f3ba l\u0151tt (1-2).<\/p>\n<p>A 38. percben Hinora szerzett labd\u00e1t a k\u00f6z\u00e9pp\u00e1ly\u00e1n, majd j\u00f3l ugratta ki Kerezsit, aki 15-r\u0151l l\u0151tt, de Andreev v\u00e9dett. H\u00e1rom perccel k\u00e9s\u0151bb Patai bal oldali bead\u00e1s\u00e1t Szendrei sarkazta kapura, de a labda Demj\u00e9n kez\u00e9ben landolt.<\/p>\n<p>A f\u00e9lid\u0151 v\u00e9ge el\u0151tt Kerezsi centerez\u00e9s\u00e9t Bogn\u00e1r tette Jurek el\u00e9, aki 17-r\u0151l l\u0151tt, \u00e1m Andreev ez\u00fattal fogta a labd\u00e1t, \u00edgy 2-1-es el\u0151nyn\u00e9l mehett\u00fcnk a sz\u00fcnetre.<\/p>\n<p>Sajnos a m\u00e1sodik j\u00e1t\u00e9kr\u00e9sz els\u0151 l\u00f6v\u00e9s\u00e9b\u0151l egyenl\u00edtett a Debrecen, amikor Dzsudzs\u00e1k 17 m\u00e9terr\u0151l l\u0151tt a jobb fels\u0151be egy kifejelt labda ut\u00e1n (2-2).<\/p>\n<p>A 65. percben Cibla cselezett befel\u00e9 balr\u00f3l, majd jobbal l\u0151tt, de Demj\u00e9n ujjair\u00f3l a kapu f\u00f6l\u00e9 ment a labda. Kilenc perccel k\u00e9s\u0151bb Dzsudzs\u00e1k jobb oldali bead\u00e1sa pattant Cibla el\u00e9, aki 14-r\u0151l l\u0151tt f\u00f6l\u00e9.<\/p>\n<p>Az utols\u00f3 15 percre be\u00e1llt Szuhodovszki Soma is, aki s\u00e9r\u00fcl\u00e9sb\u0151l visszat\u00e9rve el\u0151sz\u00f6r l\u00e9pett p\u00e1ly\u00e1ra t\u00e9tmeccsen ny\u00e1ri \u00e9rkez\u00e9se \u00f3ta. A 81. percben Kom\u00e1romi a bal oldalr\u00f3l adott be jobbal, Zs\u00f3ri kev\u00e9ssel fejelt a bal als\u00f3 mell\u00e9.\u00a0<\/p>\n<p>A 87. percben \u00fajabb j\u00f3 Kom\u00e1romi bal oldali bead\u00e1st l\u00e1thattunk, Zs\u00f3ri ez\u00fattal is megszabadult v\u00e9d\u0151j\u00e9t\u0151l, \u00e1m a kapus kez\u00e9be fejelt. A hajr\u00e1 \u00e9s a n\u00e9gyperces hosszabb\u00edt\u00e1s m\u00e1r nem tartogatott \u00fajabb g\u00f3lt, \u00edgy 2-2-es d\u00f6ntetlennel z\u00e1rult a tal\u00e1lkoz\u00f3.\u00a0<\/p>\n","protected":false},"excerpt":{"rendered":"Ugyan betegs\u00e9g miatt sok j\u00e1t\u00e9kosunk kiesett, de g\u00f3lgazdag meccsen 2-2-es d\u00f6ntetlent j\u00e1tszottunk a DVSC otthon\u00e1ban. OTP Bank Liga,&hellip;\n","protected":false},"author":2,"featured_media":224767,"comment_status":"","ping_status":"","sticky":false,"template":"","format":"standard","meta":{"footnotes":"","_share_on_mastodon":"0"},"categories":[22],"tags":[2501,73,378,553,44,42,40,2497,502,2500,43,41,1071,2504,2503,2499,2502,2498],"class_list":["post-224766","post","type-post","status-publish","format-standard","has-post-thumbnail","category-budapest","tag-brull-alfred-akademia","tag-budapest","tag-foci","tag-futball","tag-hu","tag-hungarian","tag-hungary","tag-kekek","tag-labdarugas","tag-labdarugo-akademia","tag-magyar","tag-magyarorszag","tag-mtk-budapest","tag-mtk-focicsapat","tag-mtk-stadion","tag-sandor-karoly","tag-sportegyesulet","tag-uj-hidegkuti-nandor-stadion"],"share_on_mastodon":{"url":"https:\/\/pubeurope.com\/@hu\/117175010105552080","error":""},"_links":{"self":[{"href":"https:\/\/www.europesays.com\/hu\/wp-json\/wp\/v2\/posts\/224766","targetHints":{"allow":["GET"]}}],"collection":[{"href":"https:\/\/www.europesays.com\/hu\/wp-json\/wp\/v2\/posts"}],"about":[{"href":"https:\/\/www.europesays.com\/hu\/wp-json\/wp\/v2\/types\/post"}],"author":[{"embeddable":true,"href":"https:\/\/www.europesays.com\/hu\/wp-json\/wp\/v2\/users\/2"}],"replies":[{"embeddable":true,"href":"https:\/\/www.europesays.com\/hu\/wp-json\/wp\/v2\/comments?post=224766"}],"version-history":[{"count":0,"href":"https:\/\/www.europesays.com\/hu\/wp-json\/wp\/v2\/posts\/224766\/revisions"}],"wp:featuredmedia":[{"embeddable":true,"href":"https:\/\/www.europesays.com\/hu\/wp-json\/wp\/v2\/media\/224767"}],"wp:attachment":[{"href":"https:\/\/www.europesays.com\/hu\/wp-json\/wp\/v2\/media?parent=224766"}],"wp:term":[{"taxonomy":"category","embeddable":true,"href":"https:\/\/www.europesays.com\/hu\/wp-json\/wp\/v2\/categories?post=224766"},{"taxonomy":"post_tag","embeddable":true,"href":"https:\/\/www.europesays.com\/hu\/wp-json\/wp\/v2\/tags?post=224766"}],"curies":[{"name":"wp","href":"https:\/\/api.w.org\/{rel}","templated":true}]}}