{"id":224802,"date":"2026-08-28T21:05:08","date_gmt":"2026-08-28T21:05:08","guid":{"rendered":"https:\/\/www.europesays.com\/hu\/224802\/"},"modified":"2026-08-28T21:05:08","modified_gmt":"2026-08-28T21:05:08","slug":"kreativ-valogatott-csatarral-erositett-a-ferencvaros","status":"publish","type":"post","link":"https:\/\/www.europesays.com\/hu\/224802\/","title":{"rendered":"Kreat\u00edv v\u00e1logatott csat\u00e1rral er\u0151s\u00edtett a Ferencv\u00e1ros"},"content":{"rendered":"<p>A <a target=\"_blank\" href=\"https:\/\/www.fradi.hu\/labdarugas\/elso-csapat\/hirek\/szerb-valogatott-tamadoval-erositettunk\" rel=\"nofollow noopener\">z\u00f6ld-feh\u00e9rek honlapj\u00e1nak<\/a> p\u00e9nteki t\u00e1j\u00e9koztat\u00e1sa szerint a sz\u00e9ls\u0151k\u00e9nt \u00e9s csat\u00e1rk\u00e9nt is bevethet\u0151 28 \u00e9ves j\u00e1t\u00e9kos Csehorsz\u00e1gban, Szerbi\u00e1ban, Sv\u00e9dorsz\u00e1gban \u00e9s Franciaorsz\u00e1gban is kupagy\u0151ztes lett, tov\u00e1bb\u00e1 2021-ben a Malm\u00f6, 2024-ben pedig a Sparta Praha j\u00e1t\u00e9kosak\u00e9nt nyert bajnoks\u00e1got.<\/p>\n<p>\ufeff<\/p>\n<p>A <a target=\"_blank\" href=\"https:\/\/24.hu\/sport\/foci\/2026\/08\/26\/atigazolas-fradi-veljko-birmancevic-sparta-praha\/\" rel=\"nofollow noopener\">cseh klub j\u00e1t\u00e9kosak\u00e9nt 109 t\u00e9tm\u00e9rk\u0151z\u00e9sen 37-szer volt eredm\u00e9nyes<\/a>, j\u00e1tszott a Bajnokok Lig\u00e1j\u00e1ban, az Eur\u00f3pa- \u00e9s a Konferencia-lig\u00e1ban. Haz\u00e1ja v\u00e1logatottj\u00e1ban eddig 17-szer l\u00e9pett p\u00e1ly\u00e1ra, a 2024-es, n\u00e9metorsz\u00e1gi Eur\u00f3pa-bajnoks\u00e1gon Anglia \u00e9s Szlov\u00e9nia ellen is j\u00e1tszott.<\/p>\n<p>\u201eSokszor l\u00e1ttuk j\u00e1tszani m\u00e1r akkor is, amikor m\u00e9g a Cukaricki futballist\u00e1ja volt\u201d \u2013 nyilatkozta Hajnal Tam\u00e1s sportigazgat\u00f3.<\/p>\n<p>Kreat\u00edv t\u00e1mad\u00f3, aki helyzetkihaszn\u00e1l\u00e1sban \u00e9s a helyzetek kialak\u00edt\u00e1s\u00e1ban is er\u0151s, ezt mutatj\u00e1k a nemzeti bajnoks\u00e1gokban \u00e9s a nemzetk\u00f6zi kup\u00e1kban el\u00e9rt sz\u00e1mai.<\/p>\n<p>A szakember hozz\u00e1tette, a Sparta Prah\u00e1t\u00f3l igazolt Birmanceviccsel rem\u00e9lhet\u0151leg m\u00e9g kisz\u00e1m\u00edthatatlanabb, m\u00e9g sz\u00ednesebb \u00e9s g\u00f3lvesz\u00e9lyesebb lesz a magyar kupagy\u0151ztes t\u00e1mad\u00f3j\u00e1t\u00e9ka.<\/p>\n","protected":false},"excerpt":{"rendered":"A z\u00f6ld-feh\u00e9rek honlapj\u00e1nak p\u00e9nteki t\u00e1j\u00e9koztat\u00e1sa szerint a sz\u00e9ls\u0151k\u00e9nt \u00e9s csat\u00e1rk\u00e9nt is bevethet\u0151 28 \u00e9ves j\u00e1t\u00e9kos Csehorsz\u00e1gban, Szerbi\u00e1ban, Sv\u00e9dorsz\u00e1gban&hellip;\n","protected":false},"author":2,"featured_media":224803,"comment_status":"","ping_status":"","sticky":false,"template":"","format":"standard","meta":{"footnotes":"","_share_on_mastodon":"0"},"categories":[33],"tags":[1031,46,378,38,377,500,35,37,44,42,40,502,43,1067,41,34,45,36,59446,39],"class_list":["post-224802","post","type-post","status-publish","format-standard","has-post-thumbnail","category-hirek","tag-atigazolas","tag-ferencvaros","tag-foci","tag-focimek","tag-fradi","tag-ftc","tag-headlines","tag-hirek","tag-hu","tag-hungarian","tag-hungary","tag-labdarugas","tag-magyar","tag-magyar-foci","tag-magyarorszag","tag-news","tag-sport","tag-top-stories","tag-veljko-birmancevic","tag-vezeto-hirek"],"share_on_mastodon":{"url":"https:\/\/pubeurope.com\/@hu\/117175171557794724","error":""},"_links":{"self":[{"href":"https:\/\/www.europesays.com\/hu\/wp-json\/wp\/v2\/posts\/224802","targetHints":{"allow":["GET"]}}],"collection":[{"href":"https:\/\/www.europesays.com\/hu\/wp-json\/wp\/v2\/posts"}],"about":[{"href":"https:\/\/www.europesays.com\/hu\/wp-json\/wp\/v2\/types\/post"}],"author":[{"embeddable":true,"href":"https:\/\/www.europesays.com\/hu\/wp-json\/wp\/v2\/users\/2"}],"replies":[{"embeddable":true,"href":"https:\/\/www.europesays.com\/hu\/wp-json\/wp\/v2\/comments?post=224802"}],"version-history":[{"count":0,"href":"https:\/\/www.europesays.com\/hu\/wp-json\/wp\/v2\/posts\/224802\/revisions"}],"wp:featuredmedia":[{"embeddable":true,"href":"https:\/\/www.europesays.com\/hu\/wp-json\/wp\/v2\/media\/224803"}],"wp:attachment":[{"href":"https:\/\/www.europesays.com\/hu\/wp-json\/wp\/v2\/media?parent=224802"}],"wp:term":[{"taxonomy":"category","embeddable":true,"href":"https:\/\/www.europesays.com\/hu\/wp-json\/wp\/v2\/categories?post=224802"},{"taxonomy":"post_tag","embeddable":true,"href":"https:\/\/www.europesays.com\/hu\/wp-json\/wp\/v2\/tags?post=224802"}],"curies":[{"name":"wp","href":"https:\/\/api.w.org\/{rel}","templated":true}]}}