{"id":224889,"date":"2026-08-29T05:18:05","date_gmt":"2026-08-29T05:18:05","guid":{"rendered":"https:\/\/www.europesays.com\/hu\/224889\/"},"modified":"2026-08-29T05:18:05","modified_gmt":"2026-08-29T05:18:05","slug":"dzsudzsak-bombagolt-szerzett-de-a-loki-nem-birt-a-tartalekos-mtk-val","status":"publish","type":"post","link":"https:\/\/www.europesays.com\/hu\/224889\/","title":{"rendered":"Dzsudzs\u00e1k bombag\u00f3lt szerzett, de a Loki nem b\u00edrt a tartal\u00e9kos MTK-val"},"content":{"rendered":"<p>Neh\u00e9z helyzetben v\u00e1rta az MTK a hajd\u00fas\u00e1gi t\u00far\u00e1t, ugyanis a keretb\u0151l t\u00f6bb j\u00e1t\u00e9kosn\u00e1l is akut gasztrointesztin\u00e1lis fert\u0151z\u00e9sre jellemz\u0151 t\u00fcnetekkel j\u00e1r\u00f3 megbeteged\u00e9s jelentkezett, az \u00e9rintettek sora pedig m\u00e9g a csapat debreceni utaz\u00e1sa sor\u00e1n is b\u0151v\u00fclt.<\/p>\n<p>Ennek megfelel\u0151en a Debrecen kezdte nagyobb lend\u00fclettel az \u00f6sszecsap\u00e1st, a f\u0151v\u00e1rosiak v\u00e9delm\u00e9t szinte folyamatos nyom\u00e1s alatt tartotta a tal\u00e1lkoz\u00f3 elej\u00e9n.<\/p>\n<p>Ahogyan kij\u00f6tt viszont a szor\u00edt\u00e1sb\u00f3l az MTK, r\u00f6gt\u00f6n megszerezte a vezet\u00e9st, egy hazai hiba ut\u00e1n Jurek tal\u00e1lt be b\u00fcntet\u0151b\u0151l (0-1).<\/p>\n<p>A DVSC tov\u00e1bbra is szorongatta riv\u00e1lis\u00e1t \u00e9s D\u00e9nes r\u00e9v\u00e9n a 30. percben egyenl\u00edtett (1-1).<\/p>\n<p>De nem sok\u00e1ig \u00f6r\u00fclhetett, hiszen a remek form\u00e1ban l\u00e9v\u0151 Jurek nem sokkal k\u00e9s\u0151bb ism\u00e9t eredm\u00e9nyes volt (1-2).<\/p>\n<p>A Debrecen a sz\u00fcnet ut\u00e1n ism\u00e9t h\u00e1tr\u00e1nyb\u00f3l futballozott, de nem sok\u00e1ig, mivel a v\u00e1logatotts\u00e1gi rekorder Dzsudzs\u00e1k \u00f3ri\u00e1si bombag\u00f3llal egyenl\u00edtett (2-2).<\/p>\n<p>A h\u00e1zigazd\u00e1knak ezt k\u00f6vet\u0151en volt egy hossz\u00fa peri\u00f3dusok, amely sor\u00e1n folyamatosan ellenfel\u00fck 16-osa k\u00f6rny\u00e9k\u00e9n futballoztak \u00e9s fut\u00f3szalagon alak\u00edtott\u00e1k ki a helyzeteket, sz\u00f6gleteket, de nem j\u00e1rtak sikerrel \u2013 csak egy lesg\u00f3lig jutottak.<\/p>\n<p>Az MTK a hajr\u00e1ra rendezni tudta sorait, \u00e9s ak\u00e1r m\u00e9g a h\u00e1rom pontot \u00e9r\u0151 g\u00f3lt is megszerezhette volna, de maradt a d\u00f6ntetlen<\/p>\n<p>\nNB I, 6. fordul\u00f3\n<\/p>\n<p>Debreceni VSC \u2013 MTK Budapest 2-2 (1-2)<br \/>Debrecen<br \/>v.: Bogn\u00e1r<br \/>Debrecen: Andrejev \u2013 Tercza (Keller, 80.), Szak\u00e1l, Mej\u00edas, Guerrero \u2013 Patai (Myrtaj, 76.), Boskovic \u2013 D\u00e9nes V., Dzsudzs\u00e1k, Cibla \u2013 Szendrei \u00c1. (Kaye, 72.)<br \/>MTK Budapest: Demj\u00e9n \u2013 Varju, Armalas, Beriasvili, Mikolay (Szuhodovszki, 76.) \u2013 Kata, Hinora \u2013 Jurek, Bogn\u00e1r I. (Zs\u00f3ri, 69.), Kom\u00e1romi \u2013 Kerezsi (Zubor, 80.)<br \/>g\u00f3l: D\u00e9nes V. (30.), Dzsudzs\u00e1k (47.), illetve Jurek (19., 34., az els\u0151t 11-esb\u0151l)<br \/>s\u00e1rga lap: Mej\u00edas (19.), D\u00e9nes V. (38.), Dzsudzs\u00e1k (82.), illetve Hinora (19.), Kata (32.), Zubor (85.)<\/p>\n","protected":false},"excerpt":{"rendered":"Neh\u00e9z helyzetben v\u00e1rta az MTK a hajd\u00fas\u00e1gi t\u00far\u00e1t, ugyanis a keretb\u0151l t\u00f6bb j\u00e1t\u00e9kosn\u00e1l is akut gasztrointesztin\u00e1lis fert\u0151z\u00e9sre jellemz\u0151&hellip;\n","protected":false},"author":2,"featured_media":224890,"comment_status":"","ping_status":"","sticky":false,"template":"","format":"standard","meta":{"footnotes":"","_share_on_mastodon":"0"},"categories":[33],"tags":[3168,2008,378,38,35,37,44,42,40,502,43,1067,41,1070,1071,16990,1068,3369,34,45,36,39],"class_list":["post-224889","post","type-post","status-publish","format-standard","has-post-thumbnail","category-hirek","tag-debreceni-vsc","tag-dvsc","tag-foci","tag-focimek","tag-headlines","tag-hirek","tag-hu","tag-hungarian","tag-hungary","tag-labdarugas","tag-magyar","tag-magyar-foci","tag-magyarorszag","tag-mtk","tag-mtk-budapest","tag-nb-1","tag-nb-i","tag-nb1","tag-news","tag-sport","tag-top-stories","tag-vezeto-hirek"],"share_on_mastodon":{"url":"https:\/\/pubeurope.com\/@hu\/117177111175128264","error":""},"_links":{"self":[{"href":"https:\/\/www.europesays.com\/hu\/wp-json\/wp\/v2\/posts\/224889","targetHints":{"allow":["GET"]}}],"collection":[{"href":"https:\/\/www.europesays.com\/hu\/wp-json\/wp\/v2\/posts"}],"about":[{"href":"https:\/\/www.europesays.com\/hu\/wp-json\/wp\/v2\/types\/post"}],"author":[{"embeddable":true,"href":"https:\/\/www.europesays.com\/hu\/wp-json\/wp\/v2\/users\/2"}],"replies":[{"embeddable":true,"href":"https:\/\/www.europesays.com\/hu\/wp-json\/wp\/v2\/comments?post=224889"}],"version-history":[{"count":0,"href":"https:\/\/www.europesays.com\/hu\/wp-json\/wp\/v2\/posts\/224889\/revisions"}],"wp:featuredmedia":[{"embeddable":true,"href":"https:\/\/www.europesays.com\/hu\/wp-json\/wp\/v2\/media\/224890"}],"wp:attachment":[{"href":"https:\/\/www.europesays.com\/hu\/wp-json\/wp\/v2\/media?parent=224889"}],"wp:term":[{"taxonomy":"category","embeddable":true,"href":"https:\/\/www.europesays.com\/hu\/wp-json\/wp\/v2\/categories?post=224889"},{"taxonomy":"post_tag","embeddable":true,"href":"https:\/\/www.europesays.com\/hu\/wp-json\/wp\/v2\/tags?post=224889"}],"curies":[{"name":"wp","href":"https:\/\/api.w.org\/{rel}","templated":true}]}}