{"id":224991,"date":"2026-08-29T07:12:10","date_gmt":"2026-08-29T07:12:10","guid":{"rendered":"https:\/\/www.europesays.com\/hu\/224991\/"},"modified":"2026-08-29T07:12:10","modified_gmt":"2026-08-29T07:12:10","slug":"a-mi-hazank-jeloltjet-eliteltek-naci-karlendites-miatt","status":"publish","type":"post","link":"https:\/\/www.europesays.com\/hu\/224991\/","title":{"rendered":"A Mi Haz\u00e1nk jel\u00f6ltj\u00e9t el\u00edt\u00e9lt\u00e9k n\u00e1ci karlend\u00edt\u00e9s miatt"},"content":{"rendered":"<p>N\u00e9met b\u00edr\u00f3s\u00e1gi dokumentumra hivatkozva <a target=\"_blank\" rel=\"nofollow noopener\" href=\"https:\/\/444.hu\/2026\/08\/29\/a-muncheni-birosag-elitelte-naci-karlenditesert-a-mi-hazank-jelolte-a-fuggetlen-kozmedia-testuletbe?utm_source=feedly_feed&amp;utm_medium=rss&amp;utm_campaign=rss_syndication\">azt \u00edrja a 444<\/a>, hogy Moys Zolt\u00e1nt, akit a Mi Haz\u00e1nk az \u00fajonnan fel\u00e1ll\u00f3 F\u00fcggetlen K\u00f6zm\u00e9dia Test\u00fcletbe (FKT) jel\u00f6lt, 2021 nyar\u00e1n \u0151rizetbe vette a m\u00fcncheni rend\u0151rs\u00e9g n\u00e1ci karlend\u00edt\u00e9s miatt, majd k\u00e9s\u0151bb el\u00edt\u00e9lte \u0151t a helyi b\u00edr\u00f3s\u00e1g.<\/p>\n<p>A port\u00e1l felid\u00e9zi, hogy 2021. j\u00fanius 23-\u00e1n a magyar labdar\u00fag\u00f3-v\u00e1logatott 2-2-es d\u00f6ntetlent j\u00e1tszott N\u00e9metorsz\u00e1g ellen az Eur\u00f3pa-bajnoks\u00e1g csoportk\u00f6r\u00e9ben a m\u00fcncheni Allianz Ar\u00e9n\u00e1ban.<\/p>\n<p>Mint ismert, a tolerancia \u00e9s a szabads\u00e1g nev\u00e9ben a n\u00e9met szervez\u0151k <a target=\"_blank\" href=\"https:\/\/24.hu\/kulfold\/2021\/06\/22\/allianz-arena-kivilagitas-nemet-reakciok\/\" rel=\"nofollow noopener\">sziv\u00e1rv\u00e1nysz\u00edn\u0171 d\u00edszkivil\u00e1g\u00edt\u00e1st terveztek<\/a> a m\u00fcncheni Allianz Arena homlokzat\u00e1ra a n\u00e9met \u00e9s a magyar v\u00e1logatott Eur\u00f3pa-bajnoki m\u00e9rk\u0151z\u00e9s\u00e9re, \u00e1m ezt az \u00f6tletet az Eur\u00f3pai Labdar\u00fag\u00f3 Sz\u00f6vets\u00e9g megv\u00e9t\u00f3zta, mondv\u00e1n: minden stadion egys\u00e9ges sz\u00ednekben van kivil\u00e1g\u00edtva. A politikai purparl\u00e9 miatt Orb\u00e1n Viktor korm\u00e1nyf\u0151 kor\u00e1bbi tervei ellen\u00e9re v\u00e9g\u00fcl <a target=\"_blank\" href=\"https:\/\/24.hu\/kulfold\/2021\/06\/23\/orban-nem-megy-el-a-muncheni-meccsre-de-azert-odaszurt-egyet-a-nemet-politikanak\/\" rel=\"nofollow noopener\">nem vett r\u00e9szt a tal\u00e1lkoz\u00f3n<\/a>.<\/p>\n<p>A 444 eml\u00e9keztet, hogy ugyanakkor nagy sz\u00e1mban k\u00e9pviseltette mag\u00e1t M\u00fcnchenben a sz\u00e9ls\u0151jobbos magyar ultra csoport, a Carpathian Brigade, amely a meccs el\u0151tt egy <a target=\"_blank\" href=\"https:\/\/www.facebook.com\/carpathianbrigade\/posts\/4073285366084139\" rel=\"nofollow noopener\">Facebook-posztban<\/a> h\u00edvta fel a tagok figyelm\u00e9t a \u201ehelyi t\u00f6rv\u00e9nyekkel nem kompatibilis\u201d tetov\u00e1l\u00e1sok eltakar\u00e1s\u00e1ra. Ennek ellen\u00e9re\u00a0a m\u00fcncheni rend\u0151rs\u00e9g a v\u00e1rosban \u00e9s a meccs alatt a lel\u00e1t\u00f3n is int\u00e9zkedett a magyar szurkol\u00f3kkal szemben. A port\u00e1l akkori megkeres\u00e9s\u00e9re a m\u00fcncheni \u00fcgy\u00e9szs\u00e9g meg\u00edrta, hogy h\u00e1ny ember ellen emeltek v\u00e1dat. \u00d6sszesen \u00f6t magyar szurkol\u00f3 ellen emeltek v\u00e1dat alkotm\u00e1nyellenes szervezetek szimb\u00f3lumainak haszn\u00e1lata miatt.<\/p>\n<p>A 444-hez eljutott n\u00e9met b\u00edr\u00f3s\u00e1gi dokumentumok alapj\u00e1n Moys Zolt\u00e1nt n\u00e1ci karlend\u00edt\u00e9s miatt vette \u0151rizetbe a m\u00fcncheni rend\u0151rs\u00e9g, majd az \u00fcgy\u00e9t a b\u00edr\u00f3s\u00e1g el\u00e9 vitt\u00e9k.<\/p>\n<p>Mint \u00edrj\u00e1k: a M\u00fcncheni J\u00e1r\u00e1sb\u00edr\u00f3s\u00e1g 2021. november 24. napj\u00e1n kelt \u00e9s 2021. december 28. napj\u00e1n joger\u0151re emelkedett v\u00e9gz\u00e9s\u00e9ben nemzetiszocialista szervezet szimb\u00f3lum\u00e1nak nyilv\u00e1nos haszn\u00e1lata b\u0171ncselekm\u00e9ny miatt 2030 eur\u00f3 p\u00e9nzb\u00fcntet\u00e9sre \u00edt\u00e9lte Moyst.<\/p>\n<p>A port\u00e1l telefonon kereste Moys Zolt\u00e1nt, aki a lapnak azt mondta: \u201enem k\u00edv\u00e1n az \u00fcgyben semmit nyilatkozni\u201d, majd bontotta a vonalat.<\/p>\n<p>Amint arr\u00f3l besz\u00e1moltunk, szerd\u00e1n az Orsz\u00e1ggy\u0171l\u00e9s <a target=\"_blank\" href=\"https:\/\/24.hu\/belfold\/2026\/08\/26\/kozmedia-testulet-jeloltek-leszavazas\/\" rel=\"nofollow noopener\">illet\u00e9kes bizotts\u00e1ga nem t\u00e1mogatta<\/a> a Fidesz, a KDNP \u00e9s a Mi Haz\u00e1nk jel\u00f6ltjeit a F\u00fcggetlen K\u00f6zszolg\u00e1lati Test\u00fcletbe. A szerdai meghallgat\u00e1son Sikl\u00f3si Beatrix, Mart\u00ed Zolt\u00e1n \u00e9s Moys Zolt\u00e1n is bemutatkozott, v\u00e9g\u00fcl azonban egyik\u00fck sem kapta meg a sz\u00fcks\u00e9ges t\u00e1mogat\u00e1st. Moys a bizotts\u00e1gi meghallgat\u00e1son elmondta: soha nem volt p\u00e1rttag, \u00e9s a p\u00e1rtok felett \u00e1ll\u00f3 nemzeti \u00f6sszefog\u00e1st k\u00e9pviseli. A Dextra produkci\u00f3s c\u00e9g t\u00e1rsalap\u00edt\u00f3jak\u00e9nt els\u0151sorban kultur\u00e1lis, t\u00f6rt\u00e9nelmi \u00e9s vall\u00e1si tartalmak k\u00e9sz\u00edt\u00e9s\u00e9vel foglalkozott.<\/p>\n","protected":false},"excerpt":{"rendered":"N\u00e9met b\u00edr\u00f3s\u00e1gi dokumentumra hivatkozva azt \u00edrja a 444, hogy Moys Zolt\u00e1nt, akit a Mi Haz\u00e1nk az \u00fajonnan fel\u00e1ll\u00f3&hellip;\n","protected":false},"author":2,"featured_media":224992,"comment_status":"","ping_status":"","sticky":false,"template":"","format":"standard","meta":{"footnotes":"","_share_on_mastodon":"0"},"categories":[8],"tags":[1448,60010,60026,42,43,51786,51789,34,94,93,92],"class_list":["post-224991","post","type-post","status-publish","format-standard","has-post-thumbnail","category-vilag","tag-birosagi-itelet","tag-carpathian-brigade","tag-fkt","tag-hungarian","tag-magyar","tag-moys-zoltan","tag-naci-karlendites","tag-news","tag-vilag","tag-world","tag-world-news"],"share_on_mastodon":{"url":"https:\/\/pubeurope.com\/@hu\/117177558231082465","error":""},"_links":{"self":[{"href":"https:\/\/www.europesays.com\/hu\/wp-json\/wp\/v2\/posts\/224991","targetHints":{"allow":["GET"]}}],"collection":[{"href":"https:\/\/www.europesays.com\/hu\/wp-json\/wp\/v2\/posts"}],"about":[{"href":"https:\/\/www.europesays.com\/hu\/wp-json\/wp\/v2\/types\/post"}],"author":[{"embeddable":true,"href":"https:\/\/www.europesays.com\/hu\/wp-json\/wp\/v2\/users\/2"}],"replies":[{"embeddable":true,"href":"https:\/\/www.europesays.com\/hu\/wp-json\/wp\/v2\/comments?post=224991"}],"version-history":[{"count":0,"href":"https:\/\/www.europesays.com\/hu\/wp-json\/wp\/v2\/posts\/224991\/revisions"}],"wp:featuredmedia":[{"embeddable":true,"href":"https:\/\/www.europesays.com\/hu\/wp-json\/wp\/v2\/media\/224992"}],"wp:attachment":[{"href":"https:\/\/www.europesays.com\/hu\/wp-json\/wp\/v2\/media?parent=224991"}],"wp:term":[{"taxonomy":"category","embeddable":true,"href":"https:\/\/www.europesays.com\/hu\/wp-json\/wp\/v2\/categories?post=224991"},{"taxonomy":"post_tag","embeddable":true,"href":"https:\/\/www.europesays.com\/hu\/wp-json\/wp\/v2\/tags?post=224991"}],"curies":[{"name":"wp","href":"https:\/\/api.w.org\/{rel}","templated":true}]}}