{"id":225021,"date":"2026-08-29T07:36:11","date_gmt":"2026-08-29T07:36:11","guid":{"rendered":"https:\/\/www.europesays.com\/hu\/225021\/"},"modified":"2026-08-29T07:36:11","modified_gmt":"2026-08-29T07:36:11","slug":"legiosok-szerzodest-bontott-a-30-szoros-magyar-valogatott-tamado-kiderult-hol-folytathatja","status":"publish","type":"post","link":"https:\/\/www.europesays.com\/hu\/225021\/","title":{"rendered":"L\u00e9gi\u00f3sok: Szerz\u0151d\u00e9st bontott a 30-szoros magyar v\u00e1logatott t\u00e1mad\u00f3 &#8211; kider\u00fclt, hol folytathatja"},"content":{"rendered":"<p>                    <a href=\"https:\/\/news.google.com\/publications\/CAAqJQgKIh9DQklTRVFnTWFnMEtDMk56WVd0bWIyTnBMbWgxS0FBUAE\" target=\"_blank\" class=\"google-news\" rel=\"nofollow noopener\">A legfrissebb h\u00edrek\u00e9rt k\u00f6vess minket a Csakfoci Google News oldal\u00e1n is!<\/a><\/p>\n<p>A Columbus Crew <a href=\"https:\/\/www.facebook.com\/photo\/?fbid=1542629187897854&amp;set=a.611251274368988\" target=\"_blank\" rel=\"noopener nofollow\">bejelentette<\/a>, hogy k\u00f6z\u00f6s megegyez\u00e9ssel szerz\u0151d\u00e9st bontottak kiemelt fizet\u00e9s\u0171 j\u00e1t\u00e9kosukkal, Gazdag D\u00e1niellel.<\/p>\n<p>A 30 esztend\u0151s t\u00e1mad\u00f3 2025 \u00e1prilis\u00e1ban igazolt Columbusba, \u00f6sszesen 55 m\u00e9rk\u0151z\u00e9sen szerepelt, ezeken 9 g\u00f3lt r\u00fagott \u00e9s 5 g\u00f3lpasszt osztott ki.<\/p>\n<p>Tom Bogert <a href=\"https:\/\/x.com\/tombogert\/status\/2093395307560059097\" target=\"_blank\" rel=\"noopener nofollow\">inform\u00e1ci\u00f3i<\/a> szerint k\u00f6vetkez\u0151 klubja a New England Revolution lehet, amely szint\u00e9n az MLS-ben szerepel. A New England Revolution jelenleg a 4. helyen \u00e1ll a Keleti Konferenci\u00e1ban.<\/p>\n<p>Gazdag 2021-ben igazolt \u00c9szak-Amerik\u00e1ba, ahol 2025-ig a Philadelphia Union alapembere volt: 72 tal\u00e1lat\u00e1val a klub t\u00f6rt\u00e9net\u00e9nek legeredm\u00e9nyesebb futballist\u00e1j\u00e1v\u00e1 v\u00e1lt, 2022-ben pedig az alapszakasz-ez\u00fcst\u00e9rem \u00e9s a d\u00f6nt\u0151ig menetel\u00e9s mellett a szezon \u00e1lomcsapat\u00e1ba is bev\u00e1lasztott\u00e1k.<\/p>\n","protected":false},"excerpt":{"rendered":"A legfrissebb h\u00edrek\u00e9rt k\u00f6vess minket a Csakfoci Google News oldal\u00e1n is! A Columbus Crew bejelentette, hogy k\u00f6z\u00f6s megegyez\u00e9ssel&hellip;\n","protected":false},"author":2,"featured_media":225022,"comment_status":"","ping_status":"","sticky":false,"template":"","format":"standard","meta":{"footnotes":"","_share_on_mastodon":"0"},"categories":[14],"tags":[1069,50221,48114,44,42,40,3209,43,41,45,131],"class_list":["post-225021","post","type-post","status-publish","format-standard","has-post-thumbnail","category-sport","tag-atigazolasok","tag-columbus-crew","tag-gazdag-daniel","tag-hu","tag-hungarian","tag-hungary","tag-legiosok","tag-magyar","tag-magyarorszag","tag-sport","tag-sports"],"share_on_mastodon":{"url":"https:\/\/pubeurope.com\/@hu\/117177652544378429","error":""},"_links":{"self":[{"href":"https:\/\/www.europesays.com\/hu\/wp-json\/wp\/v2\/posts\/225021","targetHints":{"allow":["GET"]}}],"collection":[{"href":"https:\/\/www.europesays.com\/hu\/wp-json\/wp\/v2\/posts"}],"about":[{"href":"https:\/\/www.europesays.com\/hu\/wp-json\/wp\/v2\/types\/post"}],"author":[{"embeddable":true,"href":"https:\/\/www.europesays.com\/hu\/wp-json\/wp\/v2\/users\/2"}],"replies":[{"embeddable":true,"href":"https:\/\/www.europesays.com\/hu\/wp-json\/wp\/v2\/comments?post=225021"}],"version-history":[{"count":0,"href":"https:\/\/www.europesays.com\/hu\/wp-json\/wp\/v2\/posts\/225021\/revisions"}],"wp:featuredmedia":[{"embeddable":true,"href":"https:\/\/www.europesays.com\/hu\/wp-json\/wp\/v2\/media\/225022"}],"wp:attachment":[{"href":"https:\/\/www.europesays.com\/hu\/wp-json\/wp\/v2\/media?parent=225021"}],"wp:term":[{"taxonomy":"category","embeddable":true,"href":"https:\/\/www.europesays.com\/hu\/wp-json\/wp\/v2\/categories?post=225021"},{"taxonomy":"post_tag","embeddable":true,"href":"https:\/\/www.europesays.com\/hu\/wp-json\/wp\/v2\/tags?post=225021"}],"curies":[{"name":"wp","href":"https:\/\/api.w.org\/{rel}","templated":true}]}}