{"id":225153,"date":"2026-08-29T09:59:07","date_gmt":"2026-08-29T09:59:07","guid":{"rendered":"https:\/\/www.europesays.com\/hu\/225153\/"},"modified":"2026-08-29T09:59:07","modified_gmt":"2026-08-29T09:59:07","slug":"feltamad-a-top-gear-ok-lehetnek-az-uj-musorvezetok","status":"publish","type":"post","link":"https:\/\/www.europesays.com\/hu\/225153\/","title":{"rendered":"Felt\u00e1mad a Top Gear: \u0151k lehetnek az \u00faj m\u0171sorvezet\u0151k"},"content":{"rendered":"<p data-alignment=\"left\" class=\"text-left\" data-block-key=\"xb6iy\">A <a href=\"https:\/\/totalcar.hu\/hirek\/2026\/07\/16\/uj-the-grand-tour-musorvezetok-kepek\/\" target=\"_blank\" rel=\" noopener noreferrer nofollow\" data-link-preview=\"true\" data-og-title=\"\u00daj arcok a The Grand Tour \u00e9l\u00e9n, de azok a k\u00e9pek...\" data-og-description=\"K\u00e9t \u00e9v kihagy\u00e1s ut\u00e1n, szeptemberben \u00e9rkezik a The Grand Tour vadi\u00faj \u00e9vada.\" data-og-image=\"https:\/\/totalcar.hu\/media\/images\/Screenshot_2026-07-15_at_18.31..format-avif.max-600x400.avif\" data-og-image-small=\"https:\/\/totalcar.hu\/media\/images\/Screenshot_2026-07-15_at_18.31..format-avif.max-370x278.avif\" data-og-column=\"H\u00edrek\" data-og-tags=\"[&quot;H\\u00edrek&quot;, &quot;the grand tour&quot;, &quot;top gear&quot;, &quot;m\\u0171sor&quot;, &quot;amazon prime&quot;, &quot;m\\u0171sorvezet\\u0151&quot;, &quot;prime video&quot;, &quot;prime&quot;]\">Grand Tour<\/a> hamarosan deb\u00fct\u00e1l\u00f3 \u00faj \u00e9vada mellett egy m\u00e1sik legend\u00e1s form\u00e1tum is visszat\u00e9r a hal\u00e1lb\u00f3l. Ed Havard, a BBC sz\u00f3rakoztat\u00f3 m\u0171sorok\u00e9rt felel\u0151s igazgat\u00f3ja az Edinburgh-i T\u00e9v\u00e9fesztiv\u00e1lon vetett v\u00e9get a h\u00f3napok \u00f3ta tart\u00f3 pletyk\u00e1knak. Kijelentette: &#8222;Rengeteg volt a spekul\u00e1ci\u00f3&#8230; de most m\u00e1r meger\u0151s\u00edthetj\u00fck, hogy a <a href=\"https:\/\/totalcar.hu\/hirek\/2025\/11\/24\/megvenned-james-may-gyonyoru-porsche-carrera-s-et-itt-a-lehetoseg\/\" target=\"_blank\" rel=\" noopener noreferrer nofollow\">Top Gear<\/a> visszat\u00e9r.&#8221; Azt viszont egyel\u0151re nem k\u00f6t\u00f6tte a nagy\u00e9rdem\u0171 orr\u00e1ra, hogy pontosan mikor ker\u00fcl ad\u00e1sba az \u00faj sz\u00e9ria, \u00e9s kik lesznek a m\u0171sorvezet\u0151k.<\/p>\n<p>  <a rel=\"noopener nofollow\" href=\"https:\/\/indamediasales.hu\/2019\/06\/25\/quality_placement_minosegbiztositasi_tajekoztato_728\" target=\"_blank\"><\/p>\n<p>      <img loading=\"lazy\" decoding=\"async\" src=\"https:\/\/totalcar.hu\/static\/images\/brand\/quality_placement_logo.svg\" alt=\"Quality Placement\" width=\"150\" height=\"15\"\/><\/p>\n<p>  <\/a><\/p>\n<p>\n  hirdet\u00e9s\n<\/p>\n<p>      A Top Gear legend\u00e1s tesztpil\u00f3t\u00e1ja, a Stig<\/p>\n<p>    Fot\u00f3: Getty Images<\/p>\n<p data-alignment=\"left\" class=\"text-left\" data-block-key=\"xb6iy\">A h\u00e1tt\u00e9rben persze m\u00e1r jav\u00e1ban zajlik a casting, \u00e9s a Carscoops inform\u00e1ci\u00f3i szerint a brit stand-up j\u00f3istene, az 53 \u00e9ves <a href=\"https:\/\/en.wikipedia.org\/wiki\/Jimmy_Carr\" target=\"_blank\" rel=\" noopener noreferrer nofollow\">Jimmy Carr<\/a> is komolyan t\u00e1rgyal a csatorn\u00e1val. A nyers, gyakran hat\u00e1rokat feszeget\u0151 humor\u00e1r\u00f3l ismert komikus rutinos t\u00e9v\u00e9s arcnak sz\u00e1m\u00edt, \u00e9s maga Havard is elismerte az \u00fajs\u00e1g\u00edr\u00f3knak, hogy &#8222;Jimmy nagyszer\u0171 m\u0171sorvezet\u0151 lenne&#8221;.<\/p>\n<p data-alignment=\"left\" class=\"text-left\" data-block-key=\"xb6iy\">Carr mellett egy m\u00e1sik, els\u0151re tal\u00e1n meglep\u0151 n\u00e9v is beker\u00fclt a kalapba: a BBC \u00e1ll\u00edt\u00f3lag a 36 \u00e9ves <a href=\"https:\/\/en.wikipedia.org\/wiki\/Joe_Marler\" target=\"_blank\" rel=\" noopener noreferrer nofollow\">Joe Marlert<\/a> is kin\u00e9zte mag\u00e1nak a m\u0171sorba. Marler k\u0151kem\u00e9ny profi r\u00f6gbisk\u00e9nt szerzett mag\u00e1nak h\u00edrnevet, de 2024-es visszavonul\u00e1sa \u00f3ta egyre ink\u00e1bb a sz\u00f3rakoztat\u00f3ipar fel\u00e9 kacsintgat, ami j\u00f3t tehet a m\u0171sor dinamik\u00e1j\u00e1nak.<\/p>\n<p>      A k\u00e9pen l\u00e1that\u00f3 a k\u00e9t kor\u00e1bbi m\u0171sorvezet\u0151, Paddy McGuinness (bal), \u00e9s Chris Harris (jobb)<\/p>\n<p>    Fot\u00f3: Getty Images<\/p>\n<p data-alignment=\"left\" class=\"text-left\" data-block-key=\"xb6iy\">A Top Gear sorsa Jeremy Clarkson h\u00edrhedt \u201ehidegt\u00e1las\u201d balh\u00e9ja \u00f3ta finoman sz\u00f3lva is hull\u00e1mz\u00f3 volt. A Chris Evans-f\u00e9le els\u0151 pr\u00f3b\u00e1lkoz\u00e1s cs\u00fany\u00e1n bes\u00fclt, majd a <a href=\"https:\/\/totalcar.hu\/hirek\/2025\/07\/22\/elloptak-az-ex-top-geares-csavo-oreg-bmw-jet-a-rajongok-azonnal-megtalaltak\/\" target=\"_blank\" rel=\" noopener noreferrer nofollow\">Chris Harris<\/a>, Freddie Flintoff \u00e9s Paddy McGuinness f\u00e9mjelezte \u00e9ra hozott n\u00e9mi fell\u00e9legz\u00e9st \u00e9s stabilit\u00e1st. A form\u00e1tumnak v\u00e9g\u00fcl egy brut\u00e1lis csattan\u00e1s vetett v\u00e9get 2022-ben, amikor Flintoff egy forgat\u00e1son olyan s\u00falyos balesetet szenvedett, hogy a csatorna azonnal beh\u00fazta a k\u00e9zif\u00e9ket. A n\u00e9gy\u00e9ves sz\u00fcnet ut\u00e1n a BBC most tiszta lappal, \u00faj arcokkal pr\u00f3b\u00e1lja meg visszaszerezni a Top Gear r\u00e9gi dics\u0151s\u00e9g\u00e9t.<\/p>\n<p><a href=\"https:\/\/google.com\/preferences\/source?q=https%3A\/\/totalcar.hu\" rel=\"noopener nofollow\" referrerpolicy=\"no-referrer-when-downgrade\" class=\"!flex !items-center !gap-5 !py-2 !px-3 w-full !rounded-xl !font-bold cursor-pointer !no-underline relative !bg-white !text-[#202124] !border !border-[#858585] dark:!bg-[#323232] dark:!text-white dark:border-none my-4 \" target=\"_blank\"><br \/>\n  <img decoding=\"async\" src=\"https:\/\/totalcar.hu\/static\/images\/favicons\/google_favicon.svg\" alt=\"Google\" class=\"shrink-0 w-7 h-7\"\/><br \/>\n  \u00c1ll\u00edtsd be, hogy a Totalcar az els\u0151k k\u00f6z\u00f6tt legyen a Google-tal\u00e1latokban!<\/p>\n<p><\/a><\/p>\n","protected":false},"excerpt":{"rendered":"A Grand Tour hamarosan deb\u00fct\u00e1l\u00f3 \u00faj \u00e9vada mellett egy m\u00e1sik legend\u00e1s form\u00e1tum is visszat\u00e9r a hal\u00e1lb\u00f3l. Ed Havard,&hellip;\n","protected":false},"author":2,"featured_media":225154,"comment_status":"","ping_status":"","sticky":false,"template":"","format":"standard","meta":{"footnotes":"","_share_on_mastodon":"0"},"categories":[16],"tags":[137,44,42,40,60060,43342,43,41,60059,138,43343],"class_list":["post-225153","post","type-post","status-publish","format-standard","has-post-thumbnail","category-szorakozas","tag-entertainment","tag-hu","tag-hungarian","tag-hungary","tag-james-may","tag-jeremy-clarkson","tag-magyar","tag-magyarorszag","tag-richard-hammond","tag-szorakozas","tag-top-gear"],"share_on_mastodon":{"url":"https:\/\/pubeurope.com\/@hu\/117178215299639134","error":""},"_links":{"self":[{"href":"https:\/\/www.europesays.com\/hu\/wp-json\/wp\/v2\/posts\/225153","targetHints":{"allow":["GET"]}}],"collection":[{"href":"https:\/\/www.europesays.com\/hu\/wp-json\/wp\/v2\/posts"}],"about":[{"href":"https:\/\/www.europesays.com\/hu\/wp-json\/wp\/v2\/types\/post"}],"author":[{"embeddable":true,"href":"https:\/\/www.europesays.com\/hu\/wp-json\/wp\/v2\/users\/2"}],"replies":[{"embeddable":true,"href":"https:\/\/www.europesays.com\/hu\/wp-json\/wp\/v2\/comments?post=225153"}],"version-history":[{"count":0,"href":"https:\/\/www.europesays.com\/hu\/wp-json\/wp\/v2\/posts\/225153\/revisions"}],"wp:featuredmedia":[{"embeddable":true,"href":"https:\/\/www.europesays.com\/hu\/wp-json\/wp\/v2\/media\/225154"}],"wp:attachment":[{"href":"https:\/\/www.europesays.com\/hu\/wp-json\/wp\/v2\/media?parent=225153"}],"wp:term":[{"taxonomy":"category","embeddable":true,"href":"https:\/\/www.europesays.com\/hu\/wp-json\/wp\/v2\/categories?post=225153"},{"taxonomy":"post_tag","embeddable":true,"href":"https:\/\/www.europesays.com\/hu\/wp-json\/wp\/v2\/tags?post=225153"}],"curies":[{"name":"wp","href":"https:\/\/api.w.org\/{rel}","templated":true}]}}