{"id":225157,"date":"2026-08-29T10:04:11","date_gmt":"2026-08-29T10:04:11","guid":{"rendered":"https:\/\/www.europesays.com\/hu\/225157\/"},"modified":"2026-08-29T10:04:11","modified_gmt":"2026-08-29T10:04:11","slug":"a-volt-kormanypart-prominensei-is-erinttetek-lehetnek-a-lengyelorszagot-megrazo-kriptovaluta-csalasban-az-olimpiai-bizottsag-elnoket-letartoztattak","status":"publish","type":"post","link":"https:\/\/www.europesays.com\/hu\/225157\/","title":{"rendered":"A volt korm\u00e1nyp\u00e1rt prominensei is \u00e9rinttetek lehetnek a Lengyelorsz\u00e1got megr\u00e1z\u00f3 kriptovaluta-csal\u00e1sban, az olimpiai bizotts\u00e1g eln\u00f6k\u00e9t letart\u00f3ztatt\u00e1k"},"content":{"rendered":"<p>    <a href=\"https:\/\/www.europesays.com\/hu\/wp-content\/uploads\/2026\/08\/8Nu6HaYBoAzApZYNs.jpeg\" class=\"uwwrama _1chu0ywg _8b6bx65\" rel=\"nofollow\"><\/p>\n<p>  <img decoding=\"async\" loading=\"lazy\" src=\"https:\/\/www.europesays.com\/hu\/wp-content\/uploads\/2026\/08\/8Nu6HaYBoAzApZYNs.jpeg\"   class=\"_672m2jd _1chu0ywo ta3a4c1ey ta3a4c1aa he2knv4 ta3a4c1ey ta3a4czs\" style=\"--_672m2j6:1.50;--_672m2j5:2560px 1706px\" alt=\"\"\/><\/p>\n<p>      <\/a><\/p>\n<p>\n              Fot\u00f3:<br \/>\n                JAKUB PORZYCKI\/NurPhoto via AFP\n            <\/p>\n<p class=\"\">\n    Egyre nagyobb botr\u00e1ny van Lengyelorsz\u00e1gban a Zondacrypto kriptovaluta-t\u0151zsde k\u00f6r\u00fcli csal\u00e1si \u00fcgy miatt. A platformon \u201episzkos \u00e9s s\u00f6t\u00e9t \u00fcgyletek\u201d zajlottak, amelyekbe a nemzeti-konzervat\u00edv PiS p\u00e1rt \u201evezet\u0151 szem\u00e9lyis\u00e9gei\u201d is belekeveredtek \u2013 nyilatkozta p\u00e9nteken Donald Tusk minisztereln\u00f6k.\n  <\/p>\n<p class=\"\">\n    A Zondacrypto \u00e1prilisban egyik napr\u00f3l a m\u00e1sikra besz\u00fcntette a m\u0171k\u00f6d\u00e9s\u00e9t \u00e9s le\u00e1ll\u00edtotta a weboldal\u00e1t. T\u00f6bb ezer hitelez\u0151 vesztette el a p\u00e9nz\u00e9t, a k\u00e1r sajt\u00f3h\u00edrek szerint 350 milli\u00f3 zloty (83 milli\u00f3 eur\u00f3). A platform alap\u00edt\u00f3ja, Sylwester Suszek m\u00e1r 2022-ben nyomtalanul elt\u0171nt, ut\u00f3da, a c\u00e9g vezet\u0151je, Przemyslaw Kral most Izraelbe vagy valamelyik \u00d6b\u00f6l-menti \u00e1llamba menek\u00fclt.\n  <\/p>\n<p class=\"\">\n    \u00dcgyv\u00e9dje szerint Kral hajland\u00f3 koronatan\u00fak\u00e9nt vallom\u00e1st tenni, enyh\u00e9bb b\u00fcntet\u00e9s\u00e9rt cser\u00e9be.\n  <\/p>\n<p>    Letart\u00f3ztat\u00e1s a PiS-t\u00e1borban<\/p>\n<p class=\"\">\n    Az \u00fcggyel \u00f6sszef\u00fcgg\u00e9sben letart\u00f3ztatt\u00e1k a lengyel olimpiai bizotts\u00e1g eln\u00f6k\u00e9t, Radoslaw Piesiewiczet. A PiS-hez k\u00f6zel \u00e1ll\u00f3 tiszts\u00e9gvisel\u0151, ellent\u00e9tben sok m\u00e1s befektet\u0151vel, minden p\u00e9nz\u00e9t visszakapta, amikor a platform elkezdett \u00f6sszeomlani.\n  <\/p>\n<p class=\"\">\n    Piesiewicz emellett az olimpiai bizotts\u00e1g nev\u00e9ben szponzori szerz\u0151d\u00e9st \u00edrt al\u00e1 a Zondacrypt\u00f3val. Eszerint a mil\u00e1n\u00f3i t\u00e9li olimpi\u00e1n a lengyel sportol\u00f3k, ha j\u00f3l teljes\u00edtenek, kriptovalut\u00e1ban kaptak volna juttat\u00e1sokat. Ez a gyakorlatban sok esetben elmaradt, rengeteg sportsz\u00f6vets\u00e9g k\u00f6veteli Piesiewicz lemond\u00e1s\u00e1t.\n  <\/p>\n<p class=\"\">\n    Az \u00fcgyben a Lengyelorsz\u00e1got 2015 \u00e9s 2023 k\u00f6z\u00f6tt vezet\u0151 PiS tov\u00e1bbi prominens politikusai is \u00e9rintettek. A PiS-nek nincs k\u00f6nny\u0171 id\u0151szaka, <a href=\"https:\/\/444.hu\/2026\/07\/28\/szetesoben-a-lengyel-jobboldal-legnagyobb-partja-a-nyertes-egyelore-kerdeses-a-vesztes-nem\" target=\"_blank\" rel=\"nofollow noopener\">nemr\u00e9g kiv\u00e1lt a p\u00e1rtb\u00f3l a m\u00e9rs\u00e9kelt k\u00e9pvisel\u0151k egy csoportja<\/a>, \u00e9s saj\u00e1t projektbe kezdett. (<a href=\"https:\/\/orf.at\/#\/stories\/3440535\/\" target=\"_blank\" rel=\"nofollow noopener\">ORF<\/a>)\n  <\/p>\n","protected":false},"excerpt":{"rendered":"Fot\u00f3: JAKUB PORZYCKI\/NurPhoto via AFP Egyre nagyobb botr\u00e1ny van Lengyelorsz\u00e1gban a Zondacrypto kriptovaluta-t\u0151zsde k\u00f6r\u00fcli csal\u00e1si \u00fcgy miatt. A&hellip;\n","protected":false},"author":2,"featured_media":225158,"comment_status":"","ping_status":"","sticky":false,"template":"","format":"standard","meta":{"footnotes":"","_share_on_mastodon":"0"},"categories":[8],"tags":[5722,42,64,60065,526,43,34,19521,60062,60061,60063,94,93,92,60064],"class_list":["post-225157","post","type-post","status-publish","format-standard","has-post-thumbnail","category-vilag","tag-donald-tusk","tag-hungarian","tag-kulfold","tag-lengyel-olimpiai-bizottsag","tag-lengyelorszag","tag-magyar","tag-news","tag-pis","tag-przemyslaw-kral","tag-radoslaw-piesiewicz","tag-sylwester-suszek","tag-vilag","tag-world","tag-world-news","tag-zondacrypto"],"share_on_mastodon":{"url":"https:\/\/pubeurope.com\/@hu\/117178234832991711","error":""},"_links":{"self":[{"href":"https:\/\/www.europesays.com\/hu\/wp-json\/wp\/v2\/posts\/225157","targetHints":{"allow":["GET"]}}],"collection":[{"href":"https:\/\/www.europesays.com\/hu\/wp-json\/wp\/v2\/posts"}],"about":[{"href":"https:\/\/www.europesays.com\/hu\/wp-json\/wp\/v2\/types\/post"}],"author":[{"embeddable":true,"href":"https:\/\/www.europesays.com\/hu\/wp-json\/wp\/v2\/users\/2"}],"replies":[{"embeddable":true,"href":"https:\/\/www.europesays.com\/hu\/wp-json\/wp\/v2\/comments?post=225157"}],"version-history":[{"count":0,"href":"https:\/\/www.europesays.com\/hu\/wp-json\/wp\/v2\/posts\/225157\/revisions"}],"wp:featuredmedia":[{"embeddable":true,"href":"https:\/\/www.europesays.com\/hu\/wp-json\/wp\/v2\/media\/225158"}],"wp:attachment":[{"href":"https:\/\/www.europesays.com\/hu\/wp-json\/wp\/v2\/media?parent=225157"}],"wp:term":[{"taxonomy":"category","embeddable":true,"href":"https:\/\/www.europesays.com\/hu\/wp-json\/wp\/v2\/categories?post=225157"},{"taxonomy":"post_tag","embeddable":true,"href":"https:\/\/www.europesays.com\/hu\/wp-json\/wp\/v2\/tags?post=225157"}],"curies":[{"name":"wp","href":"https:\/\/api.w.org\/{rel}","templated":true}]}}