{"id":225159,"date":"2026-08-29T10:05:09","date_gmt":"2026-08-29T10:05:09","guid":{"rendered":"https:\/\/www.europesays.com\/hu\/225159\/"},"modified":"2026-08-29T10:05:09","modified_gmt":"2026-08-29T10:05:09","slug":"satuba-kerult-az-m1-es-fusson-ha-meg-tud-economx-hu","status":"publish","type":"post","link":"https:\/\/www.europesays.com\/hu\/225159\/","title":{"rendered":"Satuba ker\u00fclt az M1-es, fusson, ha m\u00e9g tud! &#8211; Economx.hu"},"content":{"rendered":"<p><a href=\"https:\/\/news.google.com\/rss\/articles\/CBMiiwFBVV95cUxOdF9TWUZ3dmVlWVFlNThzdFVoYUd5bUY2Z1NvYkxVdnFLWEcyQ1RlTGZzTl9hbzBxdk1ITGwzNk9zMWdHNG5Mc2VOWG1kUlF6NjdEVzdWZ1dlMDB4STZDMnJxZHVCenJBbmVYR3ozNFNFM2E5cGQzOVhWZl9EUVhVOFZZOU56RlZnaC1B?oc=5\" target=\"_blank\" rel=\"nofollow noopener\">Satuba ker\u00fclt az M1-es, fusson, ha m\u00e9g tud!<\/a>&nbsp;&nbsp;Economx.hu<a href=\"https:\/\/news.google.com\/rss\/articles\/CBMiowFBVV95cUxOeFc3dDViSnI0MXhKM0pnX3FaSWZmb0p3VGlHX0tJSS1yREdEYUxwR3VlTVdPeEZjRnRVdnJHN0IxOVBlOGduZjd0c3h1c2p3ZUZiYjVDZ2RqZ09ZZjdVbXZxUUpXMnV5MGRhVVF4azlNXzdOaXl0eFVMUWxlU3pKNU94OWpHRzh1N1BSX2xQUXd3Q0NQZVpfM1JoQ3JfblNwUjVV0gGoAUFVX3lxTE5XODNYSURDcGh2RjVwa0V2ZEw3U090a1NSczFOaEl5b3ZicC0tTjRzZkpabU5zUDJERE5RNUpZSEh5SGo4cG5nX1JuV1YyRmEtZ0VwSnZ1aU9XY2ZGUHpBa0ZIMFhjMTl5UWdTdlhUSHpfcFBpcFJEZGlkWU9PLW5sUHRrZmotZzlScFlHd2V1ejRwVmRaWXJZMTVVX3pSX1ZOVnBlVkFVYw?oc=5\" target=\"_blank\" rel=\"nofollow noopener\">Mindk\u00e9t ir\u00e1nyban elesett a magyar aut\u00f3p\u00e1lya egy baleset miatt<\/a>&nbsp;&nbsp;Infostart<a href=\"https:\/\/news.google.com\/rss\/articles\/CBMingFBVV95cUxOV0IyeENUWDdFZnh5LVo2NUg4Tl9xenJXb19QMi1DanJQWUJxM0Z1RDJUaXgwNGc5VUt5MXl2WVBEeHdZMVhFSmEzaHJxUWh2NU1nNzJVLXVneHBXVHg0cFNxSkFpOHJqel9XWHl4V2hqRVhiN1BTSGYyM2ZQODNFdlZjNnRpa2JweWdDMDFvWjFwYk9NaFhtNnRlZ3JMdw?oc=5\" target=\"_blank\" rel=\"nofollow noopener\">Aut\u00f3: N\u00e9gy aut\u00f3 \u00fctk\u00f6z\u00f6tt az M1-esen Gy\u0151rn\u00e9l, t\u00f6bb kilom\u00e9teres a torl\u00f3d\u00e1s<\/a>&nbsp;&nbsp;| hvg.hu<a href=\"https:\/\/news.google.com\/rss\/articles\/CBMiugFBVV95cUxNZ0c4R1daV0RDdlhFTHVzWmFHdEFzX2pMYU4yc05rczJ3RjA0TVlfWmt5bjdTUGdhYkNNdVBhUHNHZmVUUFZGY0lnQlEwNm1ORVFsbEx5UHBvaDhPc3dFUzNnQ0ZjU0MzWWctT1Q0ajdFeHBOaWpBNDZySWVNOHoyZ3RCUUVrNHFGRnVZNzlXdXlZVGliQnp5bFpwd1ZLdExNMUFYR21QNnZnSTVndTdlemxmUUluMHZQSFE?oc=5\" target=\"_blank\" rel=\"nofollow noopener\">Most \u00e9rkezett: n\u00e9gyes karambol az aut\u00f3p\u00e1ly\u00e1n, t\u0171zolt\u00f3k siettek a helysz\u00ednre<\/a>&nbsp;&nbsp;KEMMA<a href=\"https:\/\/news.google.com\/rss\/articles\/CBMihwFBVV95cUxQMm9PSWhaSXllcFpHYS1ZcmVCSmc5SUVodUdHMl9WbHFFNGZFR01pQzJWc3VudFhZUWZpYmJjMDZaenNmRy1oREVNcmlOdENONmVTQ0FEMXM2ckxuUTN0cUhtRVRDcm1HY290M1M1dkgtQncyTVNpTjg4blVtSTlFZjFIdTAwUTA?oc=5\" target=\"_blank\" rel=\"nofollow noopener\">Az M1-es fel\u00e9 menn\u00e9l? Azonnal fordulj vissza! Baleset \u00e9s torl\u00f3d\u00e1s az aut\u00f3p\u00e1ly\u00e1n<\/a>&nbsp;&nbsp;Blikk<\/p>\n","protected":false},"excerpt":{"rendered":"Satuba ker\u00fclt az M1-es, fusson, ha m\u00e9g tud!&nbsp;&nbsp;Economx.huMindk\u00e9t ir\u00e1nyban elesett a magyar aut\u00f3p\u00e1lya egy baleset miatt&nbsp;&nbsp;InfostartAut\u00f3: N\u00e9gy aut\u00f3&hellip;\n","protected":false},"author":2,"featured_media":225160,"comment_status":"","ping_status":"","sticky":false,"template":"","format":"standard","meta":{"footnotes":"","_share_on_mastodon":"0"},"categories":[6],"tags":[469,44,42,40,43744,43,41,3738],"class_list":["post-225159","post","type-post","status-publish","format-standard","has-post-thumbnail","category-magyarorszag","tag-baleset","tag-hu","tag-hungarian","tag-hungary","tag-m1-es_autopalya","tag-magyar","tag-magyarorszag","tag-torlodas"],"share_on_mastodon":{"url":"https:\/\/pubeurope.com\/@hu\/117178238574756164","error":""},"_links":{"self":[{"href":"https:\/\/www.europesays.com\/hu\/wp-json\/wp\/v2\/posts\/225159","targetHints":{"allow":["GET"]}}],"collection":[{"href":"https:\/\/www.europesays.com\/hu\/wp-json\/wp\/v2\/posts"}],"about":[{"href":"https:\/\/www.europesays.com\/hu\/wp-json\/wp\/v2\/types\/post"}],"author":[{"embeddable":true,"href":"https:\/\/www.europesays.com\/hu\/wp-json\/wp\/v2\/users\/2"}],"replies":[{"embeddable":true,"href":"https:\/\/www.europesays.com\/hu\/wp-json\/wp\/v2\/comments?post=225159"}],"version-history":[{"count":0,"href":"https:\/\/www.europesays.com\/hu\/wp-json\/wp\/v2\/posts\/225159\/revisions"}],"wp:featuredmedia":[{"embeddable":true,"href":"https:\/\/www.europesays.com\/hu\/wp-json\/wp\/v2\/media\/225160"}],"wp:attachment":[{"href":"https:\/\/www.europesays.com\/hu\/wp-json\/wp\/v2\/media?parent=225159"}],"wp:term":[{"taxonomy":"category","embeddable":true,"href":"https:\/\/www.europesays.com\/hu\/wp-json\/wp\/v2\/categories?post=225159"},{"taxonomy":"post_tag","embeddable":true,"href":"https:\/\/www.europesays.com\/hu\/wp-json\/wp\/v2\/tags?post=225159"}],"curies":[{"name":"wp","href":"https:\/\/api.w.org\/{rel}","templated":true}]}}