{"id":225161,"date":"2026-08-29T10:06:08","date_gmt":"2026-08-29T10:06:08","guid":{"rendered":"https:\/\/www.europesays.com\/hu\/225161\/"},"modified":"2026-08-29T10:06:08","modified_gmt":"2026-08-29T10:06:08","slug":"telex-kajak-kenu-vb-ket-magyar-arany-penteken","status":"publish","type":"post","link":"https:\/\/www.europesays.com\/hu\/225161\/","title":{"rendered":"Telex: Kajak-kenu vb: k\u00e9t magyar arany p\u00e9nteken"},"content":{"rendered":"<p>Csik\u00f3s Zs\u00f3ka c\u00edm\u00e9t megv\u00e9dve arany\u00e9rmes lett a kajak egyesek 1000 m\u00e9teres verseny\u00e9ben, \u00e9s par\u00e1d\u00e9s csata v\u00e9g\u00e9n a kenus Fejes D\u00e1niel is gy\u0151z\u00f6tt ugyanezen a t\u00e1von a p\u00e9ntek d\u00e9lut\u00e1ni d\u00f6nt\u0151kben a poznani kajak-kenu vil\u00e1gbajnoks\u00e1gon, amely az olimpiai kvalifik\u00e1ci\u00f3s sorozat kiemelt \u00e1llom\u00e1sa.<\/p>\n<p>Csik\u00f3s magabiztos el\u0151nnyel diadalmaskodott, Fejes pedig, aki a sz\u00e1m els\u0151 magyar vil\u00e1gbajnoka Vajda Attila 2013-as sikere \u00f3ta, a c\u00edmv\u00e9d\u0151 \u00e9s olimpiai bajnok cseh Martin Fuks\u00e1val holtversenyben v\u00e9gzett az \u00e9len.<\/p>\n<p>\u201eA rajtom m\u00e9g mindig nem volt j\u00f3, de holnapra j\u00f3 lesz\u201d \u2013 kezdte mosolyogva \u00e9rt\u00e9kel\u00e9s\u00e9t a szolnoki Csik\u00f3s Zs\u00f3ka arra utalva, hogy szombaton az olimpiai sz\u00e1m, az 500 m\u00e9ter egyes d\u00f6nt\u0151j\u00e9ben lesz \u00e9rdekelt. \u201eSzerencs\u00e9re ezt lesz\u00e1m\u00edtva egy nagyon j\u00f3 p\u00e1ly\u00e1t tudtam j\u00f6nni. B\u00edztam benne, hogy m\u00f6g\u00f6ttem nem \u00fcl be senki v\u00edzre, nem tudom, \u00edgy volt-e, de meg tudtam tartani a poz\u00edci\u00f3mat, aminek nagyon \u00f6r\u00fcl\u00f6k.\u201d<\/p>\n<p>\u201e\u00c9n nem \u00fagy fogalmazn\u00e9k, hogy meg kellett nyernem ezt a d\u00f6nt\u0151t, hanem hogy meg akartam nyerni. \u00c9n vagyok a regn\u00e1l\u00f3 vil\u00e1gbajnok, \u00edgy azt gondolom, mindenki arra sz\u00e1m\u00edtott, hogy \u00e9n fogok gy\u0151zni. \u00c9n is pr\u00f3b\u00e1ltam \u00edgy hozz\u00e1\u00e1llni. Sokat k\u00e9sz\u00fcltem egy\u00e9bk\u00e9nt Fejes Danival egy\u00fctt az ezerre \u00e9s az \u00f6tsz\u00e1zra is, remek, hogy mindketten gy\u0151zni tudtunk\u201d \u2013 nyilatkozott a 25 \u00e9ves kajakos.<\/p>\n<p>\u201eA befut\u00f3 ut\u00e1n nem tudtam, h\u00e1nyadik vagyok. Amikor j\u00f6ttem az eredm\u00e9nyhirdet\u00e9sre, akkor realiz\u00e1l\u00f3dott bennem, hogy nem Petrovval, hanem Fuks\u00e1val v\u00e9geztem holtversenyben az \u00e9len. \u00cdgy elmaradt az ujjong\u00e1s, a haj\u00f3csapkod\u00e1s a c\u00e9lban, de nem is vagyok ez a t\u00edpus\u201d \u2013 mondta Fejes D\u00e1niel. \u201eNagyon f\u00e1jt a p\u00e1lya, de j\u00f3 \u00e9rz\u00e9s volt, hogy azt \u00e9reztem, van bennem er\u0151 \u00e9s az els\u0151 hely\u00e9rt csat\u00e1zok. Tarnovszkihoz m\u00e9rtem magam, azt gondoltam, ha hozz\u00e1 k\u00e9pest l\u0151t\u00e1volon bel\u00fcl vagyok, az rossz nem lehet. Amikor sz\u00e1z\u00f6tven m\u00e9terrel a v\u00e9ge el\u0151tt megel\u0151ztem, az olyan l\u00f6ketet adott, hogy azt \u00e9reztem, nem fogok tudni meg\u00e1llni\u201d \u2013 fogalmazott az MTK 26 \u00e9ves kenusa.<\/p>\n<p>A f\u00e9rfi kajak n\u00e9gyes \u2013 N\u00e1das Bence, Fodor Bence, Kurucz Levente \u00e9s T\u00f3tka S\u00e1ndor \u2013 az \u00f6t\u00f6dik, a Kiss \u00c1gnes, Nagy Bianka kenu kettes pedig a hetedik helyen z\u00e1rt 500 m\u00e9teren.<\/p>\n<p>A B d\u00f6nt\u0151s magyar egys\u00e9gek k\u00f6z\u00fcl Hodov\u00e1n D\u00e1vid (C-1\u202f200 m) \u00e9s a Kisk\u00f3 R\u00e9ka, Szegedi Angelina, Decsi Dorina, M\u00e9sz\u00e1ros Anna \u00f6ssze\u00e1ll\u00edt\u00e1s\u00fa n\u0151i kajak n\u00e9gyes (500 m) is m\u00e1sodik lett, \u00edgy \u00f6sszes\u00edt\u00e9sben egyar\u00e1nt a 11. helyen v\u00e9gzett. A t\u00f6bbi d\u00f6nt\u0151t szombaton \u00e9s a vas\u00e1rnapi z\u00e1r\u00f3napon rendezik.<\/p>\n","protected":false},"excerpt":{"rendered":"Csik\u00f3s Zs\u00f3ka c\u00edm\u00e9t megv\u00e9dve arany\u00e9rmes lett a kajak egyesek 1000 m\u00e9teres verseny\u00e9ben, \u00e9s par\u00e1d\u00e9s csata v\u00e9g\u00e9n a kenus&hellip;\n","protected":false},"author":2,"featured_media":225162,"comment_status":"","ping_status":"","sticky":false,"template":"","format":"standard","meta":{"footnotes":"","_share_on_mastodon":"0"},"categories":[33],"tags":[32428,59708,38,35,37,44,42,40,6735,6656,60066,43,41,34,45,36,39],"class_list":["post-225161","post","type-post","status-publish","format-standard","has-post-thumbnail","category-hirek","tag-csikos-zsoka","tag-fejes-daniel","tag-focimek","tag-headlines","tag-hirek","tag-hu","tag-hungarian","tag-hungary","tag-kajak","tag-kajak-kenu","tag-kenu","tag-magyar","tag-magyarorszag","tag-news","tag-sport","tag-top-stories","tag-vezeto-hirek"],"share_on_mastodon":{"url":"https:\/\/pubeurope.com\/@hu\/117178242312545415","error":""},"_links":{"self":[{"href":"https:\/\/www.europesays.com\/hu\/wp-json\/wp\/v2\/posts\/225161","targetHints":{"allow":["GET"]}}],"collection":[{"href":"https:\/\/www.europesays.com\/hu\/wp-json\/wp\/v2\/posts"}],"about":[{"href":"https:\/\/www.europesays.com\/hu\/wp-json\/wp\/v2\/types\/post"}],"author":[{"embeddable":true,"href":"https:\/\/www.europesays.com\/hu\/wp-json\/wp\/v2\/users\/2"}],"replies":[{"embeddable":true,"href":"https:\/\/www.europesays.com\/hu\/wp-json\/wp\/v2\/comments?post=225161"}],"version-history":[{"count":0,"href":"https:\/\/www.europesays.com\/hu\/wp-json\/wp\/v2\/posts\/225161\/revisions"}],"wp:featuredmedia":[{"embeddable":true,"href":"https:\/\/www.europesays.com\/hu\/wp-json\/wp\/v2\/media\/225162"}],"wp:attachment":[{"href":"https:\/\/www.europesays.com\/hu\/wp-json\/wp\/v2\/media?parent=225161"}],"wp:term":[{"taxonomy":"category","embeddable":true,"href":"https:\/\/www.europesays.com\/hu\/wp-json\/wp\/v2\/categories?post=225161"},{"taxonomy":"post_tag","embeddable":true,"href":"https:\/\/www.europesays.com\/hu\/wp-json\/wp\/v2\/tags?post=225161"}],"curies":[{"name":"wp","href":"https:\/\/api.w.org\/{rel}","templated":true}]}}