{"id":225179,"date":"2026-08-29T10:30:08","date_gmt":"2026-08-29T10:30:08","guid":{"rendered":"https:\/\/www.europesays.com\/hu\/225179\/"},"modified":"2026-08-29T10:30:08","modified_gmt":"2026-08-29T10:30:08","slug":"mikor-bedobtam-a-140-et-mar-akkor-is-uvoltes-volt-de-180-nal-valami-hihetetlen-ket-magyar-is-tovabbjutott-a-hungarian-trophyn","status":"publish","type":"post","link":"https:\/\/www.europesays.com\/hu\/225179\/","title":{"rendered":"&#8222;Mikor bedobtam a 140-et, m\u00e1r akkor is \u00fcv\u00f6lt\u00e9s volt, de 180-n\u00e1l valami hihetetlen&#8221; \u2013 k\u00e9t magyar is tov\u00e1bbjutott a Hungarian Trophyn"},"content":{"rendered":"<p>A nagyobb meglepet\u00e9st K\u00e1d\u00e1r L\u00e1szl\u00f3 okozta azzal, hogy kiejtette a vil\u00e1granglist\u00e1n harmincadik Daryl Gurney-t. K\u00e1d\u00e1r par\u00e1d\u00e9san j\u00e1tszott, tartotta ellenfele kilencvenpontos k\u00f6r\u00e1tlag\u00e1t, r\u00e1ad\u00e1sul n\u00e9gyszer is a lehet\u0151 legt\u00f6bb pontot \u00e9r\u0151 180-at dobott. Az izgalmas meccs v\u00e9g\u00e9n 5-5-n\u00e9l d\u00f6nt\u0151 legben d\u0151lt el, hatalmas szurkol\u00e1s mellett K\u00e1d\u00e1r jav\u00e1ra.<\/p>\n<p>\u201eH\u00e1romszor voltam a Lakeside-on, de ha ezt a h\u00e1rmat \u00f6sszeteszem, feleannyian sem voltak, mint itt voltak. Ez a k\u00f6z\u00f6ns\u00e9g, amit lem\u0171velt nekem, velem, \u00e9rtem, az hihetetlen! Nem tudom, hogy k\u00f6sz\u00f6njem meg nekik. K\u00f6sz\u00f6n\u00f6m sz\u00e9pen, hogy dobtam n\u00e9gy 180-at! Mikor bedobtam a 140-et, m\u00e1r akkor is \u00fcv\u00f6lt\u00e9s volt, de 180-n\u00e1l valami hihetetlen\u2026 K\u00e1r lett volna nem dobni 180-at! Pedig \u0151 is dobott, m\u00e9g hamarabb is mint \u00e9n, de nem volt az a k\u00f6sz\u00f6net.<\/p>\n<p>Amikor megdobtam az els\u0151t, csak arra gondoltam, hogy \u00bbjaj Laci, m\u00e9g dobj\u00e1l egy p\u00e1rat, mert ez hihetetlen, hogy \u00f6rvend az ember\u00ab! \u00c9rtem! \u00c9s \u00e9n nekik. \u00c9s \u00edgy k\u00f6z\u00f6sen megcsin\u00e1ltuk. Ezt t\u00e9nyleg k\u00f6z\u00f6sen csin\u00e1ltuk, \u00e9reztem, ahogy h\u00e1tulr\u00f3l l\u00f6knek<\/p>\n<p>\u2013 mondta el\u00e9rz\u00e9keny\u00fclve az erd\u00e9lyi magyar dartsos a gy\u0151zelme ut\u00e1n.<\/p>\n<p>Ezek ut\u00e1n Major N\u00e1ndor is hasonl\u00f3an ki\u00e9lezett \u00f6sszecsap\u00e1sban kerekedett a holland Niels Zonneveld f\u00f6l\u00e9. Ut\u00f3bbi ugyan 3-1-re elh\u00fazott, de Major egyenl\u00edtett, r\u00e1ad\u00e1sul k\u00f6zben egyszer 116 pontr\u00f3l sz\u00e1llt ki brav\u00farosan. Ezt k\u00f6vet\u0151en 5-5-ig fej fej mellett haladtak a felek, azaz itt is a 11. leg d\u00f6nt\u00f6tt, ebben viszont a magyar j\u00e1t\u00e9kos kezdett, v\u00e9g\u00fcl 124 pontr\u00f3l sz\u00e1llt ki, ezzel legy\u0151zte a rangsorban 36. ellenfel\u00e9t.<\/p>\n<p>A szombat esti programban a nyolcadd\u00f6nt\u0151be jut\u00e1s\u00e9rt K\u00e1d\u00e1r a vil\u00e1granglista \u00f6t\u00f6dik helyezettj\u00e9vel, a walesi Jonny Claytonnal tal\u00e1lkozik, m\u00edg Majornak m\u00e9g nehezebb dolga lesz, mert az id\u00e9n vb-d\u00f6nt\u0151s holland Gian van Veennel j\u00e1tszik majd. A m\u00e1sik k\u00e9t magyar indul\u00f3, Bir\u00f3 Mil\u00e1n \u00e9s Borb\u00e9ly Andr\u00e1s a d\u00e9lut\u00e1ni szakaszban kiesett.<\/p>\n","protected":false},"excerpt":{"rendered":"A nagyobb meglepet\u00e9st K\u00e1d\u00e1r L\u00e1szl\u00f3 okozta azzal, hogy kiejtette a vil\u00e1granglist\u00e1n harmincadik Daryl Gurney-t. K\u00e1d\u00e1r par\u00e1d\u00e9san j\u00e1tszott, tartotta&hellip;\n","protected":false},"author":2,"featured_media":225180,"comment_status":"","ping_status":"","sticky":false,"template":"","format":"standard","meta":{"footnotes":"","_share_on_mastodon":"0"},"categories":[14],"tags":[4445,44,42,53871,40,53875,43,41,53874,45,131],"class_list":["post-225179","post","type-post","status-publish","format-standard","has-post-thumbnail","category-sport","tag-darts","tag-hu","tag-hungarian","tag-hungarian-darts-trophy","tag-hungary","tag-kadar-laszlo","tag-magyar","tag-magyarorszag","tag-major-nandor","tag-sport","tag-sports"],"share_on_mastodon":{"url":"https:\/\/pubeurope.com\/@hu\/117178336630718212","error":""},"_links":{"self":[{"href":"https:\/\/www.europesays.com\/hu\/wp-json\/wp\/v2\/posts\/225179","targetHints":{"allow":["GET"]}}],"collection":[{"href":"https:\/\/www.europesays.com\/hu\/wp-json\/wp\/v2\/posts"}],"about":[{"href":"https:\/\/www.europesays.com\/hu\/wp-json\/wp\/v2\/types\/post"}],"author":[{"embeddable":true,"href":"https:\/\/www.europesays.com\/hu\/wp-json\/wp\/v2\/users\/2"}],"replies":[{"embeddable":true,"href":"https:\/\/www.europesays.com\/hu\/wp-json\/wp\/v2\/comments?post=225179"}],"version-history":[{"count":0,"href":"https:\/\/www.europesays.com\/hu\/wp-json\/wp\/v2\/posts\/225179\/revisions"}],"wp:featuredmedia":[{"embeddable":true,"href":"https:\/\/www.europesays.com\/hu\/wp-json\/wp\/v2\/media\/225180"}],"wp:attachment":[{"href":"https:\/\/www.europesays.com\/hu\/wp-json\/wp\/v2\/media?parent=225179"}],"wp:term":[{"taxonomy":"category","embeddable":true,"href":"https:\/\/www.europesays.com\/hu\/wp-json\/wp\/v2\/categories?post=225179"},{"taxonomy":"post_tag","embeddable":true,"href":"https:\/\/www.europesays.com\/hu\/wp-json\/wp\/v2\/tags?post=225179"}],"curies":[{"name":"wp","href":"https:\/\/api.w.org\/{rel}","templated":true}]}}