{"id":225248,"date":"2026-08-29T11:41:09","date_gmt":"2026-08-29T11:41:09","guid":{"rendered":"https:\/\/www.europesays.com\/hu\/225248\/"},"modified":"2026-08-29T11:41:09","modified_gmt":"2026-08-29T11:41:09","slug":"gazdag-daniel-szerzodest-bontott-amerikai-csapataval","status":"publish","type":"post","link":"https:\/\/www.europesays.com\/hu\/225248\/","title":{"rendered":"Gazdag D\u00e1niel szerz\u0151d\u00e9st bontott amerikai csapat\u00e1val"},"content":{"rendered":"<p>A kispesti nevel\u00e9s\u0171 k\u00f6z\u00e9pp\u00e1ly\u00e1s 2021-ben igazolt a Philadelphia Unionba, ahol kiv\u00e1l\u00f3an j\u00e1tszott, a klub g\u00f3lrekordere lett, meghat\u00e1roz\u00f3 j\u00e1t\u00e9koss\u00e1 n\u0151tte ki mag\u00e1t. Meglepet\u00e9snek sz\u00e1m\u00edtott, hogy 2025 augusztus\u00e1ban a Columbushoz igazolt, ahol 55 meccsen kilenc g\u00f3lt szerzett.<\/p>\n<p dir=\"ltr\" lang=\"en\">Thank you, Daniel \ud83d\ude4c<\/p>\n<p>The Columbus Crew and Daniel Gazdag have mutually agreed to terminate the midfielder\u2019s contract. As a result of the buyout, Gazdag will no longer occupy a Designated Player spot on the Crew roster.<\/p>\n<p>\ud83d\udcf0: <a target=\"_blank\" href=\"https:\/\/t.co\/gO98qczoEV\" rel=\"nofollow\">https:\/\/t.co\/gO98qczoEV<\/a> <a target=\"_blank\" href=\"https:\/\/t.co\/4tCb3LsgmE\" rel=\"nofollow\">pic.twitter.com\/4tCb3LsgmE<\/a><\/p>\n<p>\u2014 The Crew (@ColumbusCrew) <a target=\"_blank\" href=\"https:\/\/x.com\/ColumbusCrew\/status\/2093420931670528130?ref_src=twsrc%5Etfw\" rel=\"nofollow\">August 28, 2026<\/a><\/p>\n<p>A <a target=\"_blank\" href=\"https:\/\/www.csakfoci.hu\/magyar-foci\/legiosok-szerzodest-bontott-a-30-szoros-magyar-valogatott-tamado-kiderult-hol-folytathatja\" rel=\"nofollow noopener\">Csakfoci<\/a> azt is kisz\u00farta, hogy amerikai sajt\u00f3h\u00edrek szerint New England Revolution szeretn\u00e9 megszerezni mag\u00e1nak a 30-szoros magyar v\u00e1logatott j\u00e1t\u00e9kost. A k\u00e9t csapat egy\u00e9bk\u00e9nt magyar id\u0151 szerint vas\u00e1rnap \u00e9jjel \u00e9ppen egym\u00e1s ellen j\u00e1tszik.<\/p>\n<p>\t\t<script async src=\"https:\/\/platform.twitter.com\/widgets.js\" charset=\"utf-8\"><\/script><\/p>\n","protected":false},"excerpt":{"rendered":"A kispesti nevel\u00e9s\u0171 k\u00f6z\u00e9pp\u00e1ly\u00e1s 2021-ben igazolt a Philadelphia Unionba, ahol kiv\u00e1l\u00f3an j\u00e1tszott, a klub g\u00f3lrekordere lett, meghat\u00e1roz\u00f3 j\u00e1t\u00e9koss\u00e1&hellip;\n","protected":false},"author":2,"featured_media":225249,"comment_status":"","ping_status":"","sticky":false,"template":"","format":"standard","meta":{"footnotes":"","_share_on_mastodon":"0"},"categories":[14],"tags":[60087,1031,1069,50221,378,44,42,40,502,43,41,882,45,131],"class_list":["post-225248","post","type-post","status-publish","format-standard","has-post-thumbnail","category-sport","tag-amerikai-foci","tag-atigazolas","tag-atigazolasok","tag-columbus-crew","tag-foci","tag-hu","tag-hungarian","tag-hungary","tag-labdarugas","tag-magyar","tag-magyarorszag","tag-mls","tag-sport","tag-sports"],"share_on_mastodon":{"url":"https:\/\/pubeurope.com\/@hu\/117178615813528523","error":""},"_links":{"self":[{"href":"https:\/\/www.europesays.com\/hu\/wp-json\/wp\/v2\/posts\/225248","targetHints":{"allow":["GET"]}}],"collection":[{"href":"https:\/\/www.europesays.com\/hu\/wp-json\/wp\/v2\/posts"}],"about":[{"href":"https:\/\/www.europesays.com\/hu\/wp-json\/wp\/v2\/types\/post"}],"author":[{"embeddable":true,"href":"https:\/\/www.europesays.com\/hu\/wp-json\/wp\/v2\/users\/2"}],"replies":[{"embeddable":true,"href":"https:\/\/www.europesays.com\/hu\/wp-json\/wp\/v2\/comments?post=225248"}],"version-history":[{"count":0,"href":"https:\/\/www.europesays.com\/hu\/wp-json\/wp\/v2\/posts\/225248\/revisions"}],"wp:featuredmedia":[{"embeddable":true,"href":"https:\/\/www.europesays.com\/hu\/wp-json\/wp\/v2\/media\/225249"}],"wp:attachment":[{"href":"https:\/\/www.europesays.com\/hu\/wp-json\/wp\/v2\/media?parent=225248"}],"wp:term":[{"taxonomy":"category","embeddable":true,"href":"https:\/\/www.europesays.com\/hu\/wp-json\/wp\/v2\/categories?post=225248"},{"taxonomy":"post_tag","embeddable":true,"href":"https:\/\/www.europesays.com\/hu\/wp-json\/wp\/v2\/tags?post=225248"}],"curies":[{"name":"wp","href":"https:\/\/api.w.org\/{rel}","templated":true}]}}