{"id":225266,"date":"2026-08-29T12:00:18","date_gmt":"2026-08-29T12:00:18","guid":{"rendered":"https:\/\/www.europesays.com\/hu\/225266\/"},"modified":"2026-08-29T12:00:18","modified_gmt":"2026-08-29T12:00:18","slug":"5-kilometeres-torlodas-alakult-ki-az-m1-esen-utkozes-miatt","status":"publish","type":"post","link":"https:\/\/www.europesays.com\/hu\/225266\/","title":{"rendered":"5 kilom\u00e9teres torl\u00f3d\u00e1s alakult ki az M1-esen \u00fctk\u00f6z\u00e9s miatt"},"content":{"rendered":"<p>Mindk\u00e9t ir\u00e1nyban 5 kilom\u00e9teres torl\u00f3d\u00e1s alakult ki az M1-es aut\u00f3p\u00e1ly\u00e1n, miut\u00e1n \u00d3barok t\u00e9rs\u00e9g\u00e9ben k\u00e9t szem\u00e9lyaut\u00f3 \u00e9s egy kisteheraut\u00f3 \u00f6ssze\u00fctk\u00f6z\u00f6tt a Budapest fel\u00e9 vezet\u0151 oldalon \u2013 \u00edrja az <a href=\"https:\/\/www.utinform.hu\/hu\/news\/balesetek-torlodasok-rendkivuli-kozlekedesi-esemenyek?d=0\" target=\"_blank\" rel=\"noopener nofollow\">\u00datinform<\/a>. A 41-es kilom\u00e9tern\u00e9l az \u00e1tterelt, bels\u0151 s\u00e1v forgalm\u00e1t az ellenkez\u0151 ir\u00e1ny bels\u0151 s\u00e1vj\u00e1ra terelik \u00e1t, \u00edgy Hegyeshalom fel\u00e9 csak egy s\u00e1v j\u00e1rhat\u00f3.<\/p>\n<p>Az M5-\u00f6s aut\u00f3p\u00e1ly\u00e1n, a Budapest fel\u00e9 vezet\u0151 oldalon, \u00d3csa t\u00e9rs\u00e9g\u00e9ben egy m\u0171szaki hib\u00e1s szem\u00e9lyaut\u00f3 vesztegel a le\u00e1ll\u00f3s\u00e1von. A 32-es kilom\u00e9tern\u00e9l a n\u00e9zel\u0151d\u0151k miatt lelassult a halad\u00e1s.<\/p>\n<p>A 12-es f\u0151\u00faton, Nagymaros belter\u00fclet\u00e9n, a Millennium soron g\u00e1zvezet\u00e9k-szakad\u00e1s t\u00f6rt\u00e9nt. A 14-es kilom\u00e9tern\u00e9l a f\u00e9l \u00fatp\u00e1ly\u00e1n elindult a forgalom.<\/p>\n<p>Az M60-as aut\u00f3p\u00e1ly\u00e1n, az M6-os aut\u00f3p\u00e1lya fel\u00e9 vezet\u0151 oldalon, a 6-os jel\u0171 Szederk\u00e9ny\u2013B\u00f3ly-csom\u00f3pont \u00e9s az M6-os aut\u00f3p\u00e1lya csom\u00f3pontja k\u00f6z\u00f6tt aszfaltoznak. A 2-es \u00e9s az 5-\u00f6s kilom\u00e9ter k\u00f6z\u00f6tt lez\u00e1rt\u00e1k a k\u00fcls\u0151 \u00e9s a le\u00e1ll\u00f3s\u00e1vot. Csak a bels\u0151 s\u00e1von halad a forgalom. A munka kapcs\u00e1n a 3-as kilom\u00e9tern\u00e9l lev\u0151 szajki pihen\u0151hely sem haszn\u00e1lhat\u00f3 az \u00e9rintett oldalon.<\/p>\n<p>Az 52-es f\u0151\u00faton, F\u00fcl\u00f6psz\u00e1ll\u00e1s \u00e9s Solt, azaz a 35-\u00f6s \u00e9s az 51-es kilom\u00e9ter k\u00f6z\u00f6tt t\u00f6bb szakaszon is \u00fat\u00e9p\u00edt\u0151k dolgoznak. A f\u00e9l \u00fatp\u00e1ly\u00e1t lez\u00e1rt\u00e1k, napk\u00f6zben torl\u00f3d\u00e1sokra sz\u00e1m\u00edtsanak. Kecskem\u00e9t nyugati hat\u00e1r\u00e1ban a Kerekegyh\u00e1za\u2013Izs\u00e1k-keresztez\u0151d\u00e9sn\u00e9l \u00faj k\u00f6rforgalm\u00fa csom\u00f3pontot \u00e9p\u00edtenek a 9-es kilom\u00e9tern\u00e9l, munkaid\u0151ben mindk\u00e9t ir\u00e1nyban torl\u00f3d\u00e1sokra kell sz\u00e1m\u00edtani.<\/p>\n<p>A katasztr\u00f3fav\u00e9delem <a href=\"https:\/\/www.katasztrofavedelem.hu\/modules\/vesz\/esemeny\/91437?back=https%3A%2F%2Fwww.katasztrofavedelem.hu%2Fmodules%2Fvesz%2Farchivum%2F%3FyearMonth%3D%26date%3D2026-08-29%26type%3Ddate%26back%3Dhttps%3A%2F%2Fwww.katasztrofavedelem.hu%2Fmodules%2Fvesz%2Fesemenyterkep%2F%3Fback%3D\" target=\"_blank\" rel=\"noopener nofollow\">k\u00f6zl\u00e9se<\/a> szerint J\u00e1szf\u00e9nyszarun, a D\u00f3zsa Gy\u00f6rgy \u00faton \u00e1rokba borult egy szem\u00e9lyaut\u00f3. A balesethez a j\u00e1szber\u00e9nyi hivat\u00e1sos \u00e9s a j\u00e1szf\u00e9nyszarui \u00f6nk\u00e9ntes t\u0171zolt\u00f3kat riasztott\u00e1k, akik \u00e1ramtalan\u00edtott\u00e1k a j\u00e1rm\u0171vet. A helysz\u00ednre ment\u0151 is \u00e9rkezett, az \u00e9rintett \u00fatszakaszon f\u00e9lp\u00e1ly\u00e1n halad a forgalom.<\/p>\n","protected":false},"excerpt":{"rendered":"Mindk\u00e9t ir\u00e1nyban 5 kilom\u00e9teres torl\u00f3d\u00e1s alakult ki az M1-es aut\u00f3p\u00e1ly\u00e1n, miut\u00e1n \u00d3barok t\u00e9rs\u00e9g\u00e9ben k\u00e9t szem\u00e9lyaut\u00f3 \u00e9s egy kisteheraut\u00f3&hellip;\n","protected":false},"author":2,"featured_media":225267,"comment_status":"","ping_status":"","sticky":false,"template":"","format":"standard","meta":{"footnotes":"","_share_on_mastodon":"0"},"categories":[6],"tags":[469,44,42,40,530,43,41,3738,23220],"class_list":["post-225266","post","type-post","status-publish","format-standard","has-post-thumbnail","category-magyarorszag","tag-baleset","tag-hu","tag-hungarian","tag-hungary","tag-m1-es-autopalya","tag-magyar","tag-magyarorszag","tag-torlodas","tag-utinform"],"share_on_mastodon":{"url":"https:\/\/pubeurope.com\/@hu\/117178690632193463","error":""},"_links":{"self":[{"href":"https:\/\/www.europesays.com\/hu\/wp-json\/wp\/v2\/posts\/225266","targetHints":{"allow":["GET"]}}],"collection":[{"href":"https:\/\/www.europesays.com\/hu\/wp-json\/wp\/v2\/posts"}],"about":[{"href":"https:\/\/www.europesays.com\/hu\/wp-json\/wp\/v2\/types\/post"}],"author":[{"embeddable":true,"href":"https:\/\/www.europesays.com\/hu\/wp-json\/wp\/v2\/users\/2"}],"replies":[{"embeddable":true,"href":"https:\/\/www.europesays.com\/hu\/wp-json\/wp\/v2\/comments?post=225266"}],"version-history":[{"count":0,"href":"https:\/\/www.europesays.com\/hu\/wp-json\/wp\/v2\/posts\/225266\/revisions"}],"wp:featuredmedia":[{"embeddable":true,"href":"https:\/\/www.europesays.com\/hu\/wp-json\/wp\/v2\/media\/225267"}],"wp:attachment":[{"href":"https:\/\/www.europesays.com\/hu\/wp-json\/wp\/v2\/media?parent=225266"}],"wp:term":[{"taxonomy":"category","embeddable":true,"href":"https:\/\/www.europesays.com\/hu\/wp-json\/wp\/v2\/categories?post=225266"},{"taxonomy":"post_tag","embeddable":true,"href":"https:\/\/www.europesays.com\/hu\/wp-json\/wp\/v2\/tags?post=225266"}],"curies":[{"name":"wp","href":"https:\/\/api.w.org\/{rel}","templated":true}]}}