{"id":225368,"date":"2026-08-29T14:04:12","date_gmt":"2026-08-29T14:04:12","guid":{"rendered":"https:\/\/www.europesays.com\/hu\/225368\/"},"modified":"2026-08-29T14:04:12","modified_gmt":"2026-08-29T14:04:12","slug":"meccs-utani-nyilatkozatok-rodri-ez-az-a-hely-ahol-lenni-akartam-most-pedig-dolgoznom-kell-eurobarca-hu","status":"publish","type":"post","link":"https:\/\/www.europesays.com\/hu\/225368\/","title":{"rendered":"Meccs ut\u00e1ni nyilatkozatok \u2013 Rodri: \u201eEz az a hely, ahol lenni akartam, most pedig dolgoznom kell\u201d \u2013 Eurobarca.hu"},"content":{"rendered":"<p style=\"text-align: justify;\" data-start=\"1720\" data-end=\"2110\">Rodri \u00e9s Cubars\u00ed is el\u00e9gedetten \u00e9rt\u00e9kelte a Barcelona Athletic Club elleni 2-0-\u00e1s gy\u0151zelm\u00e9t, amelyen a spanyol k\u00f6z\u00e9pp\u00e1ly\u00e1s el\u0151sz\u00f6r l\u00e9pett p\u00e1ly\u00e1ra t\u00e9tm\u00e9rk\u0151z\u00e9sen a katal\u00e1nok mez\u00e9ben. M\u00edg Rodri a csapatban rejl\u0151 lehet\u0151s\u00e9gekr\u0151l \u00e9s Lamine Yamal t\u00e1mogat\u00e1s\u00e1r\u00f3l besz\u00e9lt, Cubars\u00ed a v\u00e9delem stabilit\u00e1s\u00e1t, Xavi Espart fejl\u0151d\u00e9s\u00e9t \u00e9s az \u00faj igazol\u00e1s vez\u00e9rszerep\u00e9t emelte ki.<\/p>\n<p class=\"PDq2pG_selectionAnchorContainer\" style=\"text-align: justify;\" data-start=\"1720\" data-end=\"2110\">Rodri sz\u00e1m\u00e1ra els\u0151sorban az jelentett \u00f6r\u00f6met, hogy v\u00e9gre p\u00e1ly\u00e1ra l\u00e9phetett \u00faj csapat\u00e1ban: \u201eNagyon boldog vagyok, hogy lej\u00e1tszhattam az els\u0151 m\u00e9rk\u0151z\u00e9semet, \u00e9s term\u00e9szetesen a gy\u0151zelemnek is. Kett\u0151b\u0151l kett\u0151. Fontos, hogy fokozatosan felvegyem a ritmust \u00e9s alkalmazkodjak ehhez a nagyszer\u0171 csapathoz. Ez volt az els\u0151 n\u00e9h\u00e1ny percem, \u00e9s nagyon j\u00f3 \u00e9rz\u00e9seim voltak\u201d \u2013 \u00e9rt\u00e9kelt a k\u00f6z\u00e9pp\u00e1ly\u00e1s.<\/p>\n<p style=\"text-align: justify;\" data-start=\"2112\" data-end=\"2603\">A 30 esztend\u0151s j\u00e1t\u00e9kos ugyanakkor tiszt\u00e1ban van vele, hogy fizik\u00e1lisan m\u00e9g van mit behoznia. Hossz\u00fa nyara volt, r\u00e1ad\u00e1sul kev\u00e9s edz\u00e9sen vett r\u00e9szt, ez\u00e9rt sz\u00e1m\u00e1ra k\u00fcl\u00f6n\u00f6sen fontosak voltak az Athletic elleni percek: \u201eHossz\u00fa ny\u00e1r volt ez, hosszabb a megszokottn\u00e1l. Gyorsan fel kell vennem a ritmust. Nagyon kev\u00e9s edz\u00e9sen vettem r\u00e9szt, ez\u00e9rt ezek a percek rendk\u00edv\u00fcl fontosak voltak sz\u00e1momra, hogy visszanyerjem a ritmust. Ez az a hely, ahol lenni akartam. Most pedig dolgoznom kell\u201d \u2013 fogalmazott.<\/p>\n<p style=\"text-align: justify;\" data-start=\"2605\" data-end=\"2995\">A spanyol k\u00f6z\u00e9pp\u00e1ly\u00e1s a Barcelona keret\u00e9ben rejl\u0151 hatalmas potenci\u00e1lt is m\u00e9ltatta. Szerinte a vil\u00e1g legjobb j\u00e1t\u00e9kosai alkotj\u00e1k a csapatot, ez\u00e9rt mindenkinek a lehet\u0151 legmagasabb szinten kell teljes\u00edtenie: \u201eItt vannak a vil\u00e1g legjobb j\u00e1t\u00e9kosai, nek\u00fcnk pedig fel kell n\u0151n\u00fcnk ehhez a szinthez. Ebben az egy\u00fcttesben m\u00e9g rengeteg fejl\u0151d\u00e9si lehet\u0151s\u00e9g van, \u00e9s mindent meg fogunk tenni annak \u00e9rdek\u00e9ben, hogy ezt el\u00e9rj\u00fck\u201d \u2013 mondta.<\/p>\n<p style=\"text-align: justify;\" data-start=\"2997\" data-end=\"3403\">Rodri v\u00e9g\u00fcl a Barcelona k\u00f6z\u00e9pp\u00e1ly\u00e1j\u00e1nak soksz\u00edn\u0171s\u00e9g\u00e9t is kiemelte. \u00dagy v\u00e9li, hogy \u00e9ppen az elt\u00e9r\u0151 j\u00e1t\u00e9kosprofilok miatt lehet k\u00fcl\u00f6n\u00f6sen er\u0151s ez a csapatr\u00e9sz: \u201eA legfontosabb, hogy mindannyian k\u00fcl\u00f6nb\u00f6z\u0151ek vagyunk. Mindannyian m\u00e1s tulajdons\u00e1gokat tudunk adni az edz\u0151nek. Nagyon sokf\u00e9le profil van a k\u00f6z\u00e9pp\u00e1ly\u00e1n, ez pedig rengeteg lehet\u0151s\u00e9get \u00e9s v\u00e1ltozatoss\u00e1got biztos\u00edt a csapat sz\u00e1m\u00e1ra\u201d \u2013 z\u00e1rta mondand\u00f3j\u00e1t.<\/p>\n<p class=\"PDq2pG_selectionAnchorContainer\" style=\"text-align: justify;\" data-start=\"45\" data-end=\"421\">A Barcelona \u00fagy d\u00f6nt\u00f6tt, hogy elhalasztja a vil\u00e1gbajnok j\u00e1t\u00e9kosok tervezett k\u00f6sz\u00f6nt\u00e9s\u00e9t, a Spotify Camp Nou pedig megtelt katal\u00e1n z\u00e1szl\u00f3kkal, az \u00fagynevezett estelad\u00e1kkal. A szurkol\u00f3k ezzel tiltakoztak az ellen a kor\u00e1bbi eset ellen, amelyben egy fiatal Barcelona-szurkol\u00f3t rend\u0151ri er\u0151szak \u00e9rt, miut\u00e1n elvett\u00e9k t\u0151le az estelad\u00e1t.<\/p>\n<p style=\"text-align: justify;\" data-start=\"423\" data-end=\"685\">A klub d\u00f6nt\u00e9s\u00e9t a vil\u00e1gbajnokok egyike, Pau Cubars\u00ed is t\u00e1mogatta: \u201eEz a klub d\u00f6nt\u00e9se volt. Szerintem helyes ez, figyelembe v\u00e9ve azt, ami Elch\u00e9ben t\u00f6rt\u00e9nt. Ilyennek nem szabad m\u00e9g egyszer megt\u00f6rt\u00e9nnie. Nem lehet ekkora er\u0151t alkalmazni\u201d \u2013 magyar\u00e1zta a TV3-nak.<\/p>\n<p style=\"text-align: justify;\" data-start=\"687\" data-end=\"1180\">A meccsr\u0151l Cubars\u00ed el\u00e9gedetten besz\u00e9lt, szerinte a Barcelona csapatk\u00e9nt nagyon stabil teljes\u00edtm\u00e9nyt ny\u00fajtott: \u201eNagyon massz\u00edv tal\u00e1lkoz\u00f3 volt, vil\u00e1gos elk\u00e9pzel\u00e9seink voltak, szerett\u00fck volna ir\u00e1ny\u00edtani a j\u00e1t\u00e9kot \u00e9s j\u00f3 temp\u00f3ban j\u00e1ratni a labd\u00e1t\u201d \u2013 \u00e9rt\u00e9kelt. A Bar\u00e7a r\u00e1ad\u00e1sul egym\u00e1st k\u00f6vet\u0151 m\u00e1sodik bajnokij\u00e1n sem kapott g\u00f3lt, amit a v\u00e9d\u0151 els\u0151sorban a mindennapi munk\u00e1nak tulajdon\u00edt: \u201eEz a mindennapi munka eredm\u00e9nye. A vil\u00e1g legjobb kapusa van n\u00e1lunk, a v\u00e9delem pedig magabiztos\u201d \u2013 tette hozz\u00e1.<\/p>\n<p style=\"text-align: justify;\" data-start=\"1182\" data-end=\"1619\">K\u00fcl\u00f6n kiemelte Xavi Espart teljes\u00edtm\u00e9ny\u00e9t is. A 19 \u00e9ves v\u00e9d\u0151 sorozatban m\u00e1sodik bajnokij\u00e1n kezdett a balh\u00e1tv\u00e9d posztj\u00e1n, \u00e9s ism\u00e9t j\u00f3 benyom\u00e1st tett: \u201eNagyon \u00f6r\u00fcl\u00fcnk, hogy itt van vel\u00fcnk. A La Masi\u00e1n egy\u00fctt n\u0151tt\u00fcnk fel, ahogy Bernallal \u00e9s Yamalall is. M\u00e1r mindenki l\u00e1thatta, hogy fantasztikus a labd\u00e1val. Tud balh\u00e1tv\u00e9dk\u00e9nt \u00e9s a k\u00f6z\u00e9pp\u00e1ly\u00e1n is j\u00e1tszani, \u00e9s mindig t\u00f6k\u00e9letesen teljes\u00edt\u201d \u2013 m\u00e9ltatta csapatt\u00e1rs\u00e1t Cubars\u00ed.<\/p>\n<p style=\"text-align: justify;\" data-start=\"1621\" data-end=\"2044\">A ny\u00e1ron \u00e9rkez\u0151 Rodrir\u00f3l is pozit\u00edvan besz\u00e9lt. Cubars\u00ed szerint a spanyol k\u00f6z\u00e9pp\u00e1ly\u00e1s jelenl\u00e9te \u00faj szintre emelheti a csapatot, \u00e9s vezet\u0151 szerepet t\u00f6lthet be az \u00f6lt\u00f6z\u0151ben: \u201eSeg\u00edteni fog abban, hogy egy m\u00e1sik szintre l\u00e9pj\u00fcnk, \u00e9s a csapaton bel\u00fcl egyfajta kapit\u00e1ny lesz\u201d \u2013 fogalmazott. Ugyanakkor hozz\u00e1tette, hogy ezen a poszton tov\u00e1bbra is t\u00f6bb lehet\u0151s\u00e9g \u00e1ll Flick rendelkez\u00e9s\u00e9re, hiszen Gavi \u00e9s Bernal is bevethet\u0151.<\/p>\n<p style=\"text-align: justify;\" data-start=\"2046\" data-end=\"2299\" data-is-last-node=\"\" data-is-only-node=\"\">A fiatal v\u00e9d\u0151 v\u00e9g\u00fcl Raphinh\u00e1t is megdics\u00e9rte, aki ez\u00fattal is hamis kilencesk\u00e9nt j\u00e1tszott: \u201eElk\u00e9peszt\u0151 szinten van, hatalmas benne a siker ir\u00e1nti \u00e9hs\u00e9g \u00e9s a bizony\u00edt\u00e1si v\u00e1gy. Nagyon komplett keret\u00fcnk van\u201d \u2013 z\u00e1rta gondolatait.<\/p>\n<p style=\"text-align: center;\">***<\/p>\n<p style=\"text-align: center;\"><a href=\"https:\/\/shop.eurobarca.hu\/fc-barcelona-mezek\/feliratozhato-barcelona-mez\" rel=\"nofollow noopener\" target=\"_blank\"><img fetchpriority=\"high\" decoding=\"async\" class=\"alignnone size-full wp-image-100807\" src=\"https:\/\/www.europesays.com\/hu\/wp-content\/uploads\/2026\/08\/fb3cc8cf-5b95-485c-a881-14947bca4da8.jpg\" alt=\"\" width=\"699\" height=\"700\"\/><\/a><\/p>\n","protected":false},"excerpt":{"rendered":"Rodri \u00e9s Cubars\u00ed is el\u00e9gedetten \u00e9rt\u00e9kelte a Barcelona Athletic Club elleni 2-0-\u00e1s gy\u0151zelm\u00e9t, amelyen a spanyol k\u00f6z\u00e9pp\u00e1ly\u00e1s el\u0151sz\u00f6r&hellip;\n","protected":false},"author":2,"featured_media":225369,"comment_status":"","ping_status":"","sticky":false,"template":"","format":"standard","meta":{"footnotes":"","_share_on_mastodon":"0"},"categories":[14],"tags":[11155,60100,44,42,40,43,41,11273,45,131,16442],"class_list":["post-225368","post","type-post","status-publish","format-standard","has-post-thumbnail","category-sport","tag-barca-athletic","tag-cubarsi","tag-hu","tag-hungarian","tag-hungary","tag-magyar","tag-magyarorszag","tag-rodri","tag-sport","tag-sports","tag-xavi-espart"],"share_on_mastodon":{"url":"https:\/\/pubeurope.com\/@hu\/117179178576261400","error":""},"_links":{"self":[{"href":"https:\/\/www.europesays.com\/hu\/wp-json\/wp\/v2\/posts\/225368","targetHints":{"allow":["GET"]}}],"collection":[{"href":"https:\/\/www.europesays.com\/hu\/wp-json\/wp\/v2\/posts"}],"about":[{"href":"https:\/\/www.europesays.com\/hu\/wp-json\/wp\/v2\/types\/post"}],"author":[{"embeddable":true,"href":"https:\/\/www.europesays.com\/hu\/wp-json\/wp\/v2\/users\/2"}],"replies":[{"embeddable":true,"href":"https:\/\/www.europesays.com\/hu\/wp-json\/wp\/v2\/comments?post=225368"}],"version-history":[{"count":0,"href":"https:\/\/www.europesays.com\/hu\/wp-json\/wp\/v2\/posts\/225368\/revisions"}],"wp:featuredmedia":[{"embeddable":true,"href":"https:\/\/www.europesays.com\/hu\/wp-json\/wp\/v2\/media\/225369"}],"wp:attachment":[{"href":"https:\/\/www.europesays.com\/hu\/wp-json\/wp\/v2\/media?parent=225368"}],"wp:term":[{"taxonomy":"category","embeddable":true,"href":"https:\/\/www.europesays.com\/hu\/wp-json\/wp\/v2\/categories?post=225368"},{"taxonomy":"post_tag","embeddable":true,"href":"https:\/\/www.europesays.com\/hu\/wp-json\/wp\/v2\/tags?post=225368"}],"curies":[{"name":"wp","href":"https:\/\/api.w.org\/{rel}","templated":true}]}}