{"id":225392,"date":"2026-08-29T14:32:13","date_gmt":"2026-08-29T14:32:13","guid":{"rendered":"https:\/\/www.europesays.com\/hu\/225392\/"},"modified":"2026-08-29T14:32:13","modified_gmt":"2026-08-29T14:32:13","slug":"a-lotyogos-viz-miatt-ovatosabbra-vettem-a-rajtot-mondta-a-magyar-evezos-miutan-ugy-lett-ujra-vilagbajnok-hogy-siman-verte-a-mezonyt","status":"publish","type":"post","link":"https:\/\/www.europesays.com\/hu\/225392\/","title":{"rendered":"&#8222;A l\u00f6ty\u00f6g\u0151s v\u00edz miatt \u00f3vatosabbra vettem a rajtot&#8221; \u2013 mondta a magyar evez\u0151s, miut\u00e1n \u00fagy lett \u00fajra vil\u00e1gbajnok, hogy sim\u00e1n verte a mez\u0151nyt"},"content":{"rendered":"<p>A 23 \u00e9ves versenyz\u0151 2019 \u00e9s 2023 k\u00f6z\u00f6tt sorozatban n\u00e9gyszer nyerte meg ezt a sz\u00e1mot, amelyben k\u00e9tszeres paralimpiai bajnok is, a 2024-es, szegedi vb-t azonban s\u00e9r\u00fcl\u00e9s miatt ki kellett hagynia. Visszat\u00e9r\u00e9se ut\u00e1n Mil\u00e1n\u00f3ban ism\u00e9t \u00f6v\u00e9 lett az arany\u00e9rem, ez\u00e9rt szombaton is favoritk\u00e9nt indult a vb-d\u00f6nt\u0151ben. A 200 m\u00e9teres verseny sor\u00e1n v\u00e9gig a mez\u0151ny el\u0151tt lap\u00e1tolt, \u00e9s k\u00f6zel egy m\u00e1sodperces el\u0151nnyel \u00e9rt els\u0151k\u00e9nt a c\u00e9lba.<\/p>\n<p>A l\u00f6ty\u00f6g\u0151s v\u00edz miatt \u00f3vatosabbra vettem a rajtot, de ut\u00e1na nagyj\u00e1b\u00f3l tudtam csin\u00e1lni azt, amit elterveztem. Nekem ez egy \u00e9rzelmes pillanat most, miut\u00e1n anno itt nyertem az els\u0151 nemzetk\u00f6zi \u00e9rmemet, az els\u0151 Eur\u00f3pa-bajnoks\u00e1gomat, \u00fagyhogy nagyon j\u00f3 volt itt egy vb-aranyat is begy\u0171jteni<\/p>\n<p>\u2013 mondta Kiss P\u00e9ter P\u00e1l a gy\u0151zelm\u00e9t k\u00f6vet\u0151en.<\/p>\n<p><a id=\"galeria-1\" class=\"m-nextGallery _ce_measure_widget _ce_measure_link\" href=\"https:\/\/24.hu\/sport\/2026\/08\/29\/kajak-kenu-kiss-peter-pal-hatodik-arany-200-meter-kl1\/?gallery=1\/1\/dszzs20260829033.jpg\" data-ce-measure-widget=\"gallery-open\" rel=\"nofollow noopener\" target=\"_blank\"><\/p>\n<p>\t\t<img loading=\"lazy\" decoding=\"async\" width=\"6800\" height=\"4533\" src=\"https:\/\/www.europesays.com\/hu\/wp-content\/uploads\/2026\/08\/dszzs20260829033.jpg\" class=\"m-nextGallery__featureImage wp-image-4806977\" alt=\"\"  \/>\t<\/p>\n<p><\/a><\/p>\n<p>A mez\u0151ny m\u00e1sik magyarjak\u00e9nt a ri\u00f3i ez\u00fcst\u00e9rmes Suba R\u00f3bert is rajthoz \u00e1llt, sok\u00e1ig a dobog\u00f3\u00e9rt is versenyben volt, \u00e1m v\u00e9g\u00fcl \u00f6t\u00f6dik helyen \u00e9rt c\u00e9lba.<\/p>\n","protected":false},"excerpt":{"rendered":"A 23 \u00e9ves versenyz\u0151 2019 \u00e9s 2023 k\u00f6z\u00f6tt sorozatban n\u00e9gyszer nyerte meg ezt a sz\u00e1mot, amelyben k\u00e9tszeres paralimpiai&hellip;\n","protected":false},"author":2,"featured_media":225393,"comment_status":"","ping_status":"","sticky":false,"template":"","format":"standard","meta":{"footnotes":"","_share_on_mastodon":"0"},"categories":[14],"tags":[44,42,40,6735,6656,60105,43,41,60106,45,131],"class_list":["post-225392","post","type-post","status-publish","format-standard","has-post-thumbnail","category-sport","tag-hu","tag-hungarian","tag-hungary","tag-kajak","tag-kajak-kenu","tag-kiss-peter-pal","tag-magyar","tag-magyarorszag","tag-parakajak","tag-sport","tag-sports"],"share_on_mastodon":{"url":"https:\/\/pubeurope.com\/@hu\/117179288817187263","error":""},"_links":{"self":[{"href":"https:\/\/www.europesays.com\/hu\/wp-json\/wp\/v2\/posts\/225392","targetHints":{"allow":["GET"]}}],"collection":[{"href":"https:\/\/www.europesays.com\/hu\/wp-json\/wp\/v2\/posts"}],"about":[{"href":"https:\/\/www.europesays.com\/hu\/wp-json\/wp\/v2\/types\/post"}],"author":[{"embeddable":true,"href":"https:\/\/www.europesays.com\/hu\/wp-json\/wp\/v2\/users\/2"}],"replies":[{"embeddable":true,"href":"https:\/\/www.europesays.com\/hu\/wp-json\/wp\/v2\/comments?post=225392"}],"version-history":[{"count":0,"href":"https:\/\/www.europesays.com\/hu\/wp-json\/wp\/v2\/posts\/225392\/revisions"}],"wp:featuredmedia":[{"embeddable":true,"href":"https:\/\/www.europesays.com\/hu\/wp-json\/wp\/v2\/media\/225393"}],"wp:attachment":[{"href":"https:\/\/www.europesays.com\/hu\/wp-json\/wp\/v2\/media?parent=225392"}],"wp:term":[{"taxonomy":"category","embeddable":true,"href":"https:\/\/www.europesays.com\/hu\/wp-json\/wp\/v2\/categories?post=225392"},{"taxonomy":"post_tag","embeddable":true,"href":"https:\/\/www.europesays.com\/hu\/wp-json\/wp\/v2\/tags?post=225392"}],"curies":[{"name":"wp","href":"https:\/\/api.w.org\/{rel}","templated":true}]}}