{"id":225457,"date":"2026-08-29T15:34:15","date_gmt":"2026-08-29T15:34:15","guid":{"rendered":"https:\/\/www.europesays.com\/hu\/225457\/"},"modified":"2026-08-29T15:34:15","modified_gmt":"2026-08-29T15:34:15","slug":"index-belfold-egy-pillanat-alatt-bebicsaklott-a-kamion-az-m4-esen-a-szalagkorlat-fogta-meg","status":"publish","type":"post","link":"https:\/\/www.europesays.com\/hu\/225457\/","title":{"rendered":"Index &#8211; Belf\u00f6ld &#8211; Egy pillanat alatt bebicsaklott a kamion az M4-esen, a szalagkorl\u00e1t fogta meg"},"content":{"rendered":"<p>                <a href=\"https:\/\/index.hu\/szerzo\/olah_zsanett\" rel=\"nofollow noopener\" target=\"_blank\"><br \/>\n                        <img decoding=\"async\" class=\"szerzo-kep\" src=\"https:\/\/www.europesays.com\/hu\/wp-content\/uploads\/2026\/08\/1788017655_937_68042483_5023425_6c25dbf93ee8e9917e996ebccc7002db_wm.jpg\" alt=\"Ol\u00e1h Zsanett\"\/><br \/>\n                <\/a><\/p>\n<p>\n                K\u00e9t l\u00e1tv\u00e1nyos k\u00f6zleked\u00e9si balesetet is bemutatott a Budapesti Aut\u00f3sok: az egyikn\u00e9l egy s\u00e1vot v\u00e1lt\u00f3 Suzuki \u00e9s egy nagyobb temp\u00f3val \u00e9rkez\u0151 Mazda \u00fctk\u00f6z\u00f6tt, m\u00edg a m\u00e1sik esetben egy kamion p\u00f3tkocsija f\u00e9kez\u00e9s ut\u00e1n bebicsaklott, \u00e9s a szalagkorl\u00e1tnak csap\u00f3dott.            <\/p>\n<p>K\u00e9t k\u00f6zleked\u00e9si helyzetet mutatott be a Budapesti Aut\u00f3sok, az egyiket augusztus 27-\u00e9n a Jagell\u00f3 \u00faton r\u00f6gz\u00edtett\u00e9k, Budapesten, a m\u00e1sikat pedig augusztus 6-\u00e1n az M4-es aut\u00f3\u00fat Budapest fel\u0151li kivezet\u0151 szakasz\u00e1n.<\/p>\n<p>A Budapesti Aut\u00f3sok olvas\u00f3j\u00e1nak fed\u00e9lzeti kamer\u00e1ja r\u00f6gz\u00edtette, ahogy elhalad el\u0151tte egy Suzuki, a sof\u0151r s\u00e1vv\u00e1lt\u00e1sa azonban nem volt egy\u00e9rtelm\u0171. V\u00e9g\u00fcl a bal oldali s\u00e1vot szemelte ki, de ekkor megjelent egy nagyobb temp\u00f3val \u00e9rkez\u0151 Mazda is, ami v\u00e9g\u00fcl belerohant.<\/p>\n<p>A bek\u00fcld\u0151 szerint a vezet\u0151 a l\u00e1mpav\u00e1lt\u00e1s el\u0151tt szeretett volna tov\u00e1bbhaladni, a felv\u00e9tel alapj\u00e1n ezt viszont nem lehet egy\u00e9rtelm\u0171en kijelenteni.<\/p>\n<p>A m\u00e1sodik vide\u00f3n az l\u00e1that\u00f3, amint a bek\u00fcld\u0151 el\u0151tt halad\u00f3 kamion f\u00e9kez hirtelen egy nagyot, aminek k\u00f6vetkezt\u00e9ben a j\u00e1rm\u0171 p\u00f3tkocsija bebicsk\u00e1zott\u00a0\u2013\u00a0fogalmazott a felv\u00e9telt r\u00f6gz\u00edt\u0151. Hozz\u00e1tette, hogy a szalagkorl\u00e1t b\u00e1nta az esetet.<\/p>\n<p><a href=\"https:\/\/dex.hu\/x.php?id=googlepref_desktop&amp;url=https:\/\/google.com\/preferences\/source?q=https:\/\/index.hu\" class=\"google-pref-banner \" id=\"googlePrefBanner\" rel=\"nofollow noopener\" target=\"_blank\"><\/p>\n<p>    Itt \u00e1ll\u00edtsa be, hogy az Index az els\u0151k k\u00f6z\u00f6tt legyen a Google-tal\u00e1latokban!<\/p>\n<p><\/a><\/p>\n<p>    <img decoding=\"async\" src=\"https:\/\/index.hu\/assets\/images\/social-follow\/logo-big.svg\" alt=\"Index.hu logo\"\/><\/p>\n<p>K\u00f6vesse az Indexet Facebookon is!<\/p>\n<p>    <a href=\"https:\/\/facebook.com\/Indexhu\" target=\"_blank\" rel=\"nofollow noopener\"><\/p>\n<p>        K\u00f6vetem!<br \/>\n    <\/a><\/p>\n","protected":false},"excerpt":{"rendered":"K\u00e9t l\u00e1tv\u00e1nyos k\u00f6zleked\u00e9si balesetet is bemutatott a Budapesti Aut\u00f3sok: az egyikn\u00e9l egy s\u00e1vot v\u00e1lt\u00f3 Suzuki \u00e9s egy nagyobb&hellip;\n","protected":false},"author":2,"featured_media":225458,"comment_status":"","ping_status":"","sticky":false,"template":"","format":"standard","meta":{"footnotes":"","_share_on_mastodon":"0"},"categories":[6],"tags":[469,80,9113,152,31944,13573,44,42,40,43,41,1499],"class_list":["post-225457","post","type-post","status-publish","format-standard","has-post-thumbnail","category-magyarorszag","tag-baleset","tag-belfold","tag-budapesti-autosok","tag-ce-napi","tag-fedelzeti-kamera","tag-felvetel","tag-hu","tag-hungarian","tag-hungary","tag-magyar","tag-magyarorszag","tag-utkozes"],"share_on_mastodon":{"url":"https:\/\/pubeurope.com\/@hu\/117179532832414747","error":""},"_links":{"self":[{"href":"https:\/\/www.europesays.com\/hu\/wp-json\/wp\/v2\/posts\/225457","targetHints":{"allow":["GET"]}}],"collection":[{"href":"https:\/\/www.europesays.com\/hu\/wp-json\/wp\/v2\/posts"}],"about":[{"href":"https:\/\/www.europesays.com\/hu\/wp-json\/wp\/v2\/types\/post"}],"author":[{"embeddable":true,"href":"https:\/\/www.europesays.com\/hu\/wp-json\/wp\/v2\/users\/2"}],"replies":[{"embeddable":true,"href":"https:\/\/www.europesays.com\/hu\/wp-json\/wp\/v2\/comments?post=225457"}],"version-history":[{"count":0,"href":"https:\/\/www.europesays.com\/hu\/wp-json\/wp\/v2\/posts\/225457\/revisions"}],"wp:featuredmedia":[{"embeddable":true,"href":"https:\/\/www.europesays.com\/hu\/wp-json\/wp\/v2\/media\/225458"}],"wp:attachment":[{"href":"https:\/\/www.europesays.com\/hu\/wp-json\/wp\/v2\/media?parent=225457"}],"wp:term":[{"taxonomy":"category","embeddable":true,"href":"https:\/\/www.europesays.com\/hu\/wp-json\/wp\/v2\/categories?post=225457"},{"taxonomy":"post_tag","embeddable":true,"href":"https:\/\/www.europesays.com\/hu\/wp-json\/wp\/v2\/tags?post=225457"}],"curies":[{"name":"wp","href":"https:\/\/api.w.org\/{rel}","templated":true}]}}