{"id":225473,"date":"2026-08-29T15:49:08","date_gmt":"2026-08-29T15:49:08","guid":{"rendered":"https:\/\/www.europesays.com\/hu\/225473\/"},"modified":"2026-08-29T15:49:08","modified_gmt":"2026-08-29T15:49:08","slug":"megint-vilagbajnok-lett-a-magyar-ferfi-kenu-negyes-500-meteren-egyesben-ket-ezustermet-nyertek-a-magyarok-a-kajak-kenu-vilagbajnoksagon","status":"publish","type":"post","link":"https:\/\/www.europesays.com\/hu\/225473\/","title":{"rendered":"Megint vil\u00e1gbajnok lett a magyar f\u00e9rfi kenu n\u00e9gyes 500 m\u00e9teren, egyesben k\u00e9t ez\u00fcst\u00e9rmet nyertek a magyarok a kajak-kenu vil\u00e1gbajnoks\u00e1gon"},"content":{"rendered":"<p><a href=\"https:\/\/telex.hu\/szerzo\/nador-andras\" class=\"author__avatar\" rel=\"nofollow noopener\" target=\"_blank\"><img decoding=\"async\" src=\"https:\/\/www.europesays.com\/hu\/wp-content\/uploads\/2026\/08\/1788018548_549_1697554991-temp-IIPOhh_avatar@4x.jpg\" alt=\"N\u00e1dor Andr\u00e1s\" class=\"avatar\" loading=\"lazy\"\/><\/a><\/p>\n<p>\u00c1ll\u00edtsd be a Telexet megb\u00edzhat\u00f3 forr\u00e1snak!<\/p>\n<p>A Koll\u00e1r Krist\u00f3f, Juh\u00e1sz Istv\u00e1n, Hajdu Jonat\u00e1n, Fejes D\u00e1niel \u00f6ssze\u00e1ll\u00edt\u00e1s\u00fa magyar f\u00e9rfi kenu n\u00e9gyes megv\u00e9dte a kor\u00e1bbi vil\u00e1gbajnoki c\u00edm\u00e9t, megint arany\u00e9rmes lett szombaton 500 m\u00e9teren a poznani kajak-kenu vil\u00e1gbajnoks\u00e1gon. A magyar versenyz\u0151k szereztek k\u00e9t ez\u00fcst\u00e9rmet is szombaton: a kajakos Kopasz B\u00e1lint 1000 m\u00e9teren, a kenus Kiss \u00c1gnes 500 m\u00e9teren szerzett ez\u00fcst\u00e9rmet szombaton egyesben \u2013 \u00edrta az MTI.<\/p>\n<p>A tavaly bronz\u00e9rmes Csik\u00f3s Zs\u00f3ka ez\u00fattal lemaradt a dobog\u00f3r\u00f3l K-1\u202f500 m\u00e9teren, \u00f6t\u00f6dik lett, s a p\u00e9nteken hozz\u00e1 hasonl\u00f3an arany\u00e9rmes kenus Fejes D\u00e1niel sem tudta megism\u00e9telni siker\u00e9t,\u202f500 m\u00e9teren nyolcadikk\u00e9nt z\u00e1rt. A nap egyetlen magyar B d\u00f6nt\u0151se, Balogh Gergely nyolcadik lett kajak egyes\u202f200 m\u00e9teren, \u00edgy a 17. helyen v\u00e9gzett a vb-n.<\/p>\n<p>A szombat d\u00e9lut\u00e1ni para d\u00f6nt\u0151kben Kiss P\u00e9ter P\u00e1l d\u00e9lel\u0151tti arany\u00e9rme ut\u00e1n k\u00e9t magyar versenyz\u0151 volt: KL2\u202f200 m\u00e9teren Varga Katalin nagyszer\u0171en versenyezve ez\u00fcst\u00e9rmet szerzett, Moln\u00e1r Nikoletta hetedik lett KL3\u202f200 m\u00e9teren.<\/p>\n<p>Partnereinkt\u0151l<\/p>\n<p>\u00c1ll\u00edtsd be a Telexet megb\u00edzhat\u00f3 forr\u00e1snak!<\/p>\n<p>K\u00f6vess minket Facebookon is!<\/p>\n","protected":false},"excerpt":{"rendered":"\u00c1ll\u00edtsd be a Telexet megb\u00edzhat\u00f3 forr\u00e1snak! A Koll\u00e1r Krist\u00f3f, Juh\u00e1sz Istv\u00e1n, Hajdu Jonat\u00e1n, Fejes D\u00e1niel \u00f6ssze\u00e1ll\u00edt\u00e1s\u00fa magyar f\u00e9rfi&hellip;\n","protected":false},"author":2,"featured_media":225474,"comment_status":"","ping_status":"","sticky":false,"template":"","format":"standard","meta":{"footnotes":"","_share_on_mastodon":"0"},"categories":[33],"tags":[3077,32665,38,35,37,44,42,40,6735,6656,60120,60066,60121,20025,43,41,34,39578,45,36,39],"class_list":["post-225473","post","type-post","status-publish","format-standard","has-post-thumbnail","category-hirek","tag-aranyerem","tag-ezusterem","tag-focimek","tag-headlines","tag-hirek","tag-hu","tag-hungarian","tag-hungary","tag-kajak","tag-kajak-kenu","tag-kajak-kenu-vilagbajnoksag","tag-kenu","tag-kiss-agnes","tag-kopasz-balint","tag-magyar","tag-magyarorszag","tag-news","tag-poznan","tag-sport","tag-top-stories","tag-vezeto-hirek"],"share_on_mastodon":{"url":"https:\/\/pubeurope.com\/@hu\/117179591391667256","error":""},"_links":{"self":[{"href":"https:\/\/www.europesays.com\/hu\/wp-json\/wp\/v2\/posts\/225473","targetHints":{"allow":["GET"]}}],"collection":[{"href":"https:\/\/www.europesays.com\/hu\/wp-json\/wp\/v2\/posts"}],"about":[{"href":"https:\/\/www.europesays.com\/hu\/wp-json\/wp\/v2\/types\/post"}],"author":[{"embeddable":true,"href":"https:\/\/www.europesays.com\/hu\/wp-json\/wp\/v2\/users\/2"}],"replies":[{"embeddable":true,"href":"https:\/\/www.europesays.com\/hu\/wp-json\/wp\/v2\/comments?post=225473"}],"version-history":[{"count":0,"href":"https:\/\/www.europesays.com\/hu\/wp-json\/wp\/v2\/posts\/225473\/revisions"}],"wp:featuredmedia":[{"embeddable":true,"href":"https:\/\/www.europesays.com\/hu\/wp-json\/wp\/v2\/media\/225474"}],"wp:attachment":[{"href":"https:\/\/www.europesays.com\/hu\/wp-json\/wp\/v2\/media?parent=225473"}],"wp:term":[{"taxonomy":"category","embeddable":true,"href":"https:\/\/www.europesays.com\/hu\/wp-json\/wp\/v2\/categories?post=225473"},{"taxonomy":"post_tag","embeddable":true,"href":"https:\/\/www.europesays.com\/hu\/wp-json\/wp\/v2\/tags?post=225473"}],"curies":[{"name":"wp","href":"https:\/\/api.w.org\/{rel}","templated":true}]}}