{"id":225493,"date":"2026-08-29T16:11:09","date_gmt":"2026-08-29T16:11:09","guid":{"rendered":"https:\/\/www.europesays.com\/hu\/225493\/"},"modified":"2026-08-29T16:11:09","modified_gmt":"2026-08-29T16:11:09","slug":"telex-nem-kezdte-jol-a-liverpool-a-szezont-a-masodik-bajnokijukon-is-csak-dontetlent-jatszottak","status":"publish","type":"post","link":"https:\/\/www.europesays.com\/hu\/225493\/","title":{"rendered":"Telex: Nem kezdte j\u00f3l a Liverpool a szezont, a m\u00e1sodik bajnokijukon is csak d\u00f6ntetlent j\u00e1tszottak"},"content":{"rendered":"<p><a href=\"https:\/\/telex.hu\/szerzo\/pal-tamas\" class=\"author__avatar\" rel=\"nofollow noopener\" target=\"_blank\"><img decoding=\"async\" src=\"https:\/\/www.europesays.com\/hu\/wp-content\/uploads\/2026\/08\/1788019869_980__JO_3336_avatar@4x.jpg\" alt=\"P\u00e1l Tam\u00e1s\" class=\"avatar\" loading=\"lazy\"\/><\/a><\/p>\n<p>\u00c1ll\u00edtsd be a Telexet megb\u00edzhat\u00f3 forr\u00e1snak!<\/p>\n<p>Ism\u00e9t 2-2-es d\u00f6ntetlent j\u00e1tszott a Liverpool az angol futballbajnoks\u00e1gban. A Nottingham Forest k\u00e9tszer is vezetett az Anfielden szombat d\u00e9lut\u00e1n rendezett m\u00e9rk\u0151z\u00e9sen, de a Liverpoolnak v\u00e9g\u00fcl siker\u00fclt kiharcolnia a pontszerz\u00e9st. Szoboszlai Dominik ez\u00fattal is v\u00e9gig a p\u00e1ly\u00e1n volt a Liverpoolban, m\u00edg Kerkez Milost a 71. percben cser\u00e9lt\u00e9k le.<\/p>\n<p>A Liverpool m\u00falt h\u00e9ten a <a href=\"https:\/\/telex.hu\/sport\/2026\/08\/23\/szoboszlai-dominik-bunteto-newcastle-liverpool\" class=\"\" rel=\"nofollow noopener\" target=\"_blank\">Newcastle United elleni 2-2-vel kezdte a Premier League \u00faj szezonj\u00e1t<\/a>. Akkor Szoboszlai a meccs legutols\u00f3 perc\u00e9ben, tizenegyesb\u0151l egyenl\u00edtett. Az \u00faj edz\u0151, Andoni Iraola \u00e1ltal vezetett Liverpool a m\u00e1sodik fordul\u00f3ban sem volt t\u00fal meggy\u0151z\u0151 a Nottingham Forest ellen. A vend\u00e9gek a 24. percben Dan Ndoye g\u00f3lj\u00e1val megszerezt\u00e9k a vezet\u00e9st, \u00e9s a f\u00e9lid\u0151ig meg is \u0151rizt\u00e9k az el\u0151ny\u00fcket. Ehhez az is kellett, hogy a vide\u00f3b\u00edr\u00f3 les miatt \u00e9rv\u00e9nytelen\u00edtette Florian Wirtz g\u00f3lj\u00e1t.<\/p>\n<p>A sz\u00fcnet ut\u00e1n a Liverpool m\u00e1r jobban j\u00e1tszott, \u00e9s a 60. percben Cody Gakpo keresztpassza ut\u00e1n Alexander Isak k\u00f6zelr\u0151l a kapuba tal\u00e1lt. T\u00edz perccel k\u00e9s\u0151bb a Nottingham kiharcolt egy tizenegyest, amit Morgan Gibbs-White v\u00e1ltott g\u00f3lra. Iraola r\u00f6vid id\u0151n bel\u00fcl kihaszn\u00e1lta mid az \u00f6t cserelehet\u0151s\u00e9g\u00e9t, \u00e9s nagyobb nyom\u00e1s al\u00e1 helyzet\u00e9k a vend\u00e9geket. A 82. percben Wirtz passza ut\u00e1n az \u00faj igazol\u00e1s, V\u00edctor Mu\u00f1oz fordult kapura, majd nagy er\u0151vel a l\u00e9c al\u00e1 bomb\u00e1zott.<\/p>\n<p>A Liverpool \u00edgy a m\u00e1sodik bajnokij\u00e1n is d\u00f6ntetlent \u00e9rt el, k\u00e9t meccs ut\u00e1n csup\u00e1n k\u00e9t pontjuk van. A Nottingham az els\u0151 pontj\u00e1t szerezte a szezonban. J\u00f6v\u0151 h\u00e9t p\u00e9nteken az Ipswich Town lesz a Liverpool k\u00f6vetkez\u0151 ellenfele.<\/p>\n<p>Partnereinkt\u0151l<\/p>\n<p>\u00c1ll\u00edtsd be a Telexet megb\u00edzhat\u00f3 forr\u00e1snak!<\/p>\n<p>K\u00f6vess minket Facebookon is!<\/p>\n","protected":false},"excerpt":{"rendered":"\u00c1ll\u00edtsd be a Telexet megb\u00edzhat\u00f3 forr\u00e1snak! Ism\u00e9t 2-2-es d\u00f6ntetlent j\u00e1tszott a Liverpool az angol futballbajnoks\u00e1gban. A Nottingham Forest&hellip;\n","protected":false},"author":2,"featured_media":225494,"comment_status":"","ping_status":"","sticky":false,"template":"","format":"standard","meta":{"footnotes":"","_share_on_mastodon":"0"},"categories":[14],"tags":[4871,553,44,42,40,3138,1028,43,41,15408,3066,698,45,131,1811],"class_list":["post-225493","post","type-post","status-publish","format-standard","has-post-thumbnail","category-sport","tag-anglia","tag-futball","tag-hu","tag-hungarian","tag-hungary","tag-kerkez-milos","tag-liverpool","tag-magyar","tag-magyarorszag","tag-nottingham","tag-nottingham-forest","tag-premier-league","tag-sport","tag-sports","tag-szoboszlai-dominik"],"share_on_mastodon":{"url":"https:\/\/pubeurope.com\/@hu\/117179677872684252","error":""},"_links":{"self":[{"href":"https:\/\/www.europesays.com\/hu\/wp-json\/wp\/v2\/posts\/225493","targetHints":{"allow":["GET"]}}],"collection":[{"href":"https:\/\/www.europesays.com\/hu\/wp-json\/wp\/v2\/posts"}],"about":[{"href":"https:\/\/www.europesays.com\/hu\/wp-json\/wp\/v2\/types\/post"}],"author":[{"embeddable":true,"href":"https:\/\/www.europesays.com\/hu\/wp-json\/wp\/v2\/users\/2"}],"replies":[{"embeddable":true,"href":"https:\/\/www.europesays.com\/hu\/wp-json\/wp\/v2\/comments?post=225493"}],"version-history":[{"count":0,"href":"https:\/\/www.europesays.com\/hu\/wp-json\/wp\/v2\/posts\/225493\/revisions"}],"wp:featuredmedia":[{"embeddable":true,"href":"https:\/\/www.europesays.com\/hu\/wp-json\/wp\/v2\/media\/225494"}],"wp:attachment":[{"href":"https:\/\/www.europesays.com\/hu\/wp-json\/wp\/v2\/media?parent=225493"}],"wp:term":[{"taxonomy":"category","embeddable":true,"href":"https:\/\/www.europesays.com\/hu\/wp-json\/wp\/v2\/categories?post=225493"},{"taxonomy":"post_tag","embeddable":true,"href":"https:\/\/www.europesays.com\/hu\/wp-json\/wp\/v2\/tags?post=225493"}],"curies":[{"name":"wp","href":"https:\/\/api.w.org\/{rel}","templated":true}]}}