{"id":225517,"date":"2026-08-29T16:40:12","date_gmt":"2026-08-29T16:40:12","guid":{"rendered":"https:\/\/www.europesays.com\/hu\/225517\/"},"modified":"2026-08-29T16:40:12","modified_gmt":"2026-08-29T16:40:12","slug":"index-sport-visszatert-a-darts-budapestre-ket-magyart-is-unnepelhetett-az-mvm-dome-nepe","status":"publish","type":"post","link":"https:\/\/www.europesays.com\/hu\/225517\/","title":{"rendered":"Index &#8211; Sport &#8211; Visszat\u00e9rt a darts Budapestre, k\u00e9t magyart is \u00fcnnepelhetett az MVM Dome n\u00e9pe"},"content":{"rendered":"<p>A nagyobb meglepet\u00e9st K\u00e1d\u00e1r L\u00e1szl\u00f3 okozta azzal, hogy kiejtette a vil\u00e1granglist\u00e1n harmincadik Daryl Gurneyt, r\u00e1ad\u00e1sul igaz\u00e1n remek j\u00e1t\u00e9kkal, ugyanis mindketten kilencvenpontos k\u00f6r\u00e1tlag felett z\u00e1rtak. K\u00e1d\u00e1r n\u00e9gyszer dobott maxim\u00e1lis, 180 pontot, eggyel t\u00f6bbsz\u00f6r, mint az es\u00e9lyesebb \u00e9szak\u00edr riv\u00e1lisa. A meccs nemcsak sz\u00ednvonalas, de izgalmas is volt, ugyanis 5\u20135-n\u00e9l d\u00f6nt\u0151 leg hat\u00e1rozott a tov\u00e1bbjut\u00e1sr\u00f3l, amelyben nem remegett meg a hazai k\u00f6z\u00f6ns\u00e9g biztat\u00e1s\u00e1t \u00e9lvez\u0151 j\u00e1t\u00e9kos keze \u00e9s a kezd\u00e9sb\u0151l sz\u00e1rmaz\u00f3 el\u0151ny\u00e9t \u00e9rv\u00e9nyes\u00edtve diadalmaskodott.<\/p>\n<p>A hangulatot csak fokozta, hogy Major N\u00e1ndor hasonl\u00f3an ki\u00e9lezett \u00f6sszecsap\u00e1sban kerekedett a holland Niels Zonneveld f\u00f6l\u00e9. Ut\u00f3bbi ugyan 3\u20131-re elh\u00fazott, de Major egyenl\u00edtett, r\u00e1ad\u00e1sul k\u00f6zben egyszer 116 pontr\u00f3l sz\u00e1llt ki brav\u00farosan. Ezt k\u00f6vet\u0151en 5\u20135-ig fej fej mellett haladtak a felek, azaz itt is a 11. leg d\u00f6nt\u00f6tt, melyet a magyar j\u00e1t\u00e9kos kezdett. A tripla h\u00faszast k\u00e9t k\u00f6rben is hib\u00e1tlanul c\u00e9lz\u00f3 Major a kor\u00e1bbi brav\u00farj\u00e1t is fel\u00fclm\u00falva ez\u00fattal 124 pontr\u00f3l sz\u00e1llt ki, ezzel legy\u0151zte a rangsorban 36. ellenfel\u00e9t.<\/p>\n<p lang=\"en\" dir=\"ltr\">THE STANDOUT MOMENTS! \u2b50\ufe0f<\/p>\n<p>A landmark day for Hungarian darts, as both Laszlo Kadar and Nandor Major clinched victories at the Hungarian Darts Trophy! \ud83c\udded\ud83c\uddfa<\/p>\n<p>The pair are back in action tomorrow evening, with Kadar facing Jonny Clayton and Major facing Gian van Veen! <a href=\"https:\/\/t.co\/CuEoVBKSoy\" rel=\"nofollow\">pic.twitter.com\/CuEoVBKSoy<\/a><\/p>\n<p>\u2014 PDC Darts (@OfficialPDC) <a href=\"https:\/\/x.com\/OfficialPDC\/status\/2093454861568290930?ref_src=twsrc%5Etfw\" rel=\"nofollow\">August 28, 2026<\/a> <\/p>\n<p>A szombat esti programban a nyolcadd\u00f6nt\u0151be jut\u00e1s\u00e9rt K\u00e1d\u00e1r a vil\u00e1granglista \u00f6t\u00f6dik helyezettj\u00e9vel, a walesi Jonny Claytonnal tal\u00e1lkozik, m\u00edg Majornak m\u00e9g nehezebb dolga lesz, mert az id\u00e9n vb-d\u00f6nt\u0151s holland Gian van Veennel csap \u00f6ssze. A m\u00e1sik k\u00e9t magyar indul\u00f3, Bir\u00f3 Mil\u00e1n \u00e9s Borb\u00e9ly Andr\u00e1s a d\u00e9lut\u00e1ni szakaszban kiesett.<\/p>\n<p>Az MVM Dome-ban sportt\u00f6rt\u00e9nelmet is l\u00e1thattak a rajong\u00f3k, ugyanis Beau Greaves r\u00e9v\u00e9n els\u0151 alkalommal l\u00e9pett t\u00e1bl\u00e1hoz n\u0151i j\u00e1t\u00e9kos a European Touron, r\u00e1ad\u00e1sul az eg\u00e9sz nap legmagasabb sz\u00ednvonal\u00fa meccs\u00e9t j\u00e1tszotta a kor\u00e1bbi vil\u00e1gbajnok Rob Cross-szal. Mindk\u00e9t j\u00e1t\u00e9kos az eg\u00e9szen kiv\u00e1l\u00f3 sz\u00e1zpontos k\u00f6r\u00e1tlag felett z\u00e1rt, v\u00e9g\u00fcl 5\u20135-n\u00e9l hi\u00e1ba kezdett Greaves, nem b\u00edrta el a nyom\u00e1st, hetven pontr\u00f3l nem tudott kisz\u00e1llni, Cross viszont 61 pontr\u00f3l nem hib\u00e1zott, \u00edgy \u0151 jutott a legjobb 32 k\u00f6z\u00e9.<\/p>\n<p>A vil\u00e1g legjobb j\u00e1t\u00e9kosait t\u00f6m\u00f6r\u00edt\u0151 PDC szervezet European Tour-sorozat\u00e1ba tartoz\u00f3 viadalon a vil\u00e1gels\u0151 Luke Littlert lesz\u00e1m\u00edtva szinte minden vil\u00e1gszt\u00e1rt l\u00e1that a hazai k\u00f6z\u00f6ns\u00e9g. Sz\u00ednpadra l\u00e9p t\u00f6bbek k\u00f6z\u00f6tt Michael van Gerwen, Gerwyn Price, Stephen Bunting, Nathan Aspinall, Gary Anderson \u00e9s Luke Humphries.<\/p>\n<p>                          (MTI)<\/p>\n<p><a href=\"https:\/\/dex.hu\/x.php?id=googlepref_desktop&amp;url=https:\/\/google.com\/preferences\/source?q=https:\/\/index.hu\" class=\"google-pref-banner \" id=\"googlePrefBanner\" rel=\"nofollow noopener\" target=\"_blank\"><\/p>\n<p>    Itt \u00e1ll\u00edtsa be, hogy az Index az els\u0151k k\u00f6z\u00f6tt legyen a Google-tal\u00e1latokban!<\/p>\n<p><\/a><\/p>\n<p>                <a href=\"https:\/\/konyvek.index.hu\/\" target=\"_blank\" rel=\"nofollow noopener\"><br \/>\n                <img decoding=\"async\" src=\"https:\/\/index.hu\/assets\/images\/konyvajanlo\/book_indapress\/book_indapress_logo.svg\" loading=\"lazy\" alt=\"Inda Press Kiad\u00f3\"\/><br \/>\n                <\/a><\/p>\n<p>                <img decoding=\"async\" src=\"https:\/\/www.europesays.com\/hu\/wp-content\/uploads\/2026\/08\/penges.png\" loading=\"lazy\" alt=\"Peng\u00e9s megold\u00e1s\"\/><\/p>\n<p>Most megtudhatod, hogyan lehetsz te is dartsversenyz\u0151! <\/p>\n<p>                <a class=\"book_index_btn\" href=\"https:\/\/indexadhu.hit.gemius.pl\/hitredir?id=nSCbubuYpDWJZLZs0TssLrbt33Lk5kbipuiZrkg89G3.g7&amp;stparam=rmjgipmtnj&amp;fastid=kqugmkjdcufqjwhsazqqdjoyrclz&amp;nc=0&amp;url=https:\/\/www.indapresskiado.hu\/products\/penges-megoldas?_pos=1&amp;_psq=peng%C3%A9s&amp;_ss=e&amp;_v=1.0\" target=\"_blank\" rel=\"nofollow noopener\">MEGVESZEM<\/a><\/p>\n<p>    <img decoding=\"async\" src=\"https:\/\/www.europesays.com\/hu\/wp-content\/uploads\/2026\/08\/1788021612_867_redot.gif\"\/><\/p>\n<p>    <img decoding=\"async\" src=\"https:\/\/index.hu\/assets\/images\/social-follow\/logo-big.svg\" alt=\"Index.hu logo\"\/><\/p>\n<p>K\u00f6vesse az Indexet Facebookon is!<\/p>\n<p>    <a href=\"https:\/\/facebook.com\/Indexhu\" target=\"_blank\" rel=\"nofollow noopener\"><\/p>\n<p>        K\u00f6vetem!<br \/>\n    <\/a><\/p>\n<p>                    <script async src=\"https:\/\/platform.twitter.com\/widgets.js\" charset=\"utf-8\"><\/script><\/p>\n","protected":false},"excerpt":{"rendered":"A nagyobb meglepet\u00e9st K\u00e1d\u00e1r L\u00e1szl\u00f3 okozta azzal, hogy kiejtette a vil\u00e1granglist\u00e1n harmincadik Daryl Gurneyt, r\u00e1ad\u00e1sul igaz\u00e1n remek j\u00e1t\u00e9kkal,&hellip;\n","protected":false},"author":2,"featured_media":225518,"comment_status":"","ping_status":"","sticky":false,"template":"","format":"standard","meta":{"footnotes":"","_share_on_mastodon":"0"},"categories":[14],"tags":[4445,44,42,53871,40,53875,43,41,53874,6317,45,131],"class_list":["post-225517","post","type-post","status-publish","format-standard","has-post-thumbnail","category-sport","tag-darts","tag-hu","tag-hungarian","tag-hungarian-darts-trophy","tag-hungary","tag-kadar-laszlo","tag-magyar","tag-magyarorszag","tag-major-nandor","tag-mvm-dome","tag-sport","tag-sports"],"share_on_mastodon":{"url":"https:\/\/pubeurope.com\/@hu\/117179791977129216","error":""},"_links":{"self":[{"href":"https:\/\/www.europesays.com\/hu\/wp-json\/wp\/v2\/posts\/225517","targetHints":{"allow":["GET"]}}],"collection":[{"href":"https:\/\/www.europesays.com\/hu\/wp-json\/wp\/v2\/posts"}],"about":[{"href":"https:\/\/www.europesays.com\/hu\/wp-json\/wp\/v2\/types\/post"}],"author":[{"embeddable":true,"href":"https:\/\/www.europesays.com\/hu\/wp-json\/wp\/v2\/users\/2"}],"replies":[{"embeddable":true,"href":"https:\/\/www.europesays.com\/hu\/wp-json\/wp\/v2\/comments?post=225517"}],"version-history":[{"count":0,"href":"https:\/\/www.europesays.com\/hu\/wp-json\/wp\/v2\/posts\/225517\/revisions"}],"wp:featuredmedia":[{"embeddable":true,"href":"https:\/\/www.europesays.com\/hu\/wp-json\/wp\/v2\/media\/225518"}],"wp:attachment":[{"href":"https:\/\/www.europesays.com\/hu\/wp-json\/wp\/v2\/media?parent=225517"}],"wp:term":[{"taxonomy":"category","embeddable":true,"href":"https:\/\/www.europesays.com\/hu\/wp-json\/wp\/v2\/categories?post=225517"},{"taxonomy":"post_tag","embeddable":true,"href":"https:\/\/www.europesays.com\/hu\/wp-json\/wp\/v2\/tags?post=225517"}],"curies":[{"name":"wp","href":"https:\/\/api.w.org\/{rel}","templated":true}]}}