{"id":225590,"date":"2026-08-29T18:05:13","date_gmt":"2026-08-29T18:05:13","guid":{"rendered":"https:\/\/www.europesays.com\/hu\/225590\/"},"modified":"2026-08-29T18:05:13","modified_gmt":"2026-08-29T18:05:13","slug":"ketszer-is-felallt-hatranybol-a-liverpool-de-nem-nyert-a-masodik-forduloban-sem-24-hu","status":"publish","type":"post","link":"https:\/\/www.europesays.com\/hu\/225590\/","title":{"rendered":"K\u00e9tszer is fel\u00e1llt h\u00e1tr\u00e1nyb\u00f3l a Liverpool, de nem nyert a m\u00e1sodik fordul\u00f3ban sem &#8211; 24.hu"},"content":{"rendered":"<p><a href=\"https:\/\/news.google.com\/rss\/articles\/CBMihgFBVV95cUxPeUo4bF9XdllhNFd0aGdiVVJMaEp1eFFjN2dScGpxUFVsRE5yb1dPeTdxaXMyalhIVWEtOVY5SzE2SzlSdTRPTFBtdnhWb21XdjlCNFJycUdQelI4VkhFc1BnNEs1Z0dpcEg3ZHFOR2VhdzNsbmtWM2V2ZUJQZVo0T3Nxdko1Zw?oc=5\" target=\"_blank\" rel=\"nofollow noopener\">K\u00e9tszer is fel\u00e1llt h\u00e1tr\u00e1nyb\u00f3l a Liverpool, de nem nyert a m\u00e1sodik fordul\u00f3ban sem<\/a>&nbsp;&nbsp;24.hu<a href=\"https:\/\/news.google.com\/rss\/articles\/CBMi2gFBVV95cUxNRnRBMU15dV9Rbm5UeDk4eEM2Q2ZMSVNObjU0cHRQeFRndzI3d1dLbGlnaVdBWXBxdmN2Y0h3WVRwMjdIMHlnVWZKRXlsODdyYnhUYmRSNWRFbS1xNzkzbkZEai1NbDhjWklheTF2UlBLVWVlSG9pWFphZUpOVEp3Z1hSNE9FNDV0VDdOQkxCZ2h6MkFodnJOSXJzM1lvWU96Yms2UlcwZWpaWG9vVjVpOUJMeDFpQURwR2dNOVlkUjd1OUlEUmZLMWdaZTVOY3BaVE0xYmtvZFVndw?oc=5\" target=\"_blank\" rel=\"nofollow noopener\">K\u00e9tszer is egyenl\u00edtett, de a gy\u0151zelem m\u00e1r nem j\u00f6tt \u00f6ssze a Liverpoolnak a Nottingham ellen<\/a>&nbsp;&nbsp;Nemzeti Sport Online<a href=\"https:\/\/news.google.com\/rss\/articles\/CBMiugFBVV95cUxOalZYRFFTTDJTZlhldkpmcVZlbEdJY21CSVFCaGZfTS05SHpWbm5yVUtBakJ6el9ZeU5ES0pXNXJ5dEhfcEF0R0xGQ1Z1TDh6UV9IUzNnSFVZZm9GRDk4b3NueWdVQWhPT1lxTU81Z3J6S3RHUjY1ejE0WGZJWjFnVDIwX0k0aF9HV0JES20yanlnWXRtbmhKc1pfbTJtUTdZU2Z5MmFJVUgzOXlRUTMyUzFqTzR0Y3dIcWc?oc=5\" target=\"_blank\" rel=\"nofollow noopener\">M\u00e1sodik bajnokij\u00e1t sem nyerte meg a Liverpool, hazai p\u00e1ly\u00e1n vesztett pontokat a Forest ellen<\/a>&nbsp;&nbsp;Index.hu<a href=\"https:\/\/news.google.com\/rss\/articles\/CBMiigFBVV95cUxPalBoTG53dFBmaFQ5Q2JERDlleGc3NnFyNkFud212Y2lUOXgyM2dJaHp6SVloQ1N0cHNRclJQVkJQbXIzSzBVZXVleE1iOWs4Mms0MlAwVmlWUXdXQlBiZjUwVnctdmJwR3VzbnlDeVJRQzQ0Smpvc25fSDZNVXVyQjQ5eVdWTXJPQmfSAY8BQVVfeXFMTzN5SDltUHZXS0JHZFpPRkpjdjBmc1dCR3ZlOFpjNTRMeWg2UDF1bjNqUkJ3WkJ0TEd6Z1pDMUY2eWxaSXpCUE9kaVVVWTk2VkJxb29MNW1Yb1ZVMUQyZmhRVVpxMk1YMVM0bTAwLXBmSUd4SzVyUW5GZDA2VFRYRmFTaUJzeXE3czZqaWxxWjg?oc=5\" target=\"_blank\" rel=\"nofollow noopener\">K\u00ednl\u00f3dik Szoboszlai Dominik \u00e9s a Liverpool<\/a>&nbsp;&nbsp;Infostart<a href=\"https:\/\/news.google.com\/rss\/articles\/CBMiogFBVV95cUxQYmgzd2dNX3ZoYnYxQnc2NEZybXo5MVRRaDFXV3V5c1llNjdaOUNfMFl2TFRCeVBtX1Iwdl9UQVhrSE5kOFAydElvUEd5SUJoWGcyVG03NjdyNE5oc2diZ1NwUUhPd092bDBOMzZlS29qcms4cFFHWkc0UGpCZ1JSUTdRcTgtMDRiUVNqRGY5VTNRM18weVczRldVWldLWVRjYlE?oc=5\" target=\"_blank\" rel=\"nofollow noopener\">Kerkez Milos jubil\u00e1lt, dr\u00e1mai m\u00e9rk\u0151z\u00e9sen bukott pontokat a Liverpool<\/a>&nbsp;&nbsp;Blikk<\/p>\n","protected":false},"excerpt":{"rendered":"K\u00e9tszer is fel\u00e1llt h\u00e1tr\u00e1nyb\u00f3l a Liverpool, de nem nyert a m\u00e1sodik fordul\u00f3ban sem&nbsp;&nbsp;24.huK\u00e9tszer is egyenl\u00edtett, de a gy\u0151zelem&hellip;\n","protected":false},"author":2,"featured_media":225591,"comment_status":"","ping_status":"","sticky":false,"template":"","format":"standard","meta":{"footnotes":"","_share_on_mastodon":"0"},"categories":[14],"tags":[4539,378,44,42,40,502,1028,43,41,3066,698,45,131],"class_list":["post-225590","post","type-post","status-publish","format-standard","has-post-thumbnail","category-sport","tag-angol-foci","tag-foci","tag-hu","tag-hungarian","tag-hungary","tag-labdarugas","tag-liverpool","tag-magyar","tag-magyarorszag","tag-nottingham-forest","tag-premier-league","tag-sport","tag-sports"],"share_on_mastodon":{"url":"https:\/\/pubeurope.com\/@hu\/117180125854608885","error":""},"_links":{"self":[{"href":"https:\/\/www.europesays.com\/hu\/wp-json\/wp\/v2\/posts\/225590","targetHints":{"allow":["GET"]}}],"collection":[{"href":"https:\/\/www.europesays.com\/hu\/wp-json\/wp\/v2\/posts"}],"about":[{"href":"https:\/\/www.europesays.com\/hu\/wp-json\/wp\/v2\/types\/post"}],"author":[{"embeddable":true,"href":"https:\/\/www.europesays.com\/hu\/wp-json\/wp\/v2\/users\/2"}],"replies":[{"embeddable":true,"href":"https:\/\/www.europesays.com\/hu\/wp-json\/wp\/v2\/comments?post=225590"}],"version-history":[{"count":0,"href":"https:\/\/www.europesays.com\/hu\/wp-json\/wp\/v2\/posts\/225590\/revisions"}],"wp:featuredmedia":[{"embeddable":true,"href":"https:\/\/www.europesays.com\/hu\/wp-json\/wp\/v2\/media\/225591"}],"wp:attachment":[{"href":"https:\/\/www.europesays.com\/hu\/wp-json\/wp\/v2\/media?parent=225590"}],"wp:term":[{"taxonomy":"category","embeddable":true,"href":"https:\/\/www.europesays.com\/hu\/wp-json\/wp\/v2\/categories?post=225590"},{"taxonomy":"post_tag","embeddable":true,"href":"https:\/\/www.europesays.com\/hu\/wp-json\/wp\/v2\/tags?post=225590"}],"curies":[{"name":"wp","href":"https:\/\/api.w.org\/{rel}","templated":true}]}}