{"id":225667,"date":"2026-08-29T19:32:10","date_gmt":"2026-08-29T19:32:10","guid":{"rendered":"https:\/\/www.europesays.com\/hu\/225667\/"},"modified":"2026-08-29T19:32:10","modified_gmt":"2026-08-29T19:32:10","slug":"majka-aprilis-13-an-kib-szott-buszke-voltam-egesz-magyarorszagra","status":"publish","type":"post","link":"https:\/\/www.europesays.com\/hu\/225667\/","title":{"rendered":"Majka: \u201e\u00c1prilis 13-\u00e1n kib.szott b\u00fcszke voltam eg\u00e9sz Magyarorsz\u00e1gra!\u201d"},"content":{"rendered":"<p>        <img decoding=\"async\" src=\"https:\/\/www.europesays.com\/hu\/wp-content\/uploads\/2026\/08\/0F34CEAF-C59D-4412-A938-30D14C6E2BEF.jpeg\" alt=\"Majka: \u201e\u00c1prilis 13-\u00e1n kib.szott b\u00fcszke voltam eg\u00e9sz Magyarorsz\u00e1gra!\u201d\" loading=\"lazy\" class=\"img-fluid w-100\" style=\"\"\/><br \/>\n                    Majka a si\u00f3foki Pl\u00e1zson adott koncertj\u00e9n 2025. j\u00falius 25-\u00e9n (Fot\u00f3: Magyar Hang\/V\u00e9gh L\u00e1szl\u00f3)                        <\/p>\n<p class=\"MsoNormal\">\u201e\u00c1prilis 13-\u00e1n kib.aszott b\u00fcszke voltam eg\u00e9sz Magyarorsz\u00e1gra. S\u0151t, az eg\u00e9sz vil\u00e1g b\u00fcszke lehet r\u00e1nk\u201d \u2013 <a href=\"https:\/\/www.youtube.com\/shorts\/jzL86BE7zlI\" target=\"_blank\" rel=\"noopener nofollow\">sz\u00f3lt Majka a k\u00f6z\u00f6ns\u00e9ghez p\u00e9nteken<\/a>, a Szegedi Ifj\u00fas\u00e1gi Napokon (SZIN) koncertje k\u00f6zben, a Csurran, cseppen c\u00edm\u0171 dala v\u00e9g\u00e9n.<\/p>\n<p class=\"MsoNormal\">\u201eMegmutattuk, hogy lehet vel\u00fcnk \u201egec.ni, de csak egy ideig hagyjuk. Igaz, hogy m\u00e1r nem aktu\u00e1lis ez a dal, de meg\u00edg\u00e9rem, vagyis meg\u00edg\u00e9rj\u00fck mindannyian, hogy amint aktu\u00e1lis lesz, megint el\u0151vessz\u00fck. Szeged! Lehet, hogy most nem aktu\u00e1lis, de Isten \u00e1ldja Bindzsiszt\u00e1nt! L\u0151jetek le, Szeged!\u201d \u2013 tette m\u00e9g hozz\u00e1 a zen\u00e9sz. V\u00e9g\u00fcl nem l\u0151tt\u00e9k le, m\u00e9g mikrofonnal sem.<\/p>\n<p class=\"MsoNormal kenyer\">\u00cdgy t\u00f6rt\u00e9nt:<\/p>\n<p class=\"MsoNormal kenyer\">Majka Csurran, cseppen c\u00edm\u0171 sz\u00e1ma 2025 elej\u00e9n jelent meg, amely szatirikus m\u00f3don mutatta be a korrupci\u00f3t, a hatalmi vissza\u00e9l\u00e9seket egy Bindsziszt\u00e1n nev\u0171 orsz\u00e1gban, egy\u00e9rtelm\u0171en utalva a Fidesz m\u0171k\u00f6d\u00e9s\u00e9re. Vil\u00e1gos volt, hogy a dal klipj\u00e9ben a Majka \u00e1ltal megjelen\u00edtett figura val\u00f3j\u00e1ban Orb\u00e1n Viktorra utal. A megjelen\u00e9se ut\u00e1n nem sokkal <a href=\"https:\/\/hang.hu\/magyar-hang-plusz\/majka-bindzsisztan-172108\" target=\"_blank\" rel=\"noopener nofollow\">arr\u00f3l \u00edrtunk,<\/a>hogy minden kor\u00e1bbin\u00e1l nagyobbat robbant. A Genius oldal\u00e1n egyenesen a Csurran, cseppen dalsz\u00f6vege lett a legkeresettebb, beel\u0151zve ezzel Billie Eilish, Eminem vagy az Arctic Monkeys dalait. A korm\u00e1nyf\u0151 mellett m\u00e1s fideszes vezet\u0151k is bele voltak gy\u00farva a klipbe. A Csurran, cseppen jobban emelte a kritik\u00e1t, mint Majka olyan kor\u00e1bbi dalai, mint a 2022-es Azt besz\u00e9lik a v\u00e1rosban. A zen\u00e9sz-showman addig a pontig sem volt apolitikus, s\u0151t kor\u00e1bbi dal\u00e1ban Semj\u00e9n Zsoltt\u00f3l Sz\u00e1jer J\u00f3zsefig belesz\u00e1llt egy sor politikusba. Ekkort\u00f3l azonban v\u00e9gleg r\u00e1ker\u00fclt a fideszellenes b\u00e9lyeg korm\u00e1nyp\u00e1rti m\u00e9di\u00e1ban. Egy h\u00f3dmez\u0151v\u00e1s\u00e1rhelyi cukr\u00e1szda a sz\u00e1m megjelen\u00e9se ut\u00e1n nem sokkal Bindzsiszt\u00e1n szeletet kezdett \u00e1rulni, aminek az el\u0151ad\u00f3 kezdetben nem \u00f6r\u00fclt, azt\u00e1n \u00fagy nyilatkozott: ez a sz\u00f3 k\u00f6zkincs lett, haszn\u00e1lj\u00e1k.<\/p>\n<p class=\"MsoNormal kenyer\">A Bindzsiszt\u00e1n-jelens\u00e9g tavaly j\u00faliusban a debreceni <a href=\"https:\/\/hang.hu\/koffein\/majka-mindannyiunkat-fejbe-lott-178679\" target=\"_blank\" rel=\"noopener nofollow\">Campus fesztiv\u00e1lon<\/a> cs\u00facsosodott ki, amikor a sz\u00e1m k\u00f6zben Majka el\u0151adta, hogy mikrofonnal fejbe l\u00f6vik. Ez \u00f3ri\u00e1si botr\u00e1nyt okozott, el\u0151bb a korm\u00e1nym\u00e9dia sz\u00e1llt r\u00e1 zen\u00e9szre, olyan c\u00edmeket adtak a cikkeknek, hogy \u201eA minisztereln\u00f6k kiv\u00e9gz\u00e9s\u00e9re buzd\u00edtott Majka\u201d. Ezut\u00e1n szerz\u0151d\u00e9st bontott vele a One Magyarorsz\u00e1g, a szervez\u0151k pedig elhat\u00e1rol\u00f3dtak t\u0151le.\u00a0A p\u00e9nteki szegedi koncertre egy\u00e9bk\u00e9nt rengetegen voltak k\u00edv\u00e1ncsiak, a Coca-Cola Nagysz\u00ednpad el\u0151tti ter\u00fclet teljesen megtelt, Majka volt eddig a legl\u00e1togatottabb fell\u00e9p\u0151 a SZIN h\u00e1rom napja alatt.<\/p>\n<p class=\"MsoNormal kenyer\">\u00a0<\/p>\n","protected":false},"excerpt":{"rendered":"Majka a si\u00f3foki Pl\u00e1zson adott koncertj\u00e9n 2025. j\u00falius 25-\u00e9n (Fot\u00f3: Magyar Hang\/V\u00e9gh L\u00e1szl\u00f3) \u201e\u00c1prilis 13-\u00e1n kib.aszott b\u00fcszke voltam&hellip;\n","protected":false},"author":2,"featured_media":225668,"comment_status":"","ping_status":"","sticky":false,"template":"","format":"standard","meta":{"footnotes":"","_share_on_mastodon":"0"},"categories":[10],"tags":[60157,110,60156,60155,44,42,40,43,41,2260,19761,111],"class_list":["post-225667","post","type-post","status-publish","format-standard","has-post-thumbnail","category-vallalkozas","tag-bindzsiszn","tag-business","tag-cseppen","tag-csurran","tag-hu","tag-hungarian","tag-hungary","tag-magyar","tag-magyarorszag","tag-majka","tag-szin","tag-vallalkozas"],"share_on_mastodon":{"url":"https:\/\/pubeurope.com\/@hu\/117180468282707558","error":""},"_links":{"self":[{"href":"https:\/\/www.europesays.com\/hu\/wp-json\/wp\/v2\/posts\/225667","targetHints":{"allow":["GET"]}}],"collection":[{"href":"https:\/\/www.europesays.com\/hu\/wp-json\/wp\/v2\/posts"}],"about":[{"href":"https:\/\/www.europesays.com\/hu\/wp-json\/wp\/v2\/types\/post"}],"author":[{"embeddable":true,"href":"https:\/\/www.europesays.com\/hu\/wp-json\/wp\/v2\/users\/2"}],"replies":[{"embeddable":true,"href":"https:\/\/www.europesays.com\/hu\/wp-json\/wp\/v2\/comments?post=225667"}],"version-history":[{"count":0,"href":"https:\/\/www.europesays.com\/hu\/wp-json\/wp\/v2\/posts\/225667\/revisions"}],"wp:featuredmedia":[{"embeddable":true,"href":"https:\/\/www.europesays.com\/hu\/wp-json\/wp\/v2\/media\/225668"}],"wp:attachment":[{"href":"https:\/\/www.europesays.com\/hu\/wp-json\/wp\/v2\/media?parent=225667"}],"wp:term":[{"taxonomy":"category","embeddable":true,"href":"https:\/\/www.europesays.com\/hu\/wp-json\/wp\/v2\/categories?post=225667"},{"taxonomy":"post_tag","embeddable":true,"href":"https:\/\/www.europesays.com\/hu\/wp-json\/wp\/v2\/tags?post=225667"}],"curies":[{"name":"wp","href":"https:\/\/api.w.org\/{rel}","templated":true}]}}