{"id":225671,"date":"2026-08-29T19:35:08","date_gmt":"2026-08-29T19:35:08","guid":{"rendered":"https:\/\/www.europesays.com\/hu\/225671\/"},"modified":"2026-08-29T19:35:08","modified_gmt":"2026-08-29T19:35:08","slug":"megzsarolt-cegtulajdonos-az-economxnak-a-vagyonhivatallal-megvalosul-orbanek-remalma","status":"publish","type":"post","link":"https:\/\/www.europesays.com\/hu\/225671\/","title":{"rendered":"Megzsarolt c\u00e9gtulajdonos az Economxnak: a vagyonhivatallal megval\u00f3sul Orb\u00e1n\u00e9k r\u00e9m\u00e1lma"},"content":{"rendered":"<p data-alignment=\"left\" class=\"text-left\" data-block-key=\"g9jw4\">Megmondtam, megszavazt\u00e1k, Seszt\u00e1k Mikl\u00f3s r\u00e9m\u00e1lma m\u00e1t\u00f3l val\u00f3s\u00e1g \u2013 jelentette ki az Economxnak Galg\u00f3czy Ferenc a Nemzeti Vagyonvisszaszerz\u00e9si \u00e9s Vagyonv\u00e9delmi Hivatal (NVVH) nyomozati eln\u00f6khelyettese, Tasn\u00e1dy Katalin p\u00e9nteki <a href=\"https:\/\/www.economx.hu\/belfold\/2026\/08\/29\/magyar-peter-atiranyitotta-a-figyelmet-tasnady-katalin-lehet-az-nvvh-legfontosabb-vezetoje\/\" target=\"_blank\" rel=\" noopener noreferrer nofollow\">megv\u00e1laszt\u00e1sa<\/a> kapcs\u00e1n.<\/p>\n<p data-alignment=\"left\" class=\"text-left\" data-block-key=\"dqoam\">A v\u00e1llalkoz\u00f3 a v\u00e1laszt\u00e1sok el\u0151tt azzal ker\u00fclt a h\u00edrekbe, hogy ki\u00e1llt a nyilv\u00e1noss\u00e1g el\u00e9 \u00e9s elmondta: Seszt\u00e1k Mikl\u00f3s, az Orb\u00e1n-korm\u00e1ny 2014 \u00e9s 2018 k\u00f6z\u00f6tt regn\u00e1l\u00f3 nemzeti fejleszt\u00e9si minisztere a saj\u00e1t tulajdon\u00fa c\u00e9g\u00e9t\u0151l s\u00falyos v\u00e9delmi p\u00e9nzeket k\u00e9rt el, majd ennek ellen\u00e9re v\u00e9g\u00fcl kiszor\u00edtott\u00e1k a f\u00f6ldi kiszolg\u00e1l\u00e1s hazai piac\u00e1r\u00f3l, \u00e9s megpr\u00f3b\u00e1lt\u00e1k t\u00f6nkre tenni az ex-t\u00e1rcavezet\u0151 k\u00f6rei.<\/p>\n<p data-alignment=\"left\" class=\"text-left\" data-block-key=\"b6b8v\">A Kontrollnak <a href=\"https:\/\/www.youtube.com\/watch?v=CUhtRbpXCbg\" target=\"_blank\" rel=\" noopener noreferrer nofollow\">r\u00e9szletezte<\/a>: ahhoz, hogy megtarthassa az \u00e1llami szolg\u00e1ltat\u00f3val k\u00f6z\u00f6sen jegyzett Wizz Air-szerz\u0151d\u00e9st, c\u00e9ge, a rep\u00fcl\u0151t\u00e9ren m\u0171k\u00f6d\u0151 Budport Handling Kft. 2014-2016 k\u00f6z\u00f6tt havonta 20 ezer eur\u00f3 (k\u00f6r\u00fclbel\u00fcl 7 milli\u00f3 forint) v\u00e9delmi p\u00e9nzt fizetett Seszt\u00e1k Mikl\u00f3s\u00e9knak. A politikus, \u2013 aki a Tisza hatalomra ker\u00fcl\u00e9s\u00e9ig 2010-t\u0151l Kisv\u00e1rda korm\u00e1nyp\u00e1rti orsz\u00e1ggy\u0171l\u00e9si k\u00e9pvisel\u0151je volt, \u2013 ugyan tagadta a port\u00e1lnak, hogy b\u00e1rmilyen m\u00f3don p\u00e9nzt fogadott el Galg\u00f3czyt\u00f3l vagy m\u00e1st\u00f3l, ezt k\u00f6vet\u0151en a megzsarolt c\u00e9gtulajdonos \u00e9s csapata elk\u00f6telezte mag\u00e1t az elsz\u00e1moltat\u00e1s mellett.<\/p>\n<p>                <img loading=\"lazy\" decoding=\"async\" alt=\"\" class=\"w-full h-full object-cover\" height=\"278\"  src=\"https:\/\/www.europesays.com\/hu\/wp-content\/uploads\/2026\/08\/galgoczy.2e16d0ba.format-jpeg.fill-370x278.jpg\"  width=\"370\"\/><\/p>\n<p>\n          A megzsarolt c\u00e9gtulajdonos nem h\u00e1tr\u00e1lt a NER t\u00e1mad\u00e1saival szemben\n        <\/p>\n<p>    Fot\u00f3: Galg\u00f3czy Ferenc Facebook-oldala<\/p>\n<p>  <a rel=\"noopener nofollow\" href=\"https:\/\/indamediasales.hu\/2019\/06\/25\/quality_placement_minosegbiztositasi_tajekoztato_728\" target=\"_blank\" class=\"flex items-center\"><\/p>\n<p>      <img loading=\"lazy\" decoding=\"async\" src=\"https:\/\/www.economx.hu\/neon\/static\/images\/brand\/quality_placement_logo.svg\" alt=\"Quality Placement\" width=\"150\" height=\"15\"\/><\/p>\n<p>  <\/a><\/p>\n<p>\n  hirdet\u00e9s<\/p>\n<p>    X<\/p>\n<p data-alignment=\"left\" class=\"text-left\" data-block-key=\"98vrv\">Mostan\u00e1ig t\u00f6bb feljelent\u00e9st tett az \u00e1ltala \u201ekisv\u00e1rdai keresztap\u00e1nak\u201d nevezett, KDNP-s politikus \u00e9s \u201etettest\u00e1rsai\u201d ellen, korrupci\u00f3gyan\u00fas \u00fcgyekben, \u00e9s l\u00e9trehozta a Galg\u00f3czy Ferenc Hivatalos Facebook Oldala elnevez\u00e9s\u0171 k\u00f6z\u00f6ss\u00e9gi fel\u00fcletet. A nyomoz\u00e1s folyamatban van p\u00e9ld\u00e1ul annak gyan\u00faja miatt, hogy<\/p>\n<p>a Vol\u00e1nbusz-csoportt\u00f3l 10 milli\u00e1rd forintot meghalad\u00f3 \u00f6sszeget \u201eloptak ki\u201d Seszt\u00e1k k\u00f6rei \u2013 ebben n\u00e9v szerint eml\u00edti Szivek Norbert volt MNV-vez\u00e9rigazgat\u00f3t, Jellinek D\u00e1niel \u00e9s Tiborcz Istv\u00e1n \u00fczlett\u00e1rs\u00e1t \u00e9s m\u00e1s szem\u00e9lyeket,a Vol\u00e1nbusz-alv\u00e1llalkoz\u00f3 \u201emegsemmis\u00edt\u00e9sek\u00e9nt\u201d a miniszter 2015-2018 k\u00f6z\u00f6tt havi 125 milli\u00f3 forint, \u00f6sszesen 4 milli\u00e1rd forint v\u00e9delmi p\u00e9nzt szedett be,az egykori t\u00e1rcavezet\u0151 \u201eh\u00e1zi \u00fcgyv\u00e9dje\u201d 10 milli\u00e1rdos \u00fcgyv\u00e9di munkad\u00edjat sz\u00e1ml\u00e1zott ki a Vol\u00e1nbusz-csoportnak \u00e9s m\u00e1s \u00e1llami c\u00e9geknek, tov\u00e1bb\u00e1a kisv\u00e1rdai strand koncesszi\u00f3s szerz\u0151d\u00e9se kapcs\u00e1n, amelyben Galg\u00f3czy \u00e1ll\u00edt\u00e1sa szerint Seszt\u00e1k \u201eegyik str\u00f3manja\u201d \u00e9vi 10 milli\u00f3 forintot fizet b\u00e9rleti d\u00edjk\u00e9nt, mik\u00f6zben az elm\u00falt \u00e9vekben 100 milli\u00f3s profitra tett szert.Elk\u00e9pzelhetetlen szintek j\u00f6nnek<\/p>\n<p data-alignment=\"left\" class=\"text-left\" data-block-key=\"7jj3m\">Fontos tudni, hogy a K\u00f6zponti Nyomoz\u00f3 F\u0151\u00fcgy\u00e9szs\u00e9g \u00e9s a Nemzeti Nyomoz\u00f3 Iroda m\u00e1r g\u0151zer\u0151vel dolgozik azoknak az \u00fcgyeknek a felder\u00edt\u00e9s\u00e9n, amelyekben Seszt\u00e1k Mikl\u00f3s \u00e9s k\u00f6re, \u2013 k\u00f6zt\u00fck kor\u00e1bbi olaj maffia prominense is \u2013 \u00e9rintett lehet. Ezek azonban rendk\u00edv\u00fcl \u00f6sszetett, szerte\u00e1gaz\u00f3 b\u0171ncselekm\u00e9nyek, amelyek alapos bizony\u00edt\u00e1st \u00e9s jelent\u0151s nyomozati munk\u00e1t ig\u00e9nyelnek \u2013 mondta az Economxnak Galg\u00f3czy Ferenc, aki \u00fczent a k\u00e9tked\u0151knek:<\/p>\n<p data-alignment=\"left\" class=\"text-left\" data-block-key=\"pjjnv\">az \u00faj szuperhivatal, az NVVH imm\u00e1r olyan er\u0151s szakmai vezet\u00e9ssel b\u00edr, ami a m\u0171k\u00f6d\u00e9s\u00e9t \u00e9s eredm\u00e9nyess\u00e9g\u00e9t ma m\u00e9g sokak sz\u00e1m\u00e1ra elk\u00e9pzelhetetlen szintre emelheti.<\/p>\n<p data-alignment=\"left\" class=\"text-left\" data-block-key=\"7d1hv\">Szem\u00e9lyes tapasztalatai alapj\u00e1n kiemelte:<\/p>\n<p data-alignment=\"left\" class=\"text-left\" data-block-key=\"baku3\">az elsz\u00e1moltat\u00e1sok \u00e9s a felel\u0151ss\u00e9gre von\u00e1s mind szakmailag, mind emberileg a lehet\u0151 legjobb kezekben lesz.<\/p>\n<p data-alignment=\"left\" class=\"text-left\" data-block-key=\"81l1q\">Unger Anna viszi a hivatalt eln\u00f6kk\u00e9nt, akinek v\u00e1laszt\u00e1sa b\u00e1r <a href=\"https:\/\/www.economx.hu\/belfold\/2026\/08\/28\/unger-anna-vagyonvisszaszerzesi-hivatal-pontozas-titkos\/\" target=\"_blank\" rel=\" noopener noreferrer nofollow\">kock\u00e1zatos<\/a> a Tisz\u00e1nak, de az alkalmass\u00e1g\u00e1t <a href=\"https:\/\/www.economx.hu\/belfold\/2026\/08\/29\/havasi-bertalan-magyar-peter-nvvh-unger-fbi\/\" target=\"_blank\" rel=\" noopener noreferrer nofollow\">megk\u00e9rd\u0151jelezni<\/a> alaptalan \u2013 jegyezte meg. A szakm\u00e1t viszont Tasn\u00e1dy Katalin k\u00e9pviseli, ami szerinte nagyon er\u0151s ind\u00edt\u00e1s, c\u00e9lzott \u00fczenet.<\/p>\n<p>\n          Nem l\u00e9tezik sz\u00e1mukra enn\u00e9l rosszabb forgat\u00f3k\u00f6nyv\n        <\/p>\n<p data-alignment=\"left\" class=\"text-left\" data-block-key=\"1c73a\">\u2013 utalt \u201ea NER b\u0171n\u00f6z\u0151ire\u201d, illetve konkr\u00e9tan a volt miniszter k\u00f6reire.<\/p>\n<p>T\u00fcrelem kell, de szeml\u00e9letv\u00e1lt\u00e1s is<\/p>\n<p data-alignment=\"left\" class=\"text-left\" data-block-key=\"c876c\">Lassan orsz\u00e1gos szinten is \u00e9rezhet\u0151 egyfajta el\u00e9gedetlens\u00e9g, a t\u00fcrelmetlens\u00e9g \u00e9s a csal\u00f3dotts\u00e1g. \u00c9n azonban testk\u00f6zelb\u0151l l\u00e1tom azt az elk\u00f6telezetts\u00e9get \u00e9s kitart\u00e1st, amely a <a href=\"https:\/\/www.economx.hu\/belfold\/2026\/08\/28\/orzes-24-oras-rendori-vedelmet-kapott-az-nvvh-ket-vezetoje\/\" target=\"_blank\" rel=\" noopener noreferrer nofollow\">nyomoz\u00f3hat\u00f3s\u00e1gok<\/a> munk\u00e1j\u00e1t jellemzi \u2013 mondta, b\u00e1r \u00fagy l\u00e1tja, a hat\u00f3s\u00e1gok, \u2013 k\u00fcl\u00f6n\u00f6sen az \u00fcgy\u00e9szs\u00e9g \u2013 ott k\u00f6vetnek el s\u00falyos hib\u00e1t, hogy nem kommunik\u00e1lnak. Ez\u00e9rt szerinte egy\u00e9rtelm\u0171 szeml\u00e9letv\u00e1lt\u00e1sra van sz\u00fcks\u00e9g, mert<\/p>\n<p data-alignment=\"left\" class=\"text-left\" data-block-key=\"pjjnv\">fontos lenne, hogy emp\u00e1ti\u00e1t mutassanak a NER \u00e1ldozatai fel\u00e9 azzal, hogy t\u00e1j\u00e9koztatj\u00e1k a k\u00f6zv\u00e9lem\u00e9nyt.<\/p>\n<p data-alignment=\"left\" class=\"text-left\" data-block-key=\"27m12\">Ennyivel <a href=\"https:\/\/www.economx.hu\/belfold\/2026\/08\/29\/unger-anna-roza-nvvh-hivatal\/\" target=\"_blank\" rel=\" noopener noreferrer nofollow\" data-link-preview=\"true\" data-og-title=\"A magyarok t\u00f6bbs\u00e9ge m\u00e9g nem tudja, mit gondoljon az NVVH \u00faj vezet\u0151j\u00e9r\u0151l\" data-og-description=\"A megv\u00e1lasztott vezet\u0151 nagy port kavart a k\u00f6zv\u00e9lem\u00e9nyben. A magyar lakoss\u00e1g nagy r\u00e9sze azonban nem ismeri Unger Anna R\u00f3z\u00e1t, \u00e9s nem tudja egyel\u0151re meg\u00edt\u00e9lni a jel\u00f6l\u00e9st.\" data-og-image=\"https:\/\/www.economx.hu\/neon\/media\/images\/DBZOL20260825020.format-avif.max-600x400.avif\" data-og-image-small=\"https:\/\/www.economx.hu\/neon\/media\/images\/DBZOL20260825020.format-avif.max-370x278.avif\" data-og-column=\"Belf\u00f6ld\" data-og-tags=\"[&quot;Belf\\u00f6ld&quot;, &quot;Unger Anna R\\u00f3za&quot;, &quot;NVVH&quot;, &quot;Nemzeti Vagyonvisszaszerz\\u00e9si \\u00e9s V\\u00e9delmi Hivatal&quot;]\">tartoznak<\/a> az embereknek, k\u00fcl\u00f6n\u00f6sen annak f\u00e9ny\u00e9ben, hogy hossz\u00fa \u00e9veken \u00e1t hagyt\u00e1k, hogy a munk\u00e1jukat k\u00e9zi vez\u00e9rl\u00e9ssel akad\u00e1lyozz\u00e1k, ami ellen soha nem emelt\u00e9k fel a hangjukat \u2013 v\u00e9lekedik Galg\u00f3czy, hangs\u00falyozva, hogy nem fog le\u00e1llni most m\u00e1r azut\u00e1n sem, hogy \u201eSeszt\u00e1k Mikl\u00f3st \u00e9s t\u00e1rsait vezet\u0151sz\u00e1ron l\u00e1tja\u201d.<\/p>\n<p>      Kapit\u00e1nyt k\u00e9r a rept\u00e9rre<\/p>\n<p data-alignment=\"left\" class=\"text-left\" data-block-key=\"ftgib\">A Budapest Airportnak nincs gazd\u00e1ja. A menedzsmentjogokat gyakorl\u00f3, kisebbs\u00e9gi francia tulajdonos rosszul menedzseli a rep\u00fcl\u0151teret \u00e9s annak id\u0151szer\u0171 fejleszt\u00e9seit: csak \u00e9s kiz\u00e1r\u00f3lag a profitmaximaliz\u00e1l\u00e1s a c\u00e9l, az utas\u00e9lm\u00e9ny nem sz\u00e1m\u00edt, ahogy az infrastrukt\u00fara sz\u00ednvonala sem \u2013 \u00e1llap\u00edtotta meg a l\u00e9gi k\u00f6zleked\u00e9si szakember. Ugyan szerinte \u00e9rthet\u0151 m\u00f3don a k\u00f6zleked\u00e9si miniszter, Vit\u00e9zy D\u00e1vid figyelme els\u0151sorban a vas\u00fat fejleszt\u00e9s\u00e9re ir\u00e1nyul, ami val\u00f3ban tiszt\u00e1bb alternat\u00edva lehet a rep\u00fcl\u00e9sre a k\u00e9t \u00f3r\u00e1n bel\u00fcli utaz\u00e1sokn\u00e1l, \u00e1m ideje lenne m\u00e1r az el\u0151z\u0151 korm\u00e1ny \u201ekontraszelekt\u00e1lt politikai ejt\u0151erny\u0151sei\u201d helyett szakemberekre b\u00edzni a repteret. M\u00e9g mindig Nagy M\u00e1rton volt gazdas\u00e1gi miniszter emberei vannak a kulcspoz\u00edci\u00f3kban, \u00edgy viszont a t\u00f6bbs\u00e9gi tulajdonos magyar \u00e1llam, a hazai ipar\u00e1g \u00e9rdekei s\u00e9r\u00fclnek a haszonhajh\u00e1sz\u00e1s miatt \u2013 fejtette ki, hozz\u00e1f\u0171zve: nonszensz, hogy a Budapest Airportnak t\u00f6bb mint f\u00e9l\u00e9ve nincs kereskedelmi igazgat\u00f3ja sem. A megold\u00e1s egy vil\u00e1gos, hossz\u00fa t\u00e1v\u00fa strat\u00e9gia, \u00e9s nem az orsz\u00e1g kapuj\u00e1nak lecs\u00f6ves\u00edt\u00e9se \u2013 fogalmazott a szakember, aki szerint a f\u0151v\u00e1rosi l\u00e9gikik\u00f6t\u0151 t\u00fal fontos nemzeti infrastrukt\u00fara ahhoz, hogy gazd\u00e1tlan maradjon. Ez\u00e9rt \u00e9rdemes lenne a rep\u00fcl\u0151t\u00e9r fel\u00fcgyelet\u00e9t a gazdas\u00e1gi miniszter kiemelt feladatai k\u00f6z\u00e9 rendelni. Kapit\u00e1ny Istv\u00e1n gaty\u00e1ba r\u00e1zn\u00e1 egy perc alatt \u00e9s nem hagyn\u00e1, hogy a diszkont l\u00e9git\u00e1rsas\u00e1gok orrukn\u00e1l fogva vezess\u00e9k a d\u00f6nt\u00e9shoz\u00f3kat \u2013 mondta.<\/p>\n<p><a href=\"https:\/\/google.com\/preferences\/source?q=https%3A\/\/www.economx.hu\" rel=\"noopener nofollow\" referrerpolicy=\"no-referrer-when-downgrade\" class=\"!flex !items-center !gap-5 !py-2 !px-3 w-full !rounded-xl !font-bold cursor-pointer !no-underline relative !bg-white !text-[#202124] !border !border-[#858585] dark:!bg-[#323232] dark:!text-white dark:border-none my-4 \" target=\"_blank\"><br \/>\n  <img decoding=\"async\" src=\"https:\/\/www.economx.hu\/neon\/static\/images\/favicons\/google_favicon.svg\" alt=\"Google\" class=\"shrink-0 w-7 h-7\"\/><br \/>\n  \u00c1ll\u00edtsd be, hogy az Economx az els\u0151k k\u00f6z\u00f6tt legyen a Google-tal\u00e1latokban!<\/p>\n<p><\/a><\/p>\n","protected":false},"excerpt":{"rendered":"Megmondtam, megszavazt\u00e1k, Seszt\u00e1k Mikl\u00f3s r\u00e9m\u00e1lma m\u00e1t\u00f3l val\u00f3s\u00e1g \u2013 jelentette ki az Economxnak Galg\u00f3czy Ferenc a Nemzeti Vagyonvisszaszerz\u00e9si \u00e9s&hellip;\n","protected":false},"author":2,"featured_media":225672,"comment_status":"","ping_status":"","sticky":false,"template":"","format":"standard","meta":{"footnotes":"","_share_on_mastodon":"0"},"categories":[6],"tags":[35931,8802,1777,44,42,40,16316,43,41,4862,45358,3654,60159,59957,58947,3994],"class_list":["post-225671","post","type-post","status-publish","format-standard","has-post-thumbnail","category-magyarorszag","tag-budapest_airport","tag-elszamoltatas","tag-feljelentes","tag-hu","tag-hungarian","tag-hungary","tag-kozpenz","tag-magyar","tag-magyarorszag","tag-ner","tag-nvvh","tag-orban-kormany","tag-sesztak_miklos","tag-tasnady-katalin","tag-unger-anna-roza","tag-vagyon"],"share_on_mastodon":{"url":"https:\/\/pubeurope.com\/@hu\/117180480145088390","error":""},"_links":{"self":[{"href":"https:\/\/www.europesays.com\/hu\/wp-json\/wp\/v2\/posts\/225671","targetHints":{"allow":["GET"]}}],"collection":[{"href":"https:\/\/www.europesays.com\/hu\/wp-json\/wp\/v2\/posts"}],"about":[{"href":"https:\/\/www.europesays.com\/hu\/wp-json\/wp\/v2\/types\/post"}],"author":[{"embeddable":true,"href":"https:\/\/www.europesays.com\/hu\/wp-json\/wp\/v2\/users\/2"}],"replies":[{"embeddable":true,"href":"https:\/\/www.europesays.com\/hu\/wp-json\/wp\/v2\/comments?post=225671"}],"version-history":[{"count":0,"href":"https:\/\/www.europesays.com\/hu\/wp-json\/wp\/v2\/posts\/225671\/revisions"}],"wp:featuredmedia":[{"embeddable":true,"href":"https:\/\/www.europesays.com\/hu\/wp-json\/wp\/v2\/media\/225672"}],"wp:attachment":[{"href":"https:\/\/www.europesays.com\/hu\/wp-json\/wp\/v2\/media?parent=225671"}],"wp:term":[{"taxonomy":"category","embeddable":true,"href":"https:\/\/www.europesays.com\/hu\/wp-json\/wp\/v2\/categories?post=225671"},{"taxonomy":"post_tag","embeddable":true,"href":"https:\/\/www.europesays.com\/hu\/wp-json\/wp\/v2\/tags?post=225671"}],"curies":[{"name":"wp","href":"https:\/\/api.w.org\/{rel}","templated":true}]}}