{"id":225769,"date":"2026-08-29T21:55:14","date_gmt":"2026-08-29T21:55:14","guid":{"rendered":"https:\/\/www.europesays.com\/hu\/225769\/"},"modified":"2026-08-29T21:55:14","modified_gmt":"2026-08-29T21:55:14","slug":"ekkor-jatszik-a-juventus-ellen-budapesten-a-fradi-az-el-ben","status":"publish","type":"post","link":"https:\/\/www.europesays.com\/hu\/225769\/","title":{"rendered":"Ekkor j\u00e1tszik a Juventus ellen Budapesten a Fradi az El-ben"},"content":{"rendered":"<p class=\"paragraph tracking-paragraph\">A Fradi a selejtez\u0151 mind a n\u00e9gy fordul\u00f3j\u00e1t sikerrel vette, <a href=\"https:\/\/www.blikk.hu\/sport\/ferencvaros-trabzonspor-4-0-mohamed-szalah-corbu-mariusz-europa-liga\/zg5634n\" id=\"ad6e1903-5579-469b-ba20-499a7445229a\" rel=\"nofollow noopener\" target=\"_blank\">a playoffk\u00f6rben kett\u0151s gy\u0151zelemmel (1-0, 4-0) ejtette ki a t\u00f6r\u00f6k Trabzonsport,<\/a> \u00edgy v\u00e1rta az alapszakasz p\u00e9nteki sorsol\u00e1s\u00e1t.<\/p>\n<p class=\"paragraph tracking-paragraph\"><a href=\"https:\/\/www.blikk.hu\/sport\/magyar-foci\/ferecvaros-ellenfelek-europa-liga\/tqpksm4\" id=\"96be4e1e-966c-4b0f-86c0-fb34ea01bce5\" rel=\"nofollow noopener\" target=\"_blank\">Az UEFA monac\u00f3i cerem\u00f3ni\u00e1j\u00e1n kider\u00fclt,<\/a> hogy Borb\u00e9ly Bal\u00e1zs csapata az olasz Juventus \u00e9s AC Milan mellett a sk\u00f3t Celtic, a portug\u00e1l Torreense, a szlov\u00e9n Celje, a cseh Viktoria Plzen, a lengyel Lech Poznan \u00e9s a n\u00e9met Hoffenheimmel tal\u00e1lkozik.<\/p>\n<p>        Elk\u00e9sz\u00fclt a beoszt\u00e1s<\/p>\n<p class=\"paragraph tracking-paragraph\">Akkor a pontos menetrendet m\u00e9g nem lehetett tudni, szombat este viszont az UEFA <a target=\"_blank\" href=\"https:\/\/www.uefa.com\/uefaeuropaleague\/news\/02a8-2174cafa5bb6-82bbc20c9b92-1000--2026-27-europa-league-all-the-league-phase-fixtures\/\" id=\"47095b9c-2298-4ef8-be25-7650faab23fd\" rel=\"nofollow noopener\">k\u00f6z\u00f6lte, <\/a>hogy a z\u00f6ld-feh\u00e9rek szeptember 17-\u00e9n 21 \u00f3rakor a Celtic otthon\u00e1ban kezdenek, <a href=\"https:\/\/www.blikk.hu\/sport\/magyar-foci\/ferecvaros-ellenfelek-europa-liga\/tqpksm4\" id=\"2c104feb-e823-4e20-b1a5-bfe1dc88c9f2\" rel=\"nofollow noopener\" target=\"_blank\">majd a Viktoria Plzent \u00e9s a Torreens\u00e9t fogadj\u00e1k.<\/a> A negyedik k\u00f6rben a Milanhoz utaznak, azt\u00e1n a Celje \u00e9rkezik a Groupama Ar\u00e9na. <a target=\"_blank\" href=\"https:\/\/index.hu\/sport\/futball\/2026\/08\/28\/fradi-ferencvaros-europa-liga-juventus-ac-milan-alapszakasz-fotabla-sorsolas\/\" id=\"eb3c45f3-28fb-448d-aacd-9f97b45b9da1\" rel=\"nofollow noopener\">Az utols\u00f3 h\u00e1rom k\u00f6rben Lech Poznan (idegenben),<\/a> Juventus (hazai) \u00e9s Hoffenheim (idegenben) lesz a program.<\/p>\n<p>        A teljes menetrend<\/p>\n<p class=\"paragraph tracking-paragraph\">Szeptember 17., 21.00: Celtic (idegenben)<\/p>\n<p class=\"paragraph tracking-paragraph\"> Okt\u00f3ber 15., 21.00: Viktoria Plzen (itthon)<\/p>\n<p class=\"paragraph tracking-paragraph\"> Okt\u00f3ber 22., 18.45: Torreense (itthon)<\/p>\n<p class=\"paragraph tracking-paragraph\"> November 5., 18.45: AC Milan (idegenben)<\/p>\n<p class=\"paragraph tracking-paragraph\"> November 26., 21.00: Celje (itthon)<\/p>\n<p class=\"paragraph tracking-paragraph\"> December 10., 21.00: Lech Poznan (idegenben)<\/p>\n<p class=\"paragraph tracking-paragraph\"> Janu\u00e1r 21., 18.45: Juventus (itthon)<\/p>\n<p class=\"paragraph tracking-paragraph\"> Janu\u00e1r 28., 21.00: Hoffenheim (idegenben)<\/p>\n<p>            <a class=\"flex gap-2 px-[1px] tagArticleTemplate\"><br \/>\n                <img decoding=\"async\" class=\"shrink-0 object-cover aspect-square max-w-[134px] max-h-[134px] w-full\" src=\"\" alt=\"\"\/><\/p>\n<p>            <\/a><\/p>\n","protected":false},"excerpt":{"rendered":"A Fradi a selejtez\u0151 mind a n\u00e9gy fordul\u00f3j\u00e1t sikerrel vette, a playoffk\u00f6rben kett\u0151s gy\u0151zelemmel (1-0, 4-0) ejtette ki&hellip;\n","protected":false},"author":2,"featured_media":225770,"comment_status":"","ping_status":"","sticky":false,"template":"","format":"standard","meta":{"footnotes":"","_share_on_mastodon":"0"},"categories":[3],"tags":[8803,107,106,47,105,46,377,500,42,4400,499,502,43,45,552],"class_list":["post-225769","post","type-post","status-publish","format-standard","has-post-thumbnail","category-europa","tag-ac-milan","tag-eu","tag-europa","tag-europa-liga","tag-europe","tag-ferencvaros","tag-fradi","tag-ftc","tag-hungarian","tag-juventus","tag-kulfoldi-foci","tag-labdarugas","tag-magyar","tag-sport","tag-uefa"],"share_on_mastodon":{"url":"https:\/\/pubeurope.com\/@hu\/117181030706968062","error":""},"_links":{"self":[{"href":"https:\/\/www.europesays.com\/hu\/wp-json\/wp\/v2\/posts\/225769","targetHints":{"allow":["GET"]}}],"collection":[{"href":"https:\/\/www.europesays.com\/hu\/wp-json\/wp\/v2\/posts"}],"about":[{"href":"https:\/\/www.europesays.com\/hu\/wp-json\/wp\/v2\/types\/post"}],"author":[{"embeddable":true,"href":"https:\/\/www.europesays.com\/hu\/wp-json\/wp\/v2\/users\/2"}],"replies":[{"embeddable":true,"href":"https:\/\/www.europesays.com\/hu\/wp-json\/wp\/v2\/comments?post=225769"}],"version-history":[{"count":0,"href":"https:\/\/www.europesays.com\/hu\/wp-json\/wp\/v2\/posts\/225769\/revisions"}],"wp:featuredmedia":[{"embeddable":true,"href":"https:\/\/www.europesays.com\/hu\/wp-json\/wp\/v2\/media\/225770"}],"wp:attachment":[{"href":"https:\/\/www.europesays.com\/hu\/wp-json\/wp\/v2\/media?parent=225769"}],"wp:term":[{"taxonomy":"category","embeddable":true,"href":"https:\/\/www.europesays.com\/hu\/wp-json\/wp\/v2\/categories?post=225769"},{"taxonomy":"post_tag","embeddable":true,"href":"https:\/\/www.europesays.com\/hu\/wp-json\/wp\/v2\/tags?post=225769"}],"curies":[{"name":"wp","href":"https:\/\/api.w.org\/{rel}","templated":true}]}}