{"id":225793,"date":"2026-08-29T22:25:12","date_gmt":"2026-08-29T22:25:12","guid":{"rendered":"https:\/\/www.europesays.com\/hu\/225793\/"},"modified":"2026-08-29T22:25:12","modified_gmt":"2026-08-29T22:25:12","slug":"oroszorszag-bizonyara-nagyon-nem-orul-annak-hogy-a-hatalmas-repulogepuket-negy-ev-utan-sem-kaphatjak-vissza-a-kanadaiaktol","status":"publish","type":"post","link":"https:\/\/www.europesays.com\/hu\/225793\/","title":{"rendered":"Oroszorsz\u00e1g bizony\u00e1ra nagyon nem \u00f6r\u00fcl annak, hogy a hatalmas rep\u00fcl\u0151g\u00e9p\u00fcket n\u00e9gy \u00e9v ut\u00e1n sem kaphatj\u00e1k vissza a kanadaiakt\u00f3l"},"content":{"rendered":"<p>Egyel\u0151re biztosan nem emelkedik a leveg\u0151be az a hatalmas Antonov An\u2013124, amely t\u00f6bb mint n\u00e9gy \u00e9ve vesztegel a toront\u00f3i Pearson rep\u00fcl\u0151t\u00e9ren. A kanadai sz\u00f6vets\u00e9gi b\u00edr\u00f3s\u00e1g ugyanis elutas\u00edtotta az orosz Volga-Dnepr Airlines k\u00e9relm\u00e9t, amellyel a v\u00e1llalat a vele szemben fenntartott szankci\u00f3kat pr\u00f3b\u00e1lta megt\u00e1madni.<\/p>\n<p>                    <a href=\"https:\/\/news.google.com\/publications\/CAAqIggKIhxDQklTRHdnTWFnc0tDWEpoYTJWMFlTNW9kU2dBUAE\" target=\"_blank\" class=\"google-news\" rel=\"nofollow noopener\">Leg\u00fajabb cikkeink\u00e9rt k\u00f6vess minket a Rak\u00e9ta Google News oldal\u00e1n is!<\/a><\/p>\n<p class=\"isSelectedEnd\">A l\u00e9git\u00e1rsas\u00e1g azzal \u00e9rvelt, hogy 2018 \u00f3ta nem sz\u00e1ll\u00edtott katonai rakom\u00e1nyt, \u00e9s nem j\u00e1tszott szerepet Oroszorsz\u00e1g Ukrajna elleni h\u00e1bor\u00faj\u00e1ban. A kanadai korm\u00e1ny ezzel szemben azt \u00e1ll\u00edtja, hogy a v\u00e1llalat orosz \u00e1llami szerz\u0151d\u00e9sekb\u0151l \u00e9s t\u00e1mogat\u00e1sokb\u00f3l profit\u00e1lt, illetve hozz\u00e1j\u00e1rult a szankci\u00f3k kij\u00e1tsz\u00e1s\u00e1hoz.<\/p>\n<p class=\"isSelectedEnd\">A t\u00f6rt\u00e9net m\u00e9g 2022 febru\u00e1rj\u00e1ban kezd\u0151d\u00f6tt, amikor az An\u2013124 Toront\u00f3ba \u00e9rkezett K\u00edn\u00e1b\u00f3l, fed\u00e9lzet\u00e9n koronav\u00edrus-tesztekkel. Az Antonov ekkor m\u00e9g egyszer\u0171en egy munk\u00e1t teljes\u00edt\u0151 \u00f3ri\u00e1si tehersz\u00e1ll\u00edt\u00f3 rep\u00fcl\u0151g\u00e9p volt, \u00e1m k\u00f6zben Kanada lez\u00e1rta l\u00e9gter\u00e9t az orosz rep\u00fcl\u0151g\u00e9pek el\u0151tt. A g\u00e9p \u00edgy nem tudott tov\u00e1bbindulni, \u00e9s hossz\u00fa id\u0151re a rep\u00fcl\u0151t\u00e9r betonja lett az otthona.<\/p>\n<p class=\"isSelectedEnd\">A helyzet 2023-ban v\u00e1lt m\u00e9g komolyabb\u00e1, amikor Kanada hivatalosan is lefoglalta a rep\u00fcl\u0151g\u00e9pet a szankci\u00f3s rendszer r\u00e9szek\u00e9nt. Az An\u2013124 az\u00f3ta is Toront\u00f3ban \u00e1ll, mik\u00f6zben a tulajdonjog\u00e1r\u00f3l \u00e9s a j\u00f6v\u0151j\u00e9r\u0151l t\u00f6bb jogi elj\u00e1r\u00e1s zajlik. Kanada kor\u00e1bban azt jelezte, hogy a g\u00e9pet ak\u00e1r Ukrajn\u00e1nak is \u00e1tadhatj\u00e1k, de ehhez a jogi folyamatokat le kell z\u00e1rni.<\/p>\n<p><a href=\"https:\/\/raketa.hu\/uploads\/2026\/08\/repcsi.jpg\" data-lightbox=\"raketa-gallery\" rel=\"nofollow noopener\" target=\"_blank\"><img decoding=\"async\" loading=\"lazy\" width=\"2000\" height=\"1252\" src=\"https:\/\/www.europesays.com\/hu\/wp-content\/uploads\/2026\/08\/repcsi-1200x751.jpg\" alt=\"\" autoclip=\"\"\/><\/a><\/p>\n<p class=\"isSelectedEnd\">A Volga-Dnepr mostani b\u00edr\u00f3s\u00e1gi pr\u00f3b\u00e1lkoz\u00e1sa nem j\u00e1rt sikerrel. A b\u00edr\u00f3s\u00e1g szerint a v\u00e1llalat nem tudta bizony\u00edtani, hogy a szankci\u00f3kr\u00f3l sz\u00f3l\u00f3 kanadai d\u00f6nt\u00e9s \u00e9sszer\u0171tlen vagy elj\u00e1r\u00e1si szempontb\u00f3l hib\u00e1s lett volna.<\/p>\n<p class=\"isSelectedEnd\">Ez azt jelenti, hogy a szankci\u00f3k \u00e9rv\u00e9nyben maradnak, az An\u2013124 pedig tov\u00e1bbra sem ker\u00fclhet vissza szabadon az orosz \u00fczemeltet\u0151h\u00f6z. A v\u00e1llalat azonban nem adta fel: az \u00fcgy egy nemzetk\u00f6zi v\u00e1lasztottb\u00edr\u00f3s\u00e1gi elj\u00e1r\u00e1sban is folytat\u00f3dik.<\/p>\n<p>Ezek is \u00e9rdekelhetnek:<\/p>\n<p>    <a href=\"https:\/\/raketa.hu\/lassuk-mennyire-vagy-kepben-a-magyar-urkutatassal\" class=\"boxed_inside\" rel=\"nofollow noopener\" target=\"_blank\"><br \/>\n                    <img decoding=\"async\" class=\"boxed_inside__img\" loading=\"lazy\" src=\"https:\/\/www.europesays.com\/hu\/wp-content\/uploads\/2026\/08\/1788042309_821_Nevtelen-768x429.jpg\" width=\"768\" height=\"429\" alt=\"\"\/><\/p>\n<p>            Igaz vagy hamis? \u2013 l\u00e1ssuk, mennyire vagy k\u00e9pben a magyar \u0171rkutat\u00e1ssal<br \/>\n            Teszteld tud\u00e1sodat, \u00e9s der\u00edtsd ki, mennyire vagy otthon a magyar \u0171rkutat\u00e1s izgalmas vil\u00e1g\u00e1ban!<\/p>\n<p>    <\/a>\n<\/p>\n<p>    <a href=\"https:\/\/raketa.hu\/kviz-mennyire-ismered-az-emberi-agyat\" class=\"boxed_inside\" rel=\"nofollow noopener\" target=\"_blank\"><br \/>\n                    <img decoding=\"async\" class=\"boxed_inside__img\" loading=\"lazy\" src=\"https:\/\/www.europesays.com\/hu\/wp-content\/uploads\/2026\/08\/1788042310_479_agy2-768x379.jpg\" width=\"768\" height=\"379\" alt=\"\"\/><\/p>\n<p>            Kv\u00edz: mennyire ismered az emberi agyat?<br \/>\n            Igaz, hogy az agysejtek nem k\u00e9pesek regener\u00e1l\u00f3dni, vagy hogy az emberi agy m\u00e9rete az elm\u00falt t\u00edzezer \u00e9v alatt cs\u00f6kkent? \u00c9s azt tudod, hogy milyen maxim\u00e1lis sebess\u00e9ggel terjedhet az inform\u00e1ci\u00f3 az agy idegp\u00e1ly\u00e1in?<\/p>\n<p>    <\/a>\n<\/p>\n<p>    <a href=\"https:\/\/raketa.hu\/kviz-a-fekete-lyukakrol\" class=\"boxed_inside\" rel=\"nofollow noopener\" target=\"_blank\"><br \/>\n                    <img decoding=\"async\" class=\"boxed_inside__img\" loading=\"lazy\" src=\"https:\/\/www.europesays.com\/hu\/wp-content\/uploads\/2026\/08\/1788042311_358_feketelyuk2-768x432.jpg\" width=\"768\" height=\"432\" alt=\"\"\/><\/p>\n<p>            Kv\u00edz: mennyire ismered a fekete lyukak titokzatos vil\u00e1g\u00e1t?<br \/>\n            A fekete lyukak az univerzum legrejt\u00e9lyesebb objektumai k\u00f6z\u00e9 tartoznak, l\u00e1ssuk, te mennyit tudsz r\u00f3luk.<\/p>\n<p>    <\/a>\n<\/p>\n<p>    <a href=\"https:\/\/raketa.hu\/kviz-mennyire-ismered-a-fold-legszelsosegesebb-helyeit\" class=\"boxed_inside\" rel=\"nofollow noopener\" target=\"_blank\"><br \/>\n                    <img decoding=\"async\" class=\"boxed_inside__img\" loading=\"lazy\" src=\"https:\/\/www.europesays.com\/hu\/wp-content\/uploads\/2026\/08\/1788042312_631_fold-768x512.jpg\" width=\"768\" height=\"512\" alt=\"\"\/><\/p>\n<p>            Kv\u00edz: mennyire ismered a F\u00f6ld legsz\u00e9ls\u0151s\u00e9gesebb helyeit?<br \/>\n            Azt p\u00e9ld\u00e1ul tudod, hogy melyik a F\u00f6ld legmagasabb hegye, ha a teljes magass\u00e1g\u00e1t az alapt\u00f3l a cs\u00facsig m\u00e9rj\u00fck?<\/p>\n<p>    <\/a>\n<\/p>\n<p>(Forr\u00e1s: <a href=\"https:\/\/simpleflying.com\/antonov-an-124-toronto-sanction-challenge-rejected\/\" target=\"_blank\" rel=\"nofollow noopener\">Simple Flying<\/a>)<\/p>\n<p>                    <a href=\"https:\/\/www.google.com\/preferences\/source?q=raketa.hu\" class=\"google-prefer-btn\" rel=\"nofollow noopener\" target=\"_blank\">Itt \u00e1ll\u00edthatod be, hogy a Rak\u00e9ta az els\u0151k k\u00f6z\u00f6tt legyen a Google keres\u0151ben<\/a><\/p>\n<p>                                        <br class=\"clear\"\/><\/p>\n","protected":false},"excerpt":{"rendered":"Egyel\u0151re biztosan nem emelkedik a leveg\u0151be az a hatalmas Antonov An\u2013124, amely t\u00f6bb mint n\u00e9gy \u00e9ve vesztegel a&hellip;\n","protected":false},"author":2,"featured_media":225794,"comment_status":"","ping_status":"","sticky":false,"template":"","format":"standard","meta":{"footnotes":"","_share_on_mastodon":"0"},"categories":[8],"tags":[40544,42,1889,43,34,627,102,60173,1145,58,94,58986,93,92],"class_list":["post-225793","post","type-post","status-publish","format-standard","has-post-thumbnail","category-vilag","tag-an-124","tag-hungarian","tag-kanada","tag-magyar","tag-news","tag-orosz-ukran-haboru","tag-oroszorszag","tag-pearson-repuloter","tag-szankciok","tag-ukrajna","tag-vilag","tag-volga-dnepr-airlines","tag-world","tag-world-news"],"share_on_mastodon":{"url":"https:\/\/pubeurope.com\/@hu\/117181149012617245","error":""},"_links":{"self":[{"href":"https:\/\/www.europesays.com\/hu\/wp-json\/wp\/v2\/posts\/225793","targetHints":{"allow":["GET"]}}],"collection":[{"href":"https:\/\/www.europesays.com\/hu\/wp-json\/wp\/v2\/posts"}],"about":[{"href":"https:\/\/www.europesays.com\/hu\/wp-json\/wp\/v2\/types\/post"}],"author":[{"embeddable":true,"href":"https:\/\/www.europesays.com\/hu\/wp-json\/wp\/v2\/users\/2"}],"replies":[{"embeddable":true,"href":"https:\/\/www.europesays.com\/hu\/wp-json\/wp\/v2\/comments?post=225793"}],"version-history":[{"count":0,"href":"https:\/\/www.europesays.com\/hu\/wp-json\/wp\/v2\/posts\/225793\/revisions"}],"wp:featuredmedia":[{"embeddable":true,"href":"https:\/\/www.europesays.com\/hu\/wp-json\/wp\/v2\/media\/225794"}],"wp:attachment":[{"href":"https:\/\/www.europesays.com\/hu\/wp-json\/wp\/v2\/media?parent=225793"}],"wp:term":[{"taxonomy":"category","embeddable":true,"href":"https:\/\/www.europesays.com\/hu\/wp-json\/wp\/v2\/categories?post=225793"},{"taxonomy":"post_tag","embeddable":true,"href":"https:\/\/www.europesays.com\/hu\/wp-json\/wp\/v2\/tags?post=225793"}],"curies":[{"name":"wp","href":"https:\/\/api.w.org\/{rel}","templated":true}]}}