{"id":225833,"date":"2026-08-29T23:31:20","date_gmt":"2026-08-29T23:31:20","guid":{"rendered":"https:\/\/www.europesays.com\/hu\/225833\/"},"modified":"2026-08-29T23:31:20","modified_gmt":"2026-08-29T23:31:20","slug":"az-este-amikor-szalah-sem-hitt-a-szemenek-igy-gazolt-at-az-ftc-a-trabzonsporon","status":"publish","type":"post","link":"https:\/\/www.europesays.com\/hu\/225833\/","title":{"rendered":"Az este, amikor Szalah sem hitt a szem\u00e9nek: \u00edgy g\u00e1zolt \u00e1t az FTC a Trabzonsporon"},"content":{"rendered":"<p>\t\t\t\t\t\t\tA Ferencv\u00e1ros onnant\u00f3l kezdve, hogy emberel\u0151nybe ker\u00fclt a visszav\u00e1g\u00f3n, <a href=\"https:\/\/24.hu\/sport\/foci\/2026\/08\/27\/europa-liga-selejtezo-ferencvaros-trabzonspor\/\" rel=\"nofollow noopener\" target=\"_blank\">f\u00f6ldbe d\u00f6ng\u00f6lte<\/a> a meccset v\u00e9g\u00fcl kilenc emberrel befejez\u0151 t\u00f6r\u00f6k riv\u00e1lis\u00e1t \u00e9s kett\u0151s gy\u0151zelemmel, 5-0-s \u00f6sszes\u00edt\u00e9ssel jutott f\u0151t\u00e1bl\u00e1ra az Eur\u00f3pa Lig\u00e1ban. A Trabzonspor egyiptomi szt\u00e1rja, Mohamed Szalah sem tudott seg\u00edteni csapat\u00e1n. Gal\u00e9ria.\t\t\t\t\t\t<\/p>\n","protected":false},"excerpt":{"rendered":"A Ferencv\u00e1ros onnant\u00f3l kezdve, hogy emberel\u0151nybe ker\u00fclt a visszav\u00e1g\u00f3n, f\u00f6ldbe d\u00f6ng\u00f6lte a meccset v\u00e9g\u00fcl kilenc emberrel befejez\u0151 t\u00f6r\u00f6k&hellip;\n","protected":false},"author":2,"featured_media":225834,"comment_status":"","ping_status":"","sticky":false,"template":"","format":"standard","meta":{"footnotes":"","_share_on_mastodon":"0"},"categories":[14],"tags":[47,46,44,42,40,502,43,41,45,131],"class_list":["post-225833","post","type-post","status-publish","format-standard","has-post-thumbnail","category-sport","tag-europa-liga","tag-ferencvaros","tag-hu","tag-hungarian","tag-hungary","tag-labdarugas","tag-magyar","tag-magyarorszag","tag-sport","tag-sports"],"share_on_mastodon":{"url":"https:\/\/pubeurope.com\/@hu\/117181407807256931","error":""},"_links":{"self":[{"href":"https:\/\/www.europesays.com\/hu\/wp-json\/wp\/v2\/posts\/225833","targetHints":{"allow":["GET"]}}],"collection":[{"href":"https:\/\/www.europesays.com\/hu\/wp-json\/wp\/v2\/posts"}],"about":[{"href":"https:\/\/www.europesays.com\/hu\/wp-json\/wp\/v2\/types\/post"}],"author":[{"embeddable":true,"href":"https:\/\/www.europesays.com\/hu\/wp-json\/wp\/v2\/users\/2"}],"replies":[{"embeddable":true,"href":"https:\/\/www.europesays.com\/hu\/wp-json\/wp\/v2\/comments?post=225833"}],"version-history":[{"count":0,"href":"https:\/\/www.europesays.com\/hu\/wp-json\/wp\/v2\/posts\/225833\/revisions"}],"wp:featuredmedia":[{"embeddable":true,"href":"https:\/\/www.europesays.com\/hu\/wp-json\/wp\/v2\/media\/225834"}],"wp:attachment":[{"href":"https:\/\/www.europesays.com\/hu\/wp-json\/wp\/v2\/media?parent=225833"}],"wp:term":[{"taxonomy":"category","embeddable":true,"href":"https:\/\/www.europesays.com\/hu\/wp-json\/wp\/v2\/categories?post=225833"},{"taxonomy":"post_tag","embeddable":true,"href":"https:\/\/www.europesays.com\/hu\/wp-json\/wp\/v2\/tags?post=225833"}],"curies":[{"name":"wp","href":"https:\/\/api.w.org\/{rel}","templated":true}]}}