{"id":225847,"date":"2026-08-29T23:51:16","date_gmt":"2026-08-29T23:51:16","guid":{"rendered":"https:\/\/www.europesays.com\/hu\/225847\/"},"modified":"2026-08-29T23:51:16","modified_gmt":"2026-08-29T23:51:16","slug":"a-legujabb-ertesulesek-szerint-a-cia-igazgatoja-azert-utazhatott-moszkvaba-hogy-lebeszelje-az-orosz-vezetest-a-balti-orszagok-elleni-agressziv-lepesekrol","status":"publish","type":"post","link":"https:\/\/www.europesays.com\/hu\/225847\/","title":{"rendered":"A leg\u00fajabb \u00e9rtes\u00fcl\u00e9sek szerint a CIA igazgat\u00f3ja az\u00e9rt utazhatott Moszkv\u00e1ba, hogy lebesz\u00e9lje az orosz vezet\u00e9st a balti orsz\u00e1gok elleni agressz\u00edv l\u00e9p\u00e9sekr\u0151l"},"content":{"rendered":"<p>John Ratcliffe, a CIA igazgat\u00f3ja el\u0151zetes bejelent\u00e9s n\u00e9lk\u00fcl utazott Moszkv\u00e1ba, ahol az orosz vezet\u00e9ssel t\u00e1rgyalt. A l\u00e1togat\u00e1s az\u00e9rt is figyelemre m\u00e9lt\u00f3, mert Donald Trump eln\u00f6ks\u00e9ge alatt ez volt az els\u0151 ismert moszkvai \u00fatja egy CIA-vezet\u0151nek. Az amerikai korm\u00e1ny csak ut\u00f3lag er\u0151s\u00edtette meg, hogy Ratcliffe val\u00f3ban Oroszorsz\u00e1gban j\u00e1rt, ami r\u00f6gt\u00f6n tal\u00e1lgat\u00e1sokat ind\u00edtott el a t\u00e1rgyal\u00e1sok c\u00e9lj\u00e1r\u00f3l.<\/p>\n<p>                    <a href=\"https:\/\/news.google.com\/publications\/CAAqIggKIhxDQklTRHdnTWFnc0tDWEpoYTJWMFlTNW9kU2dBUAE\" target=\"_blank\" class=\"google-news\" rel=\"nofollow noopener\">Leg\u00fajabb cikkeink\u00e9rt k\u00f6vess minket a Rak\u00e9ta Google News oldal\u00e1n is!<\/a><\/p>\n<p>Kor\u00e1bban t\u00f6bbf\u00e9le elm\u00e9let is napvil\u00e1got l\u00e1tott arr\u00f3l, mi \u00e1llhatott a CIA igazgat\u00f3j\u00e1nak moszkvai l\u00e1togat\u00e1sa m\u00f6g\u00f6tt.<\/p>\n<p>\u201eA keddi John Ratcliffe moszkvai l\u00e1togat\u00e1s\u00e1nak marg\u00f3j\u00e1ra. A sajt\u00f3ban az\u00f3ta is egyre durv\u00e1bb elm\u00e9letek jelennek meg arr\u00f3l, hogy pontosan mit is keresett a CIA vezet\u0151je az orosz f\u0151v\u00e1rosban. <a href=\"https:\/\/www.bloomberg.com\/news\/articles\/2026-08-26\/putin-moves-to-escalate-war-in-ukraine-with-talks-at-dead-end\" target=\"_blank\" rel=\"nofollow noopener\">A mai friss Bloomberg p\u00e9ld\u00e1ul m\u00e1r arr\u00f3l \u00edr<\/a>, hogy Putyin \u00fajra fontolgathatja a nukle\u00e1ris fegyverek bevet\u00e9s\u00e9t Ukrajn\u00e1ban, \u00e9s ezzel kapcsolatos lehetett Ratcliffe \u00fatja. (&#8230;) Az elm\u00falt 40 \u00e9vben mind\u00f6ssze hat alkalommal j\u00e1rt CIA-vezet\u0151 Oroszorsz\u00e1gban, \u00e9s akkor mindig nyom\u00f3s okok voltak a l\u00e1togat\u00e1sok m\u00f6g\u00f6tt\u201d \u2013 fogalmazott Bendarzsevszkij Anton k\u00fclpolitikai elemz\u0151, a posztszovjet t\u00e9rs\u00e9g szak\u00e9rt\u0151je szak\u00e9rt\u0151.<\/p>\n<p><a href=\"https:\/\/raketa.hu\/uploads\/2026\/08\/GettyImages-2264996920.jpg\" data-lightbox=\"raketa-gallery\" data-title=\"A moszkvai Kreml Szpasszkaja-torny\u00e1nak \u00f3r\u00e1ja a V\u00f6r\u00f6s t\u00e9r \u00e9p\u00fcleteivel \u00e9s utcai l\u00e1mp\u00e1kkal.\" rel=\"nofollow noopener\" target=\"_blank\"><img decoding=\"async\" loading=\"lazy\" src=\"https:\/\/www.europesays.com\/hu\/wp-content\/uploads\/2026\/08\/GettyImages-2264996920-1200x800.jpg\" width=\"2121\" height=\"1414\" alt=\"\" autoclip=\"\"\/><\/a><br \/>A moszkvai Kreml Szpasszkaja-torny\u00e1nak \u00f3r\u00e1ja a V\u00f6r\u00f6s t\u00e9r \u00e9p\u00fcleteivel \u00e9s utcai l\u00e1mp\u00e1kkal.<\/p>\n<p class=\"isSelectedEnd\">A Politico \u00e9rtes\u00fcl\u00e9sei szerint a CIA igazgat\u00f3ja vil\u00e1gos \u00fczenetet vitt Moszkv\u00e1ba: Oroszorsz\u00e1g ne terjessze ki az ukrajnai h\u00e1bor\u00fat a NATO tag\u00e1llamaira, k\u00fcl\u00f6n\u00f6sen a balti orsz\u00e1gokra.<\/p>\n<p class=\"isSelectedEnd\">\u00c9sztorsz\u00e1g, Lettorsz\u00e1g \u00e9s Litv\u00e1nia \u00edgy k\u00fcl\u00f6n\u00f6sen fontos szerepet kapott a megbesz\u00e9l\u00e9seken. Az ut\u00f3bbi hetekben ugyanis egyre t\u00f6bb fenyeget\u0151 \u00fczenet \u00e9rkezett Oroszorsz\u00e1g r\u00e9sz\u00e9r\u0151l az Ukrajn\u00e1t t\u00e1mogat\u00f3 NATO-orsz\u00e1gok fel\u00e9.<\/p>\n<p class=\"isSelectedEnd\">Washington att\u00f3l is tarthat, hogy Moszkva nem hagyom\u00e1nyos katonai eszk\u00f6z\u00f6kkel, hanem p\u00e9ld\u00e1ul kibert\u00e1mad\u00e1sokkal vagy szabot\u00e1zsakci\u00f3kkal pr\u00f3b\u00e1lhat nyom\u00e1st gyakorolni a NATO keleti tag\u00e1llamaira. Ennek az\u00e9rt lenne k\u00fcl\u00f6n\u00f6sen s\u00falyos k\u00f6vetkezm\u00e9nye, mert a NATO alapelve szerint egy tag\u00e1llam elleni fegyveres t\u00e1mad\u00e1s az eg\u00e9sz sz\u00f6vets\u00e9g elleni t\u00e1mad\u00e1snak sz\u00e1m\u00edt.<\/p>\n<p><a href=\"https:\/\/raketa.hu\/uploads\/2026\/08\/John-Ratcliffe.jpg\" data-lightbox=\"raketa-gallery\" data-title=\"John Ratcliffe, a CIA igazgat\u00f3ja\" rel=\"nofollow noopener\" target=\"_blank\"><img decoding=\"async\" loading=\"lazy\" src=\"https:\/\/www.europesays.com\/hu\/wp-content\/uploads\/2026\/08\/John-Ratcliffe-1200x799.jpg\" width=\"2000\" height=\"1332\" alt=\"\" autoclip=\"\"\/><\/a><br \/>John Ratcliffe, a CIA igazgat\u00f3ja<\/p>\n<p class=\"isSelectedEnd\">A t\u00e1rgyal\u00e1sokon nemcsak a NATO ker\u00fclt sz\u00f3ba. Ratcliffe arra is k\u00e9rte az orosz vezet\u00e9st, hogy m\u00e9rs\u00e9kelje Ir\u00e1n katonai \u00e9s gazdas\u00e1gi t\u00e1mogat\u00e1s\u00e1t. Az amerikaiak szerint Moszkva fegyverekkel, hadiipari technol\u00f3gi\u00e1val \u00e9s h\u00edrszerz\u00e9si inform\u00e1ci\u00f3kkal is seg\u00edtheti Teher\u00e1nt.<\/p>\n<p class=\"isSelectedEnd\">Donald Trump k\u00f6zben igyekezett visszafogni a l\u00e1togat\u00e1s jelent\u0151s\u00e9g\u00e9t, \u00e9s egy r\u00e1di\u00f3interj\u00faban f\u00e9lig rutinjelleg\u0171nek nevezte az utat. Azt ugyanakkor elismerte, hogy a l\u00e1togat\u00e1s egyik c\u00e9lja az ukrajnai h\u00e1bor\u00fa lez\u00e1r\u00e1s\u00e1nak el\u0151mozd\u00edt\u00e1sa volt. A CIA hivatalosan nem komment\u00e1lta a t\u00e1rgyal\u00e1sok r\u00e9szleteit.<\/p>\n<p>A Kreml k\u00e9s\u0151bb c\u00e1folta azokat a sajt\u00f3\u00e9rtes\u00fcl\u00e9seket, amelyek szerint Ratcliffe egy NATO-tag\u00e1llam elleni esetleges orosz t\u00e1mad\u00e1s miatt \u00e9rkezett volna Moszkv\u00e1ba. Dmitrij Peszkov szerint az err\u0151l sz\u00f3l\u00f3 t\u00f6rt\u00e9neteknek nincs k\u00f6z\u00fck Oroszorsz\u00e1g sz\u00e1nd\u00e9kaihoz. A t\u00e1rgyal\u00e1s t\u00e9nye azonban meger\u0151s\u00edt\u00e9st nyert: az orosz h\u00edrszerz\u00e9s vezet\u0151je szerint \u00e9rz\u00e9keny \u00fcgyekr\u0151l egyeztettek.<\/p>\n<p>Ezek is \u00e9rdekelhetnek:<\/p>\n<p>    <a href=\"https:\/\/raketa.hu\/lassuk-mennyire-vagy-kepben-a-magyar-urkutatassal\" class=\"boxed_inside\" rel=\"nofollow noopener\" target=\"_blank\"><br \/>\n                    <img decoding=\"async\" class=\"boxed_inside__img\" loading=\"lazy\" src=\"https:\/\/www.europesays.com\/hu\/wp-content\/uploads\/2026\/08\/1788047474_557_Nevtelen-768x429.jpg\" width=\"768\" height=\"429\" alt=\"\"\/><\/p>\n<p>            Igaz vagy hamis? \u2013 l\u00e1ssuk, mennyire vagy k\u00e9pben a magyar \u0171rkutat\u00e1ssal<br \/>\n            Teszteld tud\u00e1sodat, \u00e9s der\u00edtsd ki, mennyire vagy otthon a magyar \u0171rkutat\u00e1s izgalmas vil\u00e1g\u00e1ban!<\/p>\n<p>    <\/a>\n<\/p>\n<p>    <a href=\"https:\/\/raketa.hu\/kviz-mennyire-ismered-az-emberi-agyat\" class=\"boxed_inside\" rel=\"nofollow noopener\" target=\"_blank\"><br \/>\n                    <img decoding=\"async\" class=\"boxed_inside__img\" loading=\"lazy\" src=\"https:\/\/www.europesays.com\/hu\/wp-content\/uploads\/2026\/08\/1788047475_764_agy2-768x379.jpg\" width=\"768\" height=\"379\" alt=\"\"\/><\/p>\n<p>            Kv\u00edz: mennyire ismered az emberi agyat?<br \/>\n            Igaz, hogy az agysejtek nem k\u00e9pesek regener\u00e1l\u00f3dni, vagy hogy az emberi agy m\u00e9rete az elm\u00falt t\u00edzezer \u00e9v alatt cs\u00f6kkent? \u00c9s azt tudod, hogy milyen maxim\u00e1lis sebess\u00e9ggel terjedhet az inform\u00e1ci\u00f3 az agy idegp\u00e1ly\u00e1in?<\/p>\n<p>    <\/a>\n<\/p>\n<p>    <a href=\"https:\/\/raketa.hu\/kviz-a-fekete-lyukakrol\" class=\"boxed_inside\" rel=\"nofollow noopener\" target=\"_blank\"><br \/>\n                    <img decoding=\"async\" class=\"boxed_inside__img\" loading=\"lazy\" src=\"https:\/\/www.europesays.com\/hu\/wp-content\/uploads\/2026\/08\/1788047475_833_feketelyuk2-768x432.jpg\" width=\"768\" height=\"432\" alt=\"\"\/><\/p>\n<p>            Kv\u00edz: mennyire ismered a fekete lyukak titokzatos vil\u00e1g\u00e1t?<br \/>\n            A fekete lyukak az univerzum legrejt\u00e9lyesebb objektumai k\u00f6z\u00e9 tartoznak, l\u00e1ssuk, te mennyit tudsz r\u00f3luk.<\/p>\n<p>    <\/a>\n<\/p>\n<p>    <a href=\"https:\/\/raketa.hu\/kviz-mennyire-ismered-a-fold-legszelsosegesebb-helyeit\" class=\"boxed_inside\" rel=\"nofollow noopener\" target=\"_blank\"><br \/>\n                    <img decoding=\"async\" class=\"boxed_inside__img\" loading=\"lazy\" src=\"https:\/\/www.europesays.com\/hu\/wp-content\/uploads\/2026\/08\/1788047476_16_fold-768x512.jpg\" width=\"768\" height=\"512\" alt=\"\"\/><\/p>\n<p>            Kv\u00edz: mennyire ismered a F\u00f6ld legsz\u00e9ls\u0151s\u00e9gesebb helyeit?<br \/>\n            Azt p\u00e9ld\u00e1ul tudod, hogy melyik a F\u00f6ld legmagasabb hegye, ha a teljes magass\u00e1g\u00e1t az alapt\u00f3l a cs\u00facsig m\u00e9rj\u00fck?<\/p>\n<p>    <\/a>\n<\/p>\n<p>(Forr\u00e1s: <a href=\"https:\/\/www.facebook.com\/anton.bendarjevskiy\/posts\/pfbid034Pxy54UoUGC5T7wmo2GArMzivAA9xqqbUuCMegrRPvEweTsqBY83N7NZHfNAdxqYl\" target=\"_blank\" rel=\"nofollow noopener\">Anton Bendarjevskiy<\/a>, <a href=\"https:\/\/www.bloomberg.com\/news\/articles\/2026-08-26\/putin-moves-to-escalate-war-in-ukraine-with-talks-at-dead-end\" target=\"_blank\" rel=\"nofollow noopener\">Bloomberg<\/a>, <a href=\"https:\/\/www.politico.com\/news\/2026\/08\/26\/cia-russia-nato-moscow-ratcliffe-01051848\" target=\"_blank\" rel=\"nofollow noopener\">Politico<\/a>)<\/p>\n<p>                    <a href=\"https:\/\/www.google.com\/preferences\/source?q=raketa.hu\" class=\"google-prefer-btn\" rel=\"nofollow noopener\" target=\"_blank\">Itt \u00e1ll\u00edthatod be, hogy a Rak\u00e9ta az els\u0151k k\u00f6z\u00f6tt legyen a Google keres\u0151ben<\/a><\/p>\n<p>                                        <br class=\"clear\"\/><\/p>\n","protected":false},"excerpt":{"rendered":"John Ratcliffe, a CIA igazgat\u00f3ja el\u0151zetes bejelent\u00e9s n\u00e9lk\u00fcl utazott Moszkv\u00e1ba, ahol az orosz vezet\u00e9ssel t\u00e1rgyalt. A l\u00e1togat\u00e1s az\u00e9rt&hellip;\n","protected":false},"author":2,"featured_media":225848,"comment_status":"","ping_status":"","sticky":false,"template":"","format":"standard","meta":{"footnotes":"","_share_on_mastodon":"0"},"categories":[33],"tags":[2410,25609,5796,568,38,35,37,44,42,40,59243,43,41,848,34,102,36,58,39,67],"class_list":["post-225847","post","type-post","status-publish","format-standard","has-post-thumbnail","category-hirek","tag-amerikai-egyesult-allamok","tag-baltikum","tag-cia","tag-feher-haz","tag-focimek","tag-headlines","tag-hirek","tag-hu","tag-hungarian","tag-hungary","tag-john-ratcliffe","tag-magyar","tag-magyarorszag","tag-moszkva","tag-news","tag-oroszorszag","tag-top-stories","tag-ukrajna","tag-vezeto-hirek","tag-washington"],"share_on_mastodon":{"url":"https:\/\/pubeurope.com\/@hu\/117181486459054541","error":""},"_links":{"self":[{"href":"https:\/\/www.europesays.com\/hu\/wp-json\/wp\/v2\/posts\/225847","targetHints":{"allow":["GET"]}}],"collection":[{"href":"https:\/\/www.europesays.com\/hu\/wp-json\/wp\/v2\/posts"}],"about":[{"href":"https:\/\/www.europesays.com\/hu\/wp-json\/wp\/v2\/types\/post"}],"author":[{"embeddable":true,"href":"https:\/\/www.europesays.com\/hu\/wp-json\/wp\/v2\/users\/2"}],"replies":[{"embeddable":true,"href":"https:\/\/www.europesays.com\/hu\/wp-json\/wp\/v2\/comments?post=225847"}],"version-history":[{"count":0,"href":"https:\/\/www.europesays.com\/hu\/wp-json\/wp\/v2\/posts\/225847\/revisions"}],"wp:featuredmedia":[{"embeddable":true,"href":"https:\/\/www.europesays.com\/hu\/wp-json\/wp\/v2\/media\/225848"}],"wp:attachment":[{"href":"https:\/\/www.europesays.com\/hu\/wp-json\/wp\/v2\/media?parent=225847"}],"wp:term":[{"taxonomy":"category","embeddable":true,"href":"https:\/\/www.europesays.com\/hu\/wp-json\/wp\/v2\/categories?post=225847"},{"taxonomy":"post_tag","embeddable":true,"href":"https:\/\/www.europesays.com\/hu\/wp-json\/wp\/v2\/tags?post=225847"}],"curies":[{"name":"wp","href":"https:\/\/api.w.org\/{rel}","templated":true}]}}