{"id":225897,"date":"2026-08-30T01:30:18","date_gmt":"2026-08-30T01:30:18","guid":{"rendered":"https:\/\/www.europesays.com\/hu\/225897\/"},"modified":"2026-08-30T01:30:18","modified_gmt":"2026-08-30T01:30:18","slug":"eletveszelyesen-megserult-egy-no-miutan-az-astorianal-osszeutkozott-egy-busz-es-egy-auto","status":"publish","type":"post","link":"https:\/\/www.europesays.com\/hu\/225897\/","title":{"rendered":"\u00c9letvesz\u00e9lyesen megs\u00e9r\u00fclt egy n\u0151, miut\u00e1n az Astori\u00e1n\u00e1l \u00f6ssze\u00fctk\u00f6z\u00f6tt egy busz \u00e9s egy aut\u00f3"},"content":{"rendered":"<p class=\"\">\n    Kilencen megs\u00e9r\u00fcltek, az egyik\u00fck \u00e9letvesz\u00e9lyesen, amikor egy aut\u00f3busz \u00f6ssze\u00fctk\u00f6z\u00f6tt egy szem\u00e9lyaut\u00f3val Budapesten, az Astori\u00e1n\u00e1l szombaton \u2013 \u00edrja az MTI.\n  <\/p>\n<p>    <a href=\"https:\/\/www.europesays.com\/hu\/wp-content\/uploads\/2026\/08\/8IFqMoorarCx1Ym12Ws.jpeg\" class=\"uwwrama _1chu0ywg _8b6bx65\" rel=\"nofollow\"><\/p>\n<p>  <img decoding=\"async\" loading=\"lazy\" src=\"https:\/\/www.europesays.com\/hu\/wp-content\/uploads\/2026\/08\/8IFqMoorarCx1Ym12Ws.jpeg\"   class=\"_672m2jd _1chu0ywo ta3a4c1ey ta3a4c1aa he2knv4 ta3a4c1ey ta3a4czs\" style=\"--_672m2j6:1.50;--_672m2j5:2560px 1707px\" alt=\"\"\/><\/p>\n<p>      <\/a><\/p>\n<p>\n              A k\u00e9p illusztr\u00e1ci\u00f3.<\/p>\n<p>\n              Fot\u00f3:<br \/>\n                Mehes Daniel\/Daniel &#8211; stock.adobe.com\n            <\/p>\n<p class=\"\">\n    Az Orsz\u00e1gos Ment\u0151szolg\u00e1lat azt \u00edrta, t\u00f6bb ment\u0151egys\u00e9ggel vonultak ki a balesethez. Egy k\u00f6z\u00e9pkor\u00fa n\u0151t s\u00falyos s\u00e9r\u00fcl\u00e9sekkel, \u00e9letvesz\u00e9lyes \u00e1llapotban sz\u00e1ll\u00edtottak k\u00f3rh\u00e1zba, tov\u00e1bbi nyolc embert, k\u00f6zt\u00fck k\u00e9t gyermeket pedig k\u00f6nnyebb s\u00e9r\u00fcl\u00e9sekkel.\n  <\/p>\n","protected":false},"excerpt":{"rendered":"Kilencen megs\u00e9r\u00fcltek, az egyik\u00fck \u00e9letvesz\u00e9lyesen, amikor egy aut\u00f3busz \u00f6ssze\u00fctk\u00f6z\u00f6tt egy szem\u00e9lyaut\u00f3val Budapesten, az Astori\u00e1n\u00e1l szombaton \u2013 \u00edrja az&hellip;\n","protected":false},"author":2,"featured_media":225898,"comment_status":"","ping_status":"","sticky":false,"template":"","format":"standard","meta":{"footnotes":"","_share_on_mastodon":"0"},"categories":[22],"tags":[5694,3402,469,73,44,42,40,43,41,468,25488,1499],"class_list":["post-225897","post","type-post","status-publish","format-standard","has-post-thumbnail","category-budapest","tag-astoria","tag-autobusz","tag-baleset","tag-budapest","tag-hu","tag-hungarian","tag-hungary","tag-magyar","tag-magyarorszag","tag-orszagos-mentoszolgalat","tag-szemelyauto","tag-utkozes"],"share_on_mastodon":{"url":"https:\/\/pubeurope.com\/@hu\/117181876022676581","error":""},"_links":{"self":[{"href":"https:\/\/www.europesays.com\/hu\/wp-json\/wp\/v2\/posts\/225897","targetHints":{"allow":["GET"]}}],"collection":[{"href":"https:\/\/www.europesays.com\/hu\/wp-json\/wp\/v2\/posts"}],"about":[{"href":"https:\/\/www.europesays.com\/hu\/wp-json\/wp\/v2\/types\/post"}],"author":[{"embeddable":true,"href":"https:\/\/www.europesays.com\/hu\/wp-json\/wp\/v2\/users\/2"}],"replies":[{"embeddable":true,"href":"https:\/\/www.europesays.com\/hu\/wp-json\/wp\/v2\/comments?post=225897"}],"version-history":[{"count":0,"href":"https:\/\/www.europesays.com\/hu\/wp-json\/wp\/v2\/posts\/225897\/revisions"}],"wp:featuredmedia":[{"embeddable":true,"href":"https:\/\/www.europesays.com\/hu\/wp-json\/wp\/v2\/media\/225898"}],"wp:attachment":[{"href":"https:\/\/www.europesays.com\/hu\/wp-json\/wp\/v2\/media?parent=225897"}],"wp:term":[{"taxonomy":"category","embeddable":true,"href":"https:\/\/www.europesays.com\/hu\/wp-json\/wp\/v2\/categories?post=225897"},{"taxonomy":"post_tag","embeddable":true,"href":"https:\/\/www.europesays.com\/hu\/wp-json\/wp\/v2\/tags?post=225897"}],"curies":[{"name":"wp","href":"https:\/\/api.w.org\/{rel}","templated":true}]}}