{"id":225911,"date":"2026-08-30T02:08:09","date_gmt":"2026-08-30T02:08:09","guid":{"rendered":"https:\/\/www.europesays.com\/hu\/225911\/"},"modified":"2026-08-30T02:08:09","modified_gmt":"2026-08-30T02:08:09","slug":"skociaban-kezdi-nemetorszagban-zarja-az-el-alapszakaszt-a-ferencvaros","status":"publish","type":"post","link":"https:\/\/www.europesays.com\/hu\/225911\/","title":{"rendered":"Sk\u00f3ci\u00e1ban kezdi, N\u00e9metorsz\u00e1gban z\u00e1rja az EL-alapszakaszt a Ferencv\u00e1ros"},"content":{"rendered":"<p>A Fradi Szeptember 17-\u00e9n a sk\u00f3t Celtic FC otthon\u00e1ban kezdi \u00e9s janu\u00e1r 28-\u00e1n a n\u00e9met Hoffenheim otthon\u00e1ban z\u00e1rja majd a csoportk\u00f6rt. Olasz \u00e9lcsapatokkal is \u00f6sszecsap, a Juventusszal hazai p\u00e1ly\u00e1n, az AC Milannal idegenben j\u00e1tszik majd. Ellenfelei k\u00f6z\u00f6tt lesz m\u00e9g\u00a0a cseh Viktoria Plzen, a portug\u00e1l Torreense, a szlov\u00e9n NK Celje \u00e9s a lengyel Lech Poznan is.<\/p>\n<p>A r\u00e1j\u00e1tsz\u00e1s p\u00e1rharcait febru\u00e1r 18-\u00e1n \u00e9s 25-\u00e9n rendezik, a nyolcadd\u00f6nt\u0151ket m\u00e1rcius 11-\u00e9n \u00e9s 18-\u00e1n, a negyedd\u00f6nt\u0151ket \u00e1prilis 8-\u00e1n \u00e9s 15-\u00e9n j\u00e1tssz\u00e1k, m\u00edg az el\u0151d\u00f6nt\u0151s m\u00e9rk\u0151z\u00e9sekre \u00e1prilis 29-\u00e9n \u00e9s m\u00e1jus 6-\u00e1n ker\u00fcl sor.<\/p>\n<p>\nAz FTC alapszakasz-menetrendje:\n<\/p>\n<p>szeptember 17., cs\u00fct\u00f6rt\u00f6k:\u00a0Celtic FC (sk\u00f3t)-Ferencv\u00e1rosi TC 21.00<\/p>\n<p>okt\u00f3ber 15., cs\u00fct\u00f6rt\u00f6k:\u00a0Ferencv\u00e1rosi TC-FC Viktoria Plzen (cseh) 21.00<\/p>\n<p>okt\u00f3ber 22., cs\u00fct\u00f6rt\u00f6k:\u00a0Ferencv\u00e1rosi TC-SCU Torreense (portug\u00e1l) 18.45<\/p>\n<p>november 5., cs\u00fct\u00f6rt\u00f6k:\u00a0AC Milan (olasz)-Ferencv\u00e1rosi TC 18.45<\/p>\n<p>november 26., cs\u00fct\u00f6rt\u00f6k:\u00a0Ferencv\u00e1rosi TC-NK Celje (szlov\u00e9n) 21.00<\/p>\n<p>december 10., cs\u00fct\u00f6rt\u00f6k:\u00a0KKS Lech Poznan (lengyel)-Ferencv\u00e1rosi TC 21.00<\/p>\n<p>janu\u00e1r 21., cs\u00fct\u00f6rt\u00f6k:\u00a0Ferencv\u00e1rosi TC-Juventus (olasz) 18.45<\/p>\n<p>janu\u00e1r 28., cs\u00fct\u00f6rt\u00f6k:\u00a0TSG 1899 Hoffenheim (n\u00e9met)-Ferencv\u00e1rosi TC 21.00<\/p>\n","protected":false},"excerpt":{"rendered":"A Fradi Szeptember 17-\u00e9n a sk\u00f3t Celtic FC otthon\u00e1ban kezdi \u00e9s janu\u00e1r 28-\u00e1n a n\u00e9met Hoffenheim otthon\u00e1ban z\u00e1rja&hellip;\n","protected":false},"author":2,"featured_media":225912,"comment_status":"","ping_status":"","sticky":false,"template":"","format":"standard","meta":{"footnotes":"","_share_on_mastodon":"0"},"categories":[3],"tags":[107,106,47,105,46,378,377,500,42,502,43,45],"class_list":["post-225911","post","type-post","status-publish","format-standard","has-post-thumbnail","category-europa","tag-eu","tag-europa","tag-europa-liga","tag-europe","tag-ferencvaros","tag-foci","tag-fradi","tag-ftc","tag-hungarian","tag-labdarugas","tag-magyar","tag-sport"],"share_on_mastodon":{"url":"https:\/\/pubeurope.com\/@hu\/117182025104441115","error":""},"_links":{"self":[{"href":"https:\/\/www.europesays.com\/hu\/wp-json\/wp\/v2\/posts\/225911","targetHints":{"allow":["GET"]}}],"collection":[{"href":"https:\/\/www.europesays.com\/hu\/wp-json\/wp\/v2\/posts"}],"about":[{"href":"https:\/\/www.europesays.com\/hu\/wp-json\/wp\/v2\/types\/post"}],"author":[{"embeddable":true,"href":"https:\/\/www.europesays.com\/hu\/wp-json\/wp\/v2\/users\/2"}],"replies":[{"embeddable":true,"href":"https:\/\/www.europesays.com\/hu\/wp-json\/wp\/v2\/comments?post=225911"}],"version-history":[{"count":0,"href":"https:\/\/www.europesays.com\/hu\/wp-json\/wp\/v2\/posts\/225911\/revisions"}],"wp:featuredmedia":[{"embeddable":true,"href":"https:\/\/www.europesays.com\/hu\/wp-json\/wp\/v2\/media\/225912"}],"wp:attachment":[{"href":"https:\/\/www.europesays.com\/hu\/wp-json\/wp\/v2\/media?parent=225911"}],"wp:term":[{"taxonomy":"category","embeddable":true,"href":"https:\/\/www.europesays.com\/hu\/wp-json\/wp\/v2\/categories?post=225911"},{"taxonomy":"post_tag","embeddable":true,"href":"https:\/\/www.europesays.com\/hu\/wp-json\/wp\/v2\/tags?post=225911"}],"curies":[{"name":"wp","href":"https:\/\/api.w.org\/{rel}","templated":true}]}}