{"id":226113,"date":"2026-08-30T08:52:16","date_gmt":"2026-08-30T08:52:16","guid":{"rendered":"https:\/\/www.europesays.com\/hu\/226113\/"},"modified":"2026-08-30T08:52:16","modified_gmt":"2026-08-30T08:52:16","slug":"retro-radio-ma-lenne-68-eves-michael-jackson","status":"publish","type":"post","link":"https:\/\/www.europesays.com\/hu\/226113\/","title":{"rendered":"Retro R\u00e1di\u00f3 | Ma lenne 68 \u00e9ves Michael Jackson"},"content":{"rendered":"<p>Im\u00e1dt\u00e1k \u00e9s elutas\u00edtott\u00e1k \u2013 a Pop Kir\u00e1lya azonban kit\u00f6r\u00f6lhetetlen nyomot hagyott maga ut\u00e1n. Michael Jackson 1958. augusztus 29-\u00e9n sz\u00fcletett.<\/p>\n<p>                    \t<img decoding=\"async\" src=\"https:\/\/www.europesays.com\/hu\/wp-content\/uploads\/2026\/08\/Michael_Jackosn_1988_GettyImages-scaled.jpg\"\/><\/p>\n<p>Michael Jackson figyelemrem\u00e9lt\u00f3 karrierje sor\u00e1n 15 Grammy-d\u00edjat nyert, k\u00f6zt\u00fck a Grammy Legend Awardot \u00e9s\u00a0 Grammy-\u00e9letm\u0171d\u00edjat. 1 milli\u00e1rd albumot adott el, 2 csillaga is van a Hollywoodi H\u00edress\u00e9gek S\u00e9t\u00e1ny\u00e1n, sz\u00e1mos Guinness-rekord f\u0171z\u0151dik a nev\u00e9hez, valamint k\u00e9tszer is beker\u00fclt a Rock &amp; Roll H\u00edress\u00e9gek Csarnok\u00e1ba \u2013 a The Jackson 5 tagjak\u00e9nt \u00e9s sz\u00f3l\u00f3 el\u0151ad\u00f3k\u00e9nt. Tagja a Dalszerz\u0151k H\u00edress\u00e9gek Csarnok\u00e1nak is, a \u201cThriller\u201d c\u00edm\u0171 korongja pedig minden id\u0151k legnagyobb p\u00e9ld\u00e1nysz\u00e1mban eladott albuma.<\/p>\n<p>Az utols\u00f3, bejelentett koncertjei, melyekkel 50. sz\u00fclet\u00e9snapj\u00e1t \u00fcnnepelte volna, soha nem val\u00f3sultak meg, de eml\u00e9kezetesek maradtak arr\u00f3l, hogy n\u00e9h\u00e1ny \u00f3r\u00e1n bel\u00fcl 1 milli\u00f3n v\u00e1s\u00e1roltak jegyet r\u00e1juk, \u00e9s Jackson hal\u00e1la ut\u00e1n csak egy ember v\u00e1ltotta vissza a jegy\u00e9t \u2013 mindenki m\u00e1s megtartotta\u2026<\/p>\n<p>\u00a0<\/p>\n<p>Fot\u00f3: \u00a0Jim Steinfeldt\/Michael Ochs Archives\/Getty Images<\/p>\n","protected":false},"excerpt":{"rendered":"Im\u00e1dt\u00e1k \u00e9s elutas\u00edtott\u00e1k \u2013 a Pop Kir\u00e1lya azonban kit\u00f6r\u00f6lhetetlen nyomot hagyott maga ut\u00e1n. Michael Jackson 1958. augusztus 29-\u00e9n&hellip;\n","protected":false},"author":2,"featured_media":226114,"comment_status":"","ping_status":"","sticky":false,"template":"","format":"standard","meta":{"footnotes":"","_share_on_mastodon":"0"},"categories":[21],"tags":[5735,5736,5737,5738,198,5740,137,5742,199,44,42,40,43,41,189,5739,840,5733,5734,2379,5741,138],"class_list":["post-226113","post","type-post","status-publish","format-standard","has-post-thumbnail","category-hiressegek","tag-60-as","tag-70-es","tag-80-as","tag-90-es","tag-celebrities","tag-dalok","tag-entertainment","tag-fm","tag-hiressegek","tag-hu","tag-hungarian","tag-hungary","tag-magyar","tag-magyarorszag","tag-radio","tag-regi","tag-retro","tag-retro-radio","tag-retroradio","tag-slager","tag-slagerek","tag-szorakozas"],"share_on_mastodon":{"url":"https:\/\/pubeurope.com\/@hu\/117183614202821210","error":""},"_links":{"self":[{"href":"https:\/\/www.europesays.com\/hu\/wp-json\/wp\/v2\/posts\/226113","targetHints":{"allow":["GET"]}}],"collection":[{"href":"https:\/\/www.europesays.com\/hu\/wp-json\/wp\/v2\/posts"}],"about":[{"href":"https:\/\/www.europesays.com\/hu\/wp-json\/wp\/v2\/types\/post"}],"author":[{"embeddable":true,"href":"https:\/\/www.europesays.com\/hu\/wp-json\/wp\/v2\/users\/2"}],"replies":[{"embeddable":true,"href":"https:\/\/www.europesays.com\/hu\/wp-json\/wp\/v2\/comments?post=226113"}],"version-history":[{"count":0,"href":"https:\/\/www.europesays.com\/hu\/wp-json\/wp\/v2\/posts\/226113\/revisions"}],"wp:featuredmedia":[{"embeddable":true,"href":"https:\/\/www.europesays.com\/hu\/wp-json\/wp\/v2\/media\/226114"}],"wp:attachment":[{"href":"https:\/\/www.europesays.com\/hu\/wp-json\/wp\/v2\/media?parent=226113"}],"wp:term":[{"taxonomy":"category","embeddable":true,"href":"https:\/\/www.europesays.com\/hu\/wp-json\/wp\/v2\/categories?post=226113"},{"taxonomy":"post_tag","embeddable":true,"href":"https:\/\/www.europesays.com\/hu\/wp-json\/wp\/v2\/tags?post=226113"}],"curies":[{"name":"wp","href":"https:\/\/api.w.org\/{rel}","templated":true}]}}