{"id":226125,"date":"2026-08-30T09:12:10","date_gmt":"2026-08-30T09:12:10","guid":{"rendered":"https:\/\/www.europesays.com\/hu\/226125\/"},"modified":"2026-08-30T09:12:10","modified_gmt":"2026-08-30T09:12:10","slug":"fradi-55-szoros-bajnok-vinne-a-vb-t-is-megjart-tamadot-igy-all-az-ugy","status":"publish","type":"post","link":"https:\/\/www.europesays.com\/hu\/226125\/","title":{"rendered":"Fradi: 55-sz\u00f6r\u00f6s bajnok vinn\u00e9 a vb-t is megj\u00e1rt t\u00e1mad\u00f3t &#8211; \u00edgy \u00e1ll az \u00fcgy"},"content":{"rendered":"<p>                    <a href=\"https:\/\/news.google.com\/publications\/CAAqJQgKIh9DQklTRVFnTWFnMEtDMk56WVd0bWIyTnBMbWgxS0FBUAE\" target=\"_blank\" class=\"google-news\" rel=\"nofollow noopener\">A legfrissebb h\u00edrek\u00e9rt k\u00f6vess minket a Csakfoci Google News oldal\u00e1n is!<\/a><\/p>\n<p>A <a href=\"https:\/\/www.footmercato.net\/a7794674221251318625-les-rangers-foncent-sur-lenny-joseph\" target=\"_blank\" rel=\"nofollow noopener\">Foot Mercato<\/a> inform\u00e1ci\u00f3i szerint a Ferencv\u00e1ros sz\u00edneiben az el\u0151z\u0151 id\u00e9nyben remek szezont fut\u00f3 Lenny Joseph ir\u00e1nt t\u00f6bb klub is \u00e9rdekl\u0151dik, k\u00f6zt\u00fck az 55-sz\u00f6r\u00f6s sk\u00f3t bajnok Rangers, amely komolyan figyeli a 25 \u00e9ves t\u00e1mad\u00f3t. \u00c1ll\u00edtj\u00e1k, a Fradi csak komoly \u00f6sszeg\u00e9rt v\u00e1lna meg Josepht\u0151l, \u00e9s 6 milli\u00f3 eur\u00f3t szeretne kapni \u00e9rte.<\/p>\n<p>A Fradi \u00e1tigazol\u00e1si h\u00edreiben rendre j\u00f3l \u00e9rtes\u00fclt <a href=\"https:\/\/ulloi129.hu\/2026\/08\/29\/a-rangers-erdeklodik-lenny-irant\/\" target=\"_blank\" rel=\"nofollow noopener\">ulloi129.hu<\/a> ugyanakkor \u00fagy tudja, hogy a z\u00f6ld-feh\u00e9rek nem t\u00e1rgyalnak a sk\u00f3t klubbal.<\/p>\n<p>Joseph egy \u00e9vvel ezel\u0151tt a Grenoble csapat\u00e1t\u00f3l igazolt a Ferencv\u00e1roshoz, \u00e9s r\u00f6vid id\u0151 alatt a magyar bajnoks\u00e1g egyik meghat\u00e1roz\u00f3 j\u00e1t\u00e9kos\u00e1v\u00e1 v\u00e1lt. J\u00faniusban bemutatkozott a haiti v\u00e1logatottban, az amerikai, kanadai, mexik\u00f3i k\u00f6z\u00f6s rendez\u00e9s\u0171 vil\u00e1gbajnoks\u00e1gon is p\u00e1ly\u00e1ra l\u00e9pett, \u00daj-Z\u00e9land ellen r\u00f6gt\u00f6n g\u00f3lt is szerzett a 4-0-s gy\u0151zelem alkalm\u00e1val.<\/p>\n<p>Joseph az el\u0151z\u0151 id\u00e9nyben a Bajnokok Lig\u00e1ja selejtez\u0151j\u00e9ben k\u00e9t g\u00f3lt szerzett, majd az Eur\u00f3pa-liga selejtez\u0151j\u00e9ben is k\u00e9tszer betal\u00e1lt. A mostani ki\u00edr\u00e1sban \u00fajabb n\u00e9gy g\u00f3lt jegyzett az Eur\u00f3pa-liga selejtez\u0151j\u00e9ben. Minden sorozatot figyelembe v\u00e9ve 16 g\u00f3llal \u00e9s 10 g\u00f3lpasszal z\u00e1rta az el\u0151z\u0151 id\u00e9nyt, szerz\u0151d\u00e9se pedig 2028-ig \u00e9rv\u00e9nyes.<\/p>\n","protected":false},"excerpt":{"rendered":"A legfrissebb h\u00edrek\u00e9rt k\u00f6vess minket a Csakfoci Google News oldal\u00e1n is! A Foot Mercato inform\u00e1ci\u00f3i szerint a Ferencv\u00e1ros&hellip;\n","protected":false},"author":2,"featured_media":226126,"comment_status":"","ping_status":"","sticky":false,"template":"","format":"standard","meta":{"footnotes":"","_share_on_mastodon":"0"},"categories":[14],"tags":[1069,46,377,500,44,42,40,6434,43,1067,41,1068,7285,45,131],"class_list":["post-226125","post","type-post","status-publish","format-standard","has-post-thumbnail","category-sport","tag-atigazolasok","tag-ferencvaros","tag-fradi","tag-ftc","tag-hu","tag-hungarian","tag-hungary","tag-lenny-joseph","tag-magyar","tag-magyar-foci","tag-magyarorszag","tag-nb-i","tag-rangers","tag-sport","tag-sports"],"share_on_mastodon":{"url":"https:\/\/pubeurope.com\/@hu\/117183692353315472","error":""},"_links":{"self":[{"href":"https:\/\/www.europesays.com\/hu\/wp-json\/wp\/v2\/posts\/226125","targetHints":{"allow":["GET"]}}],"collection":[{"href":"https:\/\/www.europesays.com\/hu\/wp-json\/wp\/v2\/posts"}],"about":[{"href":"https:\/\/www.europesays.com\/hu\/wp-json\/wp\/v2\/types\/post"}],"author":[{"embeddable":true,"href":"https:\/\/www.europesays.com\/hu\/wp-json\/wp\/v2\/users\/2"}],"replies":[{"embeddable":true,"href":"https:\/\/www.europesays.com\/hu\/wp-json\/wp\/v2\/comments?post=226125"}],"version-history":[{"count":0,"href":"https:\/\/www.europesays.com\/hu\/wp-json\/wp\/v2\/posts\/226125\/revisions"}],"wp:featuredmedia":[{"embeddable":true,"href":"https:\/\/www.europesays.com\/hu\/wp-json\/wp\/v2\/media\/226126"}],"wp:attachment":[{"href":"https:\/\/www.europesays.com\/hu\/wp-json\/wp\/v2\/media?parent=226125"}],"wp:term":[{"taxonomy":"category","embeddable":true,"href":"https:\/\/www.europesays.com\/hu\/wp-json\/wp\/v2\/categories?post=226125"},{"taxonomy":"post_tag","embeddable":true,"href":"https:\/\/www.europesays.com\/hu\/wp-json\/wp\/v2\/tags?post=226125"}],"curies":[{"name":"wp","href":"https:\/\/api.w.org\/{rel}","templated":true}]}}