{"id":226173,"date":"2026-08-30T10:02:11","date_gmt":"2026-08-30T10:02:11","guid":{"rendered":"https:\/\/www.europesays.com\/hu\/226173\/"},"modified":"2026-08-30T10:02:11","modified_gmt":"2026-08-30T10:02:11","slug":"tobb-kilometeres-dugok-alakultak-ki-az-autopalyakon","status":"publish","type":"post","link":"https:\/\/www.europesays.com\/hu\/226173\/","title":{"rendered":"T\u00f6bb kilom\u00e9teres dug\u00f3k alakultak ki az aut\u00f3p\u00e1ly\u00e1kon"},"content":{"rendered":"<p class=\"paragraph tracking-paragraph\">Az M5-\u00f6s aut\u00f3p\u00e1ly\u00e1n, Budapest ir\u00e1ny\u00e1ba, Lajosmizse t\u00e9rs\u00e9g\u00e9ben h\u00e1rom szem\u00e9lyg\u00e9pj\u00e1rm\u0171 \u00fctk\u00f6z\u00f6tt \u00f6ssze. <a href=\"https:\/\/www.blikk.hu\/aktualis\/belfold\/baleset-m1-autopalya-torlodas-dugo\/p3n8xt9\" id=\"a6af4021-f131-4721-9e86-e50157c9dd08\" rel=\"nofollow noopener\" target=\"_blank\">A baleset a 67-es kilom\u00e9tern\u00e9l t\u00f6rt\u00e9nt, ahol a s\u00e9r\u00fclt j\u00e1rm\u0171vek a bels\u0151 s\u00e1vot foglalj\u00e1k el<\/a>, \u00edgy a forgalom csak a k\u00fcls\u0151 s\u00e1vban haladhat. A torl\u00f3d\u00e1s hossza el\u00e9ri az 1-2 kilom\u00e9tert. Az M7-es aut\u00f3p\u00e1ly\u00e1n, szint\u00e9n Budapest fel\u00e9, Szabadbatty\u00e1n k\u00f6zel\u00e9ben egy lak\u00f3kocsit vontat\u00f3 aut\u00f3 \u00fctk\u00f6z\u00f6tt a k\u00fcls\u0151 szalagkorl\u00e1tnak. A 69-es kilom\u00e9tern\u00e9l emiatt lez\u00e1rt\u00e1k a k\u00fcls\u0151 \u00e9s a le\u00e1ll\u00f3s\u00e1vot, a baleset m\u00f6g\u00f6tt pedig m\u00e1r t\u00f6bb mint 5 kilom\u00e9teres torl\u00f3d\u00e1s alakult ki. Az aut\u00f3sokat arra k\u00e9rik, hogy a Polg\u00e1rdi csom\u00f3pontn\u00e1l t\u00e9rjenek le a 7-es f\u0151\u00fatra, ha tehetik, hogy elker\u00fclj\u00e9k a dug\u00f3t \u2013 tudatta az <a target=\"_blank\" href=\"https:\/\/www.utinform.hu\/hu\/news\/balesetek-torlodasok-rendkivuli-kozlekedesi-esemenyek?d=0\" id=\"e6b964f1-a9fa-443b-9ca1-4bc41918b559\" rel=\"nofollow noopener\">\u00datinform<\/a>.<\/p>\n<p>        B\u00e1tonytereny\u00e9n\u00e9l is karambol volt<\/p>\n<p class=\"paragraph tracking-paragraph\">A 21-es f\u0151\u00faton, B\u00e1tonyterenye belter\u00fclet\u00e9n k\u00e9t szem\u00e9lyg\u00e9pj\u00e1rm\u0171 \u00fctk\u00f6z\u00f6tt \u00f6ssze. A 44-es kilom\u00e9tern\u00e9l mindk\u00e9t ir\u00e1nyban lez\u00e1rt\u00e1k a bels\u0151 s\u00e1vokat, ami szint\u00e9n lass\u00edtja a forgalmat. P\u00e9csett, az 578-as f\u0151\u00faton, az \u00dcsz\u00f6gi \u00faton t\u00f6rt\u00e9nt baleset miatt a forgalom csak f\u00e9lp\u00e1ly\u00e1n haladhat az 1-es kilom\u00e9tern\u00e9l. <a href=\"https:\/\/www.blikk.hu\/aktualis\/belfold\/baleset-utepites-forgalom-torlodas-dugo\/lbpnvqx\" id=\"c4cbfb2c-60c9-47ec-89d2-02d85a14ae20\" rel=\"nofollow noopener\" target=\"_blank\">Az M60-as aut\u00f3p\u00e1ly\u00e1n, az M6-os ir\u00e1ny\u00e1ba, aszfaltoz\u00e1si munk\u00e1latok zajlanak<\/a> a Szederk\u00e9ny \u00e9s B\u00f3ly k\u00f6z\u00f6tti szakaszon. A 2-es \u00e9s az 5-\u00f6s kilom\u00e9ter k\u00f6z\u00f6tt lez\u00e1rt\u00e1k a k\u00fcls\u0151 \u00e9s a le\u00e1ll\u00f3s\u00e1vot, \u00edgy a forgalom kiz\u00e1r\u00f3lag a bels\u0151 s\u00e1vban haladhat. Az \u00e9rintett szakaszon a Szajki pihen\u0151hely sem haszn\u00e1lhat\u00f3.<\/p>\n<p>            Olvasta m\u00e1r?<\/p>\n<p>                    <img decoding=\"async\" class=\"rotate-180 dark:invert\" src=\"https:\/\/ocdn.eu\/ucs\/static\/blikkhu\/aed9c113d03b6ec1c6abc49772367636\/svg\/arrow-right.svg\" alt=\"el\u0151z\u0151\"\/><\/p>\n<p>                    <img decoding=\"async\" src=\"https:\/\/ocdn.eu\/ucs\/static\/blikkhu\/aed9c113d03b6ec1c6abc49772367636\/svg\/arrow-right.svg\" alt=\"k\u00f6vetkez\u0151\"\/><\/p>\n<p>        \u00c9p\u00edt\u00e9si munk\u00e1latok is lass\u00edtj\u00e1k a forgalmat<\/p>\n<p class=\"paragraph tracking-paragraph\">Az 52-es f\u0151\u00faton, F\u00fcl\u00f6psz\u00e1ll\u00e1s \u00e9s Solt k\u00f6z\u00f6tt t\u00f6bb szakaszon is \u00fat\u00e9p\u00edt\u00e9si munk\u00e1k zajlanak, amelyek miatt a f\u00e9l \u00fatp\u00e1ly\u00e1t lez\u00e1rt\u00e1k. <a href=\"https:\/\/www.blikk.hu\/auto\/m7-es-autopalya-balaton-baleset-torlodas-video\/0tqffns\" id=\"8115bce2-9ca5-4124-aeea-63555844aed3\" rel=\"nofollow noopener\" target=\"_blank\">Napk\u00f6zben itt is torl\u00f3d\u00e1sokra kell sz\u00e1m\u00edtani<\/a>. Kecskem\u00e9t nyugati hat\u00e1r\u00e1ban, a Kerekegyh\u00e1za-Izs\u00e1k keresztez\u0151d\u00e9sn\u00e9l \u00faj k\u00f6rforgalmat \u00e9p\u00edtenek, ami a 9-es kilom\u00e9tern\u00e9l okoz fennakad\u00e1st. A munk\u00e1latok idej\u00e9n mindk\u00e9t ir\u00e1nyban torl\u00f3d\u00e1sok v\u00e1rhat\u00f3k, k\u00fcl\u00f6n\u00f6sen a munkaid\u0151ben.<\/p>\n<p>        R\u00e9szleges \u00fczemsz\u00fcnetet hirdettek<\/p>\n<p class=\"paragraph tracking-paragraph\">A Magyar K\u00f6z\u00fat \u00datd\u00edj \u00dczlet\u00e1g bejelentette, hogy 2026. j\u00falius 1-t\u0151l r\u00e9szleges \u00fczemsz\u00fcnetet hirdet az M6-os aut\u00f3p\u00e1lya Iv\u00e1nd\u00e1rda \u00e9s az orsz\u00e1ghat\u00e1r k\u00f6z\u00f6tti szakasz\u00e1ra. Ez az int\u00e9zked\u00e9s azt jelenti, hogy az \u00e9rintett 2,5 kilom\u00e9teres \u00fatszakaszon a 3,5 tonn\u00e1n\u00e1l nehezebb <a target=\"_blank\" href=\"https:\/\/index.hu\/belfold\/2026\/08\/14\/autopaolya-forgalom-torlodas-dugo-m5-autopalya-roszke\/\" id=\"1ed2f560-bab2-42c5-867e-989656304fc6\" rel=\"nofollow noopener\">j\u00e1rm\u0171vek<\/a> eset\u00e9ben nem lesz sz\u00fcks\u00e9g \u00fatd\u00edj bevall\u00e1s\u00e1ra sem viszonylati jeggyel, sem fed\u00e9lzeti eszk\u00f6zzel. A HU-GO e-\u00fatd\u00edj-rendszerben k\u00f6zleked\u0151k sz\u00e1m\u00e1ra jelenleg nincs tov\u00e1bbi teend\u0151.<\/p>\n<p>            <a class=\"flex gap-2 px-[1px] tagArticleTemplate\"><br \/>\n                <img decoding=\"async\" class=\"shrink-0 object-cover aspect-square max-w-[134px] max-h-[134px] w-full\" src=\"\" alt=\"\"\/><\/p>\n<p>            <\/a><\/p>\n","protected":false},"excerpt":{"rendered":"Az M5-\u00f6s aut\u00f3p\u00e1ly\u00e1n, Budapest ir\u00e1ny\u00e1ba, Lajosmizse t\u00e9rs\u00e9g\u00e9ben h\u00e1rom szem\u00e9lyg\u00e9pj\u00e1rm\u0171 \u00fctk\u00f6z\u00f6tt \u00f6ssze. A baleset a 67-es kilom\u00e9tern\u00e9l t\u00f6rt\u00e9nt, ahol&hellip;\n","protected":false},"author":2,"featured_media":226174,"comment_status":"","ping_status":"","sticky":false,"template":"","format":"standard","meta":{"footnotes":"","_share_on_mastodon":"0"},"categories":[22],"tags":[73,21980,44,42,40,29220,28212,43,41,3738],"class_list":["post-226173","post","type-post","status-publish","format-standard","has-post-thumbnail","category-budapest","tag-budapest","tag-dugo","tag-hu","tag-hungarian","tag-hungary","tag-m5-autopalya","tag-m6-os-autopalya","tag-magyar","tag-magyarorszag","tag-torlodas"],"share_on_mastodon":{"url":"https:\/\/pubeurope.com\/@hu\/117183889528519954","error":""},"_links":{"self":[{"href":"https:\/\/www.europesays.com\/hu\/wp-json\/wp\/v2\/posts\/226173","targetHints":{"allow":["GET"]}}],"collection":[{"href":"https:\/\/www.europesays.com\/hu\/wp-json\/wp\/v2\/posts"}],"about":[{"href":"https:\/\/www.europesays.com\/hu\/wp-json\/wp\/v2\/types\/post"}],"author":[{"embeddable":true,"href":"https:\/\/www.europesays.com\/hu\/wp-json\/wp\/v2\/users\/2"}],"replies":[{"embeddable":true,"href":"https:\/\/www.europesays.com\/hu\/wp-json\/wp\/v2\/comments?post=226173"}],"version-history":[{"count":0,"href":"https:\/\/www.europesays.com\/hu\/wp-json\/wp\/v2\/posts\/226173\/revisions"}],"wp:featuredmedia":[{"embeddable":true,"href":"https:\/\/www.europesays.com\/hu\/wp-json\/wp\/v2\/media\/226174"}],"wp:attachment":[{"href":"https:\/\/www.europesays.com\/hu\/wp-json\/wp\/v2\/media?parent=226173"}],"wp:term":[{"taxonomy":"category","embeddable":true,"href":"https:\/\/www.europesays.com\/hu\/wp-json\/wp\/v2\/categories?post=226173"},{"taxonomy":"post_tag","embeddable":true,"href":"https:\/\/www.europesays.com\/hu\/wp-json\/wp\/v2\/tags?post=226173"}],"curies":[{"name":"wp","href":"https:\/\/api.w.org\/{rel}","templated":true}]}}